{"id":1475,"date":"2019-01-21T13:34:39","date_gmt":"2019-01-21T13:34:39","guid":{"rendered":"https:\/\/formacionejecutiva.com.ar\/empresas\/?p=1475"},"modified":"2019-01-22T02:34:17","modified_gmt":"2019-01-22T02:34:17","slug":"presentacion-del-libro-mediacion-organizacional","status":"publish","type":"post","link":"https:\/\/formacionejecutiva.com.ar\/empresas\/uncategorized\/presentacion-del-libro-mediacion-organizacional\/","title":{"rendered":"Presentaci\u00f3n del libro, Mediaci\u00f3n Organizacional"},"content":{"rendered":"<p>El dia 19 de Abril 2019 se llevara a cabo en le Salon de Actos de la Sociedad Argentina de Escritores la presentaci\u00f3n del libro Mediaci\u00f3n Organizacional \u00bf C\u00f3mo resolver los conflictos empresariales de manera efectiva y eficaz? Autora la Dra. Maria Gabriela Gonzalez Vendrell experta en resoluci\u00f3n de conflictos empresarios por medios no adversariales.<\/p>\n<p><img fetchpriority=\"high\" decoding=\"async\" class=\" wp-image-1460\" src=\"https:\/\/formacionejecutiva.com.ar\/empresas\/wp-content\/uploads\/2019\/01\/foto-evento-presentacion-libro-Mediaci\u00f3n-organizacional.jpg\" alt=\"\" width=\"727\" height=\"545\" srcset=\"https:\/\/formacionejecutiva.com.ar\/empresas\/wp-content\/uploads\/2019\/01\/foto-evento-presentacion-libro-Mediaci\u00f3n-organizacional.jpg 4608w, https:\/\/formacionejecutiva.com.ar\/empresas\/wp-content\/uploads\/2019\/01\/foto-evento-presentacion-libro-Mediaci\u00f3n-organizacional-300x225.jpg 300w, https:\/\/formacionejecutiva.com.ar\/empresas\/wp-content\/uploads\/2019\/01\/foto-evento-presentacion-libro-Mediaci\u00f3n-organizacional-768x576.jpg 768w, https:\/\/formacionejecutiva.com.ar\/empresas\/wp-content\/uploads\/2019\/01\/foto-evento-presentacion-libro-Mediaci\u00f3n-organizacional-1024x768.jpg 1024w\" sizes=\"(max-width: 727px) 100vw, 727px\" \/><\/p>\n","protected":false},"excerpt":{"rendered":"<p>El dia 19 de Abril 2019 se llevara a cabo en le Salon de Actos de la Sociedad Argentina de Escritores la presentaci\u00f3n del libro Mediaci\u00f3n Organizacional \u00bf C\u00f3mo resolver los conflictos empresariales de manera efectiva y eficaz? Autora la Dra. Maria Gabriela Gonzalez Vendrell experta en resoluci\u00f3n de conflictos empresarios por medios no adversariales.<\/p>\n","protected":false},"author":1,"featured_media":1460,"comment_status":"open","ping_status":"open","sticky":false,"template":"","format":"standard","meta":{"site-sidebar-layout":"default","site-content-layout":"default","ast-site-content-layout":"","site-content-style":"default","site-sidebar-style":"default","ast-global-header-display":"","ast-banner-title-visibility":"","ast-main-header-display":"","ast-hfb-above-header-display":"","ast-hfb-below-header-display":"","ast-hfb-mobile-header-display":"","site-post-title":"","ast-breadcrumbs-content":"","ast-featured-img":"","footer-sml-layout":"","theme-transparent-header-meta":"default","adv-header-id-meta":"","stick-header-meta":"","header-above-stick-meta":"","header-main-stick-meta":"","header-below-stick-meta":"","astra-migrate-meta-layouts":"default","ast-page-background-enabled":"default","ast-page-background-meta":{"desktop":{"background-color":"","background-image":"","background-repeat":"repeat","background-position":"center center","background-size":"auto","background-attachment":"scroll","background-type":"","background-media":"","overlay-type":"","overlay-color":"","overlay-opacity":"","overlay-gradient":""},"tablet":{"background-color":"","background-image":"","background-repeat":"repeat","background-position":"center center","background-size":"auto","background-attachment":"scroll","background-type":"","background-media":"","overlay-type":"","overlay-color":"","overlay-opacity":"","overlay-gradient":""},"mobile":{"background-color":"","background-image":"","background-repeat":"repeat","background-position":"center center","background-size":"auto","background-attachment":"scroll","background-type":"","background-media":"","overlay-type":"","overlay-color":"","overlay-opacity":"","overlay-gradient":""}},"ast-content-background-meta":{"desktop":{"background-color":"var(--ast-global-color-5)","background-image":"","background-repeat":"repeat","background-position":"center center","background-size":"auto","background-attachment":"scroll","background-type":"","background-media":"","overlay-type":"","overlay-color":"","overlay-opacity":"","overlay-gradient":""},"tablet":{"background-color":"var(--ast-global-color-5)","background-image":"","background-repeat":"repeat","background-position":"center center","background-size":"auto","background-attachment":"scroll","background-type":"","background-media":"","overlay-type":"","overlay-color":"","overlay-opacity":"","overlay-gradient":""},"mobile":{"background-color":"var(--ast-global-color-5)","background-image":"","background-repeat":"repeat","background-position":"center center","background-size":"auto","background-attachment":"scroll","background-type":"","background-media":"","overlay-type":"","overlay-color":"","overlay-opacity":"","overlay-gradient":""}},"_joinchat":[],"footnotes":""},"categories":[1],"tags":[],"class_list":["post-1475","post","type-post","status-publish","format-standard","has-post-thumbnail","hentry","category-uncategorized"],"yoast_head":"<!-- This site is optimized with the Yoast SEO plugin v23.5 - https:\/\/yoast.com\/wordpress\/plugins\/seo\/ -->\n<title>Presentaci\u00f3n del libro, Mediaci\u00f3n Organizacional - Formaci\u00f3n Ejecutiva<\/title>\n<meta name=\"robots\" content=\"index, follow, max-snippet:-1, max-image-preview:large, max-video-preview:-1\" \/>\n<link rel=\"canonical\" href=\"https:\/\/formacionejecutiva.com.ar\/empresas\/uncategorized\/presentacion-del-libro-mediacion-organizacional\/\" \/>\n<meta property=\"og:locale\" content=\"es_ES\" \/>\n<meta property=\"og:type\" content=\"article\" \/>\n<meta property=\"og:title\" content=\"Presentaci\u00f3n del libro, Mediaci\u00f3n Organizacional - Formaci\u00f3n Ejecutiva\" \/>\n<meta property=\"og:description\" content=\"El dia 19 de Abril 2019 se llevara a cabo en le Salon de Actos de la Sociedad Argentina de Escritores la presentaci\u00f3n del libro Mediaci\u00f3n Organizacional \u00bf C\u00f3mo resolver los conflictos empresariales de manera efectiva y eficaz? Autora la Dra. Maria Gabriela Gonzalez Vendrell experta en resoluci\u00f3n de conflictos empresarios por medios no adversariales.\" \/>\n<meta property=\"og:url\" content=\"https:\/\/formacionejecutiva.com.ar\/empresas\/uncategorized\/presentacion-del-libro-mediacion-organizacional\/\" \/>\n<meta property=\"og:site_name\" content=\"Formaci\u00f3n Ejecutiva\" \/>\n<meta property=\"article:published_time\" content=\"2019-01-21T13:34:39+00:00\" \/>\n<meta property=\"article:modified_time\" content=\"2019-01-22T02:34:17+00:00\" \/>\n<meta property=\"og:image\" content=\"https:\/\/formacionejecutiva.com.ar\/empresas\/wp-content\/uploads\/2019\/01\/foto-evento-presentacion-libro-Mediaci\u00f3n-organizacional.jpg\" \/>\n\t<meta property=\"og:image:width\" content=\"4608\" \/>\n\t<meta property=\"og:image:height\" content=\"3456\" \/>\n\t<meta property=\"og:image:type\" content=\"image\/jpeg\" \/>\n<meta name=\"author\" content=\"admin\" \/>\n<meta name=\"twitter:card\" content=\"summary_large_image\" \/>\n<meta name=\"twitter:label1\" content=\"Escrito por\" \/>\n\t<meta name=\"twitter:data1\" content=\"admin\" \/>\n<script type=\"application\/ld+json\" class=\"yoast-schema-graph\">{\"@context\":\"https:\/\/schema.org\",\"@graph\":[{\"@type\":\"Article\",\"@id\":\"https:\/\/formacionejecutiva.com.ar\/empresas\/uncategorized\/presentacion-del-libro-mediacion-organizacional\/#article\",\"isPartOf\":{\"@id\":\"https:\/\/formacionejecutiva.com.ar\/empresas\/uncategorized\/presentacion-del-libro-mediacion-organizacional\/\"},\"author\":{\"name\":\"admin\",\"@id\":\"https:\/\/formacionejecutiva.com.ar\/empresas\/#\/schema\/person\/e9a919289073c42ea6f6fd97b83b2f54\"},\"headline\":\"Presentaci\u00f3n del libro, Mediaci\u00f3n Organizacional\",\"datePublished\":\"2019-01-21T13:34:39+00:00\",\"dateModified\":\"2019-01-22T02:34:17+00:00\",\"mainEntityOfPage\":{\"@id\":\"https:\/\/formacionejecutiva.com.ar\/empresas\/uncategorized\/presentacion-del-libro-mediacion-organizacional\/\"},\"wordCount\":63,\"commentCount\":0,\"publisher\":{\"@id\":\"https:\/\/formacionejecutiva.com.ar\/empresas\/#organization\"},\"image\":{\"@id\":\"https:\/\/formacionejecutiva.com.ar\/empresas\/uncategorized\/presentacion-del-libro-mediacion-organizacional\/#primaryimage\"},\"thumbnailUrl\":\"https:\/\/formacionejecutiva.com.ar\/empresas\/wp-content\/uploads\/2019\/01\/foto-evento-presentacion-libro-Mediaci\u00f3n-organizacional.jpg\",\"articleSection\":[\"Uncategorized\"],\"inLanguage\":\"es\",\"potentialAction\":[{\"@type\":\"CommentAction\",\"name\":\"Comment\",\"target\":[\"https:\/\/formacionejecutiva.com.ar\/empresas\/uncategorized\/presentacion-del-libro-mediacion-organizacional\/#respond\"]}]},{\"@type\":\"WebPage\",\"@id\":\"https:\/\/formacionejecutiva.com.ar\/empresas\/uncategorized\/presentacion-del-libro-mediacion-organizacional\/\",\"url\":\"https:\/\/formacionejecutiva.com.ar\/empresas\/uncategorized\/presentacion-del-libro-mediacion-organizacional\/\",\"name\":\"Presentaci\u00f3n del libro, Mediaci\u00f3n Organizacional - Formaci\u00f3n Ejecutiva\",\"isPartOf\":{\"@id\":\"https:\/\/formacionejecutiva.com.ar\/empresas\/#website\"},\"primaryImageOfPage\":{\"@id\":\"https:\/\/formacionejecutiva.com.ar\/empresas\/uncategorized\/presentacion-del-libro-mediacion-organizacional\/#primaryimage\"},\"image\":{\"@id\":\"https:\/\/formacionejecutiva.com.ar\/empresas\/uncategorized\/presentacion-del-libro-mediacion-organizacional\/#primaryimage\"},\"thumbnailUrl\":\"https:\/\/formacionejecutiva.com.ar\/empresas\/wp-content\/uploads\/2019\/01\/foto-evento-presentacion-libro-Mediaci\u00f3n-organizacional.jpg\",\"datePublished\":\"2019-01-21T13:34:39+00:00\",\"dateModified\":\"2019-01-22T02:34:17+00:00\",\"breadcrumb\":{\"@id\":\"https:\/\/formacionejecutiva.com.ar\/empresas\/uncategorized\/presentacion-del-libro-mediacion-organizacional\/#breadcrumb\"},\"inLanguage\":\"es\",\"potentialAction\":[{\"@type\":\"ReadAction\",\"target\":[\"https:\/\/formacionejecutiva.com.ar\/empresas\/uncategorized\/presentacion-del-libro-mediacion-organizacional\/\"]}]},{\"@type\":\"ImageObject\",\"inLanguage\":\"es\",\"@id\":\"https:\/\/formacionejecutiva.com.ar\/empresas\/uncategorized\/presentacion-del-libro-mediacion-organizacional\/#primaryimage\",\"url\":\"https:\/\/formacionejecutiva.com.ar\/empresas\/wp-content\/uploads\/2019\/01\/foto-evento-presentacion-libro-Mediaci\u00f3n-organizacional.jpg\",\"contentUrl\":\"https:\/\/formacionejecutiva.com.ar\/empresas\/wp-content\/uploads\/2019\/01\/foto-evento-presentacion-libro-Mediaci\u00f3n-organizacional.jpg\",\"width\":4608,\"height\":3456,\"caption\":\"KODAK Digital Still Camera\"},{\"@type\":\"BreadcrumbList\",\"@id\":\"https:\/\/formacionejecutiva.com.ar\/empresas\/uncategorized\/presentacion-del-libro-mediacion-organizacional\/#breadcrumb\",\"itemListElement\":[{\"@type\":\"ListItem\",\"position\":1,\"name\":\"Portada\",\"item\":\"https:\/\/formacionejecutiva.com.ar\/empresas\/\"},{\"@type\":\"ListItem\",\"position\":2,\"name\":\"Presentaci\u00f3n del libro, Mediaci\u00f3n Organizacional\"}]},{\"@type\":\"WebSite\",\"@id\":\"https:\/\/formacionejecutiva.com.ar\/empresas\/#website\",\"url\":\"https:\/\/formacionejecutiva.com.ar\/empresas\/\",\"name\":\"Formaci\u00f3n Ejecutiva\",\"description\":\"Educaci\u00f3n para profesionales\",\"publisher\":{\"@id\":\"https:\/\/formacionejecutiva.com.ar\/empresas\/#organization\"},\"potentialAction\":[{\"@type\":\"SearchAction\",\"target\":{\"@type\":\"EntryPoint\",\"urlTemplate\":\"https:\/\/formacionejecutiva.com.ar\/empresas\/?s={search_term_string}\"},\"query-input\":{\"@type\":\"PropertyValueSpecification\",\"valueRequired\":true,\"valueName\":\"search_term_string\"}}],\"inLanguage\":\"es\"},{\"@type\":\"Organization\",\"@id\":\"https:\/\/formacionejecutiva.com.ar\/empresas\/#organization\",\"name\":\"Formaci\u00f3n Ejecutiva\",\"url\":\"https:\/\/formacionejecutiva.com.ar\/empresas\/\",\"logo\":{\"@type\":\"ImageObject\",\"inLanguage\":\"es\",\"@id\":\"https:\/\/formacionejecutiva.com.ar\/empresas\/#\/schema\/logo\/image\/\",\"url\":\"https:\/\/formacionejecutiva.com.ar\/empresas\/wp-content\/uploads\/2018\/12\/cropped-logo-empresas.png\",\"contentUrl\":\"https:\/\/formacionejecutiva.com.ar\/empresas\/wp-content\/uploads\/2018\/12\/cropped-logo-empresas.png\",\"width\":255,\"height\":85,\"caption\":\"Formaci\u00f3n Ejecutiva\"},\"image\":{\"@id\":\"https:\/\/formacionejecutiva.com.ar\/empresas\/#\/schema\/logo\/image\/\"}},{\"@type\":\"Person\",\"@id\":\"https:\/\/formacionejecutiva.com.ar\/empresas\/#\/schema\/person\/e9a919289073c42ea6f6fd97b83b2f54\",\"name\":\"admin\",\"image\":{\"@type\":\"ImageObject\",\"inLanguage\":\"es\",\"@id\":\"https:\/\/formacionejecutiva.com.ar\/empresas\/#\/schema\/person\/image\/\",\"url\":\"https:\/\/secure.gravatar.com\/avatar\/bda579e93c115119b8c43895ef407f41?s=96&d=mm&r=g\",\"contentUrl\":\"https:\/\/secure.gravatar.com\/avatar\/bda579e93c115119b8c43895ef407f41?s=96&d=mm&r=g\",\"caption\":\"admin\"},\"url\":\"https:\/\/formacionejecutiva.com.ar\/empresas\/author\/admin\/\"}]}<\/script>\n<!-- \/ Yoast SEO plugin. -->","yoast_head_json":{"title":"Presentaci\u00f3n del libro, Mediaci\u00f3n Organizacional - Formaci\u00f3n Ejecutiva","robots":{"index":"index","follow":"follow","max-snippet":"max-snippet:-1","max-image-preview":"max-image-preview:large","max-video-preview":"max-video-preview:-1"},"canonical":"https:\/\/formacionejecutiva.com.ar\/empresas\/uncategorized\/presentacion-del-libro-mediacion-organizacional\/","og_locale":"es_ES","og_type":"article","og_title":"Presentaci\u00f3n del libro, Mediaci\u00f3n Organizacional - Formaci\u00f3n Ejecutiva","og_description":"El dia 19 de Abril 2019 se llevara a cabo en le Salon de Actos de la Sociedad Argentina de Escritores la presentaci\u00f3n del libro Mediaci\u00f3n Organizacional \u00bf C\u00f3mo resolver los conflictos empresariales de manera efectiva y eficaz? Autora la Dra. Maria Gabriela Gonzalez Vendrell experta en resoluci\u00f3n de conflictos empresarios por medios no adversariales.","og_url":"https:\/\/formacionejecutiva.com.ar\/empresas\/uncategorized\/presentacion-del-libro-mediacion-organizacional\/","og_site_name":"Formaci\u00f3n Ejecutiva","article_published_time":"2019-01-21T13:34:39+00:00","article_modified_time":"2019-01-22T02:34:17+00:00","og_image":[{"width":4608,"height":3456,"url":"https:\/\/formacionejecutiva.com.ar\/empresas\/wp-content\/uploads\/2019\/01\/foto-evento-presentacion-libro-Mediaci\u00f3n-organizacional.jpg","type":"image\/jpeg"}],"author":"admin","twitter_card":"summary_large_image","twitter_misc":{"Escrito por":"admin"},"schema":{"@context":"https:\/\/schema.org","@graph":[{"@type":"Article","@id":"https:\/\/formacionejecutiva.com.ar\/empresas\/uncategorized\/presentacion-del-libro-mediacion-organizacional\/#article","isPartOf":{"@id":"https:\/\/formacionejecutiva.com.ar\/empresas\/uncategorized\/presentacion-del-libro-mediacion-organizacional\/"},"author":{"name":"admin","@id":"https:\/\/formacionejecutiva.com.ar\/empresas\/#\/schema\/person\/e9a919289073c42ea6f6fd97b83b2f54"},"headline":"Presentaci\u00f3n del libro, Mediaci\u00f3n Organizacional","datePublished":"2019-01-21T13:34:39+00:00","dateModified":"2019-01-22T02:34:17+00:00","mainEntityOfPage":{"@id":"https:\/\/formacionejecutiva.com.ar\/empresas\/uncategorized\/presentacion-del-libro-mediacion-organizacional\/"},"wordCount":63,"commentCount":0,"publisher":{"@id":"https:\/\/formacionejecutiva.com.ar\/empresas\/#organization"},"image":{"@id":"https:\/\/formacionejecutiva.com.ar\/empresas\/uncategorized\/presentacion-del-libro-mediacion-organizacional\/#primaryimage"},"thumbnailUrl":"https:\/\/formacionejecutiva.com.ar\/empresas\/wp-content\/uploads\/2019\/01\/foto-evento-presentacion-libro-Mediaci\u00f3n-organizacional.jpg","articleSection":["Uncategorized"],"inLanguage":"es","potentialAction":[{"@type":"CommentAction","name":"Comment","target":["https:\/\/formacionejecutiva.com.ar\/empresas\/uncategorized\/presentacion-del-libro-mediacion-organizacional\/#respond"]}]},{"@type":"WebPage","@id":"https:\/\/formacionejecutiva.com.ar\/empresas\/uncategorized\/presentacion-del-libro-mediacion-organizacional\/","url":"https:\/\/formacionejecutiva.com.ar\/empresas\/uncategorized\/presentacion-del-libro-mediacion-organizacional\/","name":"Presentaci\u00f3n del libro, Mediaci\u00f3n Organizacional - Formaci\u00f3n Ejecutiva","isPartOf":{"@id":"https:\/\/formacionejecutiva.com.ar\/empresas\/#website"},"primaryImageOfPage":{"@id":"https:\/\/formacionejecutiva.com.ar\/empresas\/uncategorized\/presentacion-del-libro-mediacion-organizacional\/#primaryimage"},"image":{"@id":"https:\/\/formacionejecutiva.com.ar\/empresas\/uncategorized\/presentacion-del-libro-mediacion-organizacional\/#primaryimage"},"thumbnailUrl":"https:\/\/formacionejecutiva.com.ar\/empresas\/wp-content\/uploads\/2019\/01\/foto-evento-presentacion-libro-Mediaci\u00f3n-organizacional.jpg","datePublished":"2019-01-21T13:34:39+00:00","dateModified":"2019-01-22T02:34:17+00:00","breadcrumb":{"@id":"https:\/\/formacionejecutiva.com.ar\/empresas\/uncategorized\/presentacion-del-libro-mediacion-organizacional\/#breadcrumb"},"inLanguage":"es","potentialAction":[{"@type":"ReadAction","target":["https:\/\/formacionejecutiva.com.ar\/empresas\/uncategorized\/presentacion-del-libro-mediacion-organizacional\/"]}]},{"@type":"ImageObject","inLanguage":"es","@id":"https:\/\/formacionejecutiva.com.ar\/empresas\/uncategorized\/presentacion-del-libro-mediacion-organizacional\/#primaryimage","url":"https:\/\/formacionejecutiva.com.ar\/empresas\/wp-content\/uploads\/2019\/01\/foto-evento-presentacion-libro-Mediaci\u00f3n-organizacional.jpg","contentUrl":"https:\/\/formacionejecutiva.com.ar\/empresas\/wp-content\/uploads\/2019\/01\/foto-evento-presentacion-libro-Mediaci\u00f3n-organizacional.jpg","width":4608,"height":3456,"caption":"KODAK Digital Still Camera"},{"@type":"BreadcrumbList","@id":"https:\/\/formacionejecutiva.com.ar\/empresas\/uncategorized\/presentacion-del-libro-mediacion-organizacional\/#breadcrumb","itemListElement":[{"@type":"ListItem","position":1,"name":"Portada","item":"https:\/\/formacionejecutiva.com.ar\/empresas\/"},{"@type":"ListItem","position":2,"name":"Presentaci\u00f3n del libro, Mediaci\u00f3n Organizacional"}]},{"@type":"WebSite","@id":"https:\/\/formacionejecutiva.com.ar\/empresas\/#website","url":"https:\/\/formacionejecutiva.com.ar\/empresas\/","name":"Formaci\u00f3n Ejecutiva","description":"Educaci\u00f3n para profesionales","publisher":{"@id":"https:\/\/formacionejecutiva.com.ar\/empresas\/#organization"},"potentialAction":[{"@type":"SearchAction","target":{"@type":"EntryPoint","urlTemplate":"https:\/\/formacionejecutiva.com.ar\/empresas\/?s={search_term_string}"},"query-input":{"@type":"PropertyValueSpecification","valueRequired":true,"valueName":"search_term_string"}}],"inLanguage":"es"},{"@type":"Organization","@id":"https:\/\/formacionejecutiva.com.ar\/empresas\/#organization","name":"Formaci\u00f3n Ejecutiva","url":"https:\/\/formacionejecutiva.com.ar\/empresas\/","logo":{"@type":"ImageObject","inLanguage":"es","@id":"https:\/\/formacionejecutiva.com.ar\/empresas\/#\/schema\/logo\/image\/","url":"https:\/\/formacionejecutiva.com.ar\/empresas\/wp-content\/uploads\/2018\/12\/cropped-logo-empresas.png","contentUrl":"https:\/\/formacionejecutiva.com.ar\/empresas\/wp-content\/uploads\/2018\/12\/cropped-logo-empresas.png","width":255,"height":85,"caption":"Formaci\u00f3n Ejecutiva"},"image":{"@id":"https:\/\/formacionejecutiva.com.ar\/empresas\/#\/schema\/logo\/image\/"}},{"@type":"Person","@id":"https:\/\/formacionejecutiva.com.ar\/empresas\/#\/schema\/person\/e9a919289073c42ea6f6fd97b83b2f54","name":"admin","image":{"@type":"ImageObject","inLanguage":"es","@id":"https:\/\/formacionejecutiva.com.ar\/empresas\/#\/schema\/person\/image\/","url":"https:\/\/secure.gravatar.com\/avatar\/bda579e93c115119b8c43895ef407f41?s=96&d=mm&r=g","contentUrl":"https:\/\/secure.gravatar.com\/avatar\/bda579e93c115119b8c43895ef407f41?s=96&d=mm&r=g","caption":"admin"},"url":"https:\/\/formacionejecutiva.com.ar\/empresas\/author\/admin\/"}]}},"_links":{"self":[{"href":"https:\/\/formacionejecutiva.com.ar\/empresas\/wp-json\/wp\/v2\/posts\/1475","targetHints":{"allow":["GET"]}}],"collection":[{"href":"https:\/\/formacionejecutiva.com.ar\/empresas\/wp-json\/wp\/v2\/posts"}],"about":[{"href":"https:\/\/formacionejecutiva.com.ar\/empresas\/wp-json\/wp\/v2\/types\/post"}],"author":[{"embeddable":true,"href":"https:\/\/formacionejecutiva.com.ar\/empresas\/wp-json\/wp\/v2\/users\/1"}],"replies":[{"embeddable":true,"href":"https:\/\/formacionejecutiva.com.ar\/empresas\/wp-json\/wp\/v2\/comments?post=1475"}],"version-history":[{"count":3,"href":"https:\/\/formacionejecutiva.com.ar\/empresas\/wp-json\/wp\/v2\/posts\/1475\/revisions"}],"predecessor-version":[{"id":1508,"href":"https:\/\/formacionejecutiva.com.ar\/empresas\/wp-json\/wp\/v2\/posts\/1475\/revisions\/1508"}],"wp:featuredmedia":[{"embeddable":true,"href":"https:\/\/formacionejecutiva.com.ar\/empresas\/wp-json\/wp\/v2\/media\/1460"}],"wp:attachment":[{"href":"https:\/\/formacionejecutiva.com.ar\/empresas\/wp-json\/wp\/v2\/media?parent=1475"}],"wp:term":[{"taxonomy":"category","embeddable":true,"href":"https:\/\/formacionejecutiva.com.ar\/empresas\/wp-json\/wp\/v2\/categories?post=1475"},{"taxonomy":"post_tag","embeddable":true,"href":"https:\/\/formacionejecutiva.com.ar\/empresas\/wp-json\/wp\/v2\/tags?post=1475"}],"curies":[{"name":"wp","href":"https:\/\/api.w.org\/{rel}","templated":true}]}}