{"id":1551,"date":"2019-08-02T20:00:54","date_gmt":"2019-08-02T20:00:54","guid":{"rendered":"https:\/\/formacionejecutiva.com.ar\/empresas\/?p=1551"},"modified":"2019-08-02T20:00:54","modified_gmt":"2019-08-02T20:00:54","slug":"bolivia-2019-asociacion-argentina-de-mediacion-interdisciplinaria","status":"publish","type":"post","link":"https:\/\/formacionejecutiva.com.ar\/empresas\/uncategorized\/bolivia-2019-asociacion-argentina-de-mediacion-interdisciplinaria\/","title":{"rendered":"Bolivia 2019 &#8211; Asociaci\u00f3n Argentina de Mediaci\u00f3n Interdisciplinaria"},"content":{"rendered":"<div class=\"\" data-block=\"true\" data-editor=\"hkjq\" data-offset-key=\"8d5fo-0-0\">\n<div class=\"_1mf _1mj\" data-offset-key=\"8d5fo-0-0\">\n<div class=\"\" data-block=\"true\" data-editor=\"hkjq\" data-offset-key=\"8d5fo-0-0\">\n<div class=\"_1mf _1mj\" data-offset-key=\"8d5fo-0-0\">\n<div class=\"\" data-block=\"true\" data-editor=\"hkjq\" data-offset-key=\"8d5fo-0-0\">\n<div class=\"_1mf _1mj\" data-offset-key=\"8d5fo-0-0\"><span data-offset-key=\"8d5fo-0-0\">-Organizado por la Asociaci\u00f3n Argentina de Mediaci\u00f3n Interdisciplinaria la Dra Gonz\u00e1lez Vendrell especialista en Mediaci\u00f3n Familiar y Mediaci\u00f3n penal viaj\u00f3 a las localidades: <\/span><\/div>\n<div data-offset-key=\"8d5fo-0-0\"><\/div>\n<div class=\"_1mf _1mj\" data-offset-key=\"8d5fo-0-0\"><span data-offset-key=\"8d5fo-0-0\">\ud835\udde6\ud835\uddee\ud835\uddfb\ud835\ude01\ud835\uddee-\ud835\uddf0\ud835\uddff\ud835\ude02\ud835\ude07 29 \ud835\uddf1\ud835\uddf2 \ud835\udddd\ud835\ude02\ud835\uddf9\ud835\uddf6\ud835\uddfc<\/span><\/div>\n<\/div>\n<div class=\"\" data-block=\"true\" data-editor=\"hkjq\" data-offset-key=\"ep7dm-0-0\">\n<div class=\"_1mf _1mj\" data-offset-key=\"ep7dm-0-0\"><span data-offset-key=\"ep7dm-0-0\">\ud835\uddd6\ud835\uddfc\ud835\uddf0\ud835\uddf5\ud835\uddee\ud835\uddef\ud835\uddee\ud835\uddfa\ud835\uddef\ud835\uddee 31 \ud835\uddf1\ud835\uddf2 \ud835\udddd\ud835\ude02\ud835\uddf9\ud835\uddf6\ud835\uddfc &#8211; 1 \ud835\uddf1\ud835\uddf2 \ud835\uddd4\ud835\uddf4\ud835\uddfc\ud835\ude00\ud835\ude01\ud835\uddfc<\/span><\/div>\n<\/div>\n<div class=\"\" data-block=\"true\" data-editor=\"hkjq\" data-offset-key=\"1ftj9-0-0\">\n<div class=\"_1mf _1mj\" data-offset-key=\"1ftj9-0-0\"><span data-offset-key=\"1ftj9-0-0\">\ud835\udddf\ud835\uddee \ud835\udde3\ud835\uddee\ud835\ude07 3 \ud835\uddf1\ud835\uddf2 \ud835\uddd4\ud835\uddf4\ud835\uddfc\ud835\ude00\ud835\ude01\ud835\uddfc<\/span><\/div>\n<div data-offset-key=\"1ftj9-0-0\"><\/div>\n<\/div>\n<div class=\"\" data-block=\"true\" data-editor=\"hkjq\" data-offset-key=\"c9451-0-0\">\n<div class=\"_1mf _1mj\" data-offset-key=\"c9451-0-0\"><span data-offset-key=\"c9451-0-0\">A capacitar en estas disciplinas a los conciliadores Bolivianos.<\/span><\/div>\n<div data-offset-key=\"c9451-0-0\"><\/div>\n<\/div>\n<\/div>\n<\/div>\n<div data-offset-key=\"c9451-0-0\">\u00a1Muchas gracias a todos!<\/div>\n<\/div>\n<\/div>\n<div data-offset-key=\"c9451-0-0\">\u00a0<img fetchpriority=\"high\" decoding=\"async\" class=\"size-medium wp-image-1559 aligncenter\" src=\"https:\/\/formacionejecutiva.com.ar\/empresas\/wp-content\/uploads\/2019\/08\/WhatsApp-Image-2019-08-02-at-08.49.15-1-300x225.jpeg\" alt=\"\" width=\"300\" height=\"225\" srcset=\"https:\/\/formacionejecutiva.com.ar\/empresas\/wp-content\/uploads\/2019\/08\/WhatsApp-Image-2019-08-02-at-08.49.15-1-300x225.jpeg 300w, https:\/\/formacionejecutiva.com.ar\/empresas\/wp-content\/uploads\/2019\/08\/WhatsApp-Image-2019-08-02-at-08.49.15-1-768x576.jpeg 768w, https:\/\/formacionejecutiva.com.ar\/empresas\/wp-content\/uploads\/2019\/08\/WhatsApp-Image-2019-08-02-at-08.49.15-1-1024x768.jpeg 1024w, https:\/\/formacionejecutiva.com.ar\/empresas\/wp-content\/uploads\/2019\/08\/WhatsApp-Image-2019-08-02-at-08.49.15-1.jpeg 1040w\" sizes=\"(max-width: 300px) 100vw, 300px\" \/><img decoding=\"async\" class=\"size-medium wp-image-1560 aligncenter\" style=\"font-style: inherit; font-weight: inherit;\" src=\"https:\/\/formacionejecutiva.com.ar\/empresas\/wp-content\/uploads\/2019\/08\/WhatsApp-Image-2019-07-29-at-20.49.30-2-1-300x225.jpeg\" alt=\"\" width=\"300\" height=\"225\" srcset=\"https:\/\/formacionejecutiva.com.ar\/empresas\/wp-content\/uploads\/2019\/08\/WhatsApp-Image-2019-07-29-at-20.49.30-2-1-300x225.jpeg 300w, https:\/\/formacionejecutiva.com.ar\/empresas\/wp-content\/uploads\/2019\/08\/WhatsApp-Image-2019-07-29-at-20.49.30-2-1-768x576.jpeg 768w, https:\/\/formacionejecutiva.com.ar\/empresas\/wp-content\/uploads\/2019\/08\/WhatsApp-Image-2019-07-29-at-20.49.30-2-1-1024x768.jpeg 1024w, https:\/\/formacionejecutiva.com.ar\/empresas\/wp-content\/uploads\/2019\/08\/WhatsApp-Image-2019-07-29-at-20.49.30-2-1.jpeg 1032w\" sizes=\"(max-width: 300px) 100vw, 300px\" \/> <img decoding=\"async\" class=\"size-medium wp-image-1561 aligncenter\" style=\"font-style: inherit; font-weight: inherit;\" src=\"https:\/\/formacionejecutiva.com.ar\/empresas\/wp-content\/uploads\/2019\/08\/WhatsApp-Image-2019-07-31-at-10.20.13-1-300x225.jpeg\" alt=\"\" width=\"300\" height=\"225\" srcset=\"https:\/\/formacionejecutiva.com.ar\/empresas\/wp-content\/uploads\/2019\/08\/WhatsApp-Image-2019-07-31-at-10.20.13-1-300x225.jpeg 300w, https:\/\/formacionejecutiva.com.ar\/empresas\/wp-content\/uploads\/2019\/08\/WhatsApp-Image-2019-07-31-at-10.20.13-1-768x576.jpeg 768w, https:\/\/formacionejecutiva.com.ar\/empresas\/wp-content\/uploads\/2019\/08\/WhatsApp-Image-2019-07-31-at-10.20.13-1-1024x768.jpeg 1024w, https:\/\/formacionejecutiva.com.ar\/empresas\/wp-content\/uploads\/2019\/08\/WhatsApp-Image-2019-07-31-at-10.20.13-1.jpeg 1040w\" sizes=\"(max-width: 300px) 100vw, 300px\" \/> <img loading=\"lazy\" decoding=\"async\" class=\"size-medium wp-image-1562 aligncenter\" style=\"font-style: inherit; font-weight: inherit;\" src=\"https:\/\/formacionejecutiva.com.ar\/empresas\/wp-content\/uploads\/2019\/08\/WhatsApp-Image-2019-08-01-at-10.15.53-1-300x225.jpeg\" alt=\"\" width=\"300\" height=\"225\" srcset=\"https:\/\/formacionejecutiva.com.ar\/empresas\/wp-content\/uploads\/2019\/08\/WhatsApp-Image-2019-08-01-at-10.15.53-1-300x225.jpeg 300w, https:\/\/formacionejecutiva.com.ar\/empresas\/wp-content\/uploads\/2019\/08\/WhatsApp-Image-2019-08-01-at-10.15.53-1-768x576.jpeg 768w, https:\/\/formacionejecutiva.com.ar\/empresas\/wp-content\/uploads\/2019\/08\/WhatsApp-Image-2019-08-01-at-10.15.53-1-1024x768.jpeg 1024w, https:\/\/formacionejecutiva.com.ar\/empresas\/wp-content\/uploads\/2019\/08\/WhatsApp-Image-2019-08-01-at-10.15.53-1.jpeg 1032w\" sizes=\"(max-width: 300px) 100vw, 300px\" \/> <img loading=\"lazy\" decoding=\"async\" class=\"size-medium wp-image-1563 aligncenter\" style=\"font-style: inherit; font-weight: inherit;\" src=\"https:\/\/formacionejecutiva.com.ar\/empresas\/wp-content\/uploads\/2019\/08\/WhatsApp-Image-2019-07-31-at-21.20.52-1-300x225.jpeg\" alt=\"\" width=\"300\" height=\"225\" srcset=\"https:\/\/formacionejecutiva.com.ar\/empresas\/wp-content\/uploads\/2019\/08\/WhatsApp-Image-2019-07-31-at-21.20.52-1-300x225.jpeg 300w, https:\/\/formacionejecutiva.com.ar\/empresas\/wp-content\/uploads\/2019\/08\/WhatsApp-Image-2019-07-31-at-21.20.52-1-768x576.jpeg 768w, https:\/\/formacionejecutiva.com.ar\/empresas\/wp-content\/uploads\/2019\/08\/WhatsApp-Image-2019-07-31-at-21.20.52-1-1024x768.jpeg 1024w, https:\/\/formacionejecutiva.com.ar\/empresas\/wp-content\/uploads\/2019\/08\/WhatsApp-Image-2019-07-31-at-21.20.52-1.jpeg 1040w\" sizes=\"(max-width: 300px) 100vw, 300px\" \/><\/div>\n","protected":false},"excerpt":{"rendered":"<p>-Organizado por la Asociaci\u00f3n Argentina de Mediaci\u00f3n Interdisciplinaria la Dra Gonz\u00e1lez Vendrell especialista en Mediaci\u00f3n Familiar y Mediaci\u00f3n penal viaj\u00f3 a las localidades: \ud835\udde6\ud835\uddee\ud835\uddfb\ud835\ude01\ud835\uddee-\ud835\uddf0\ud835\uddff\ud835\ude02\ud835\ude07 29 \ud835\uddf1\ud835\uddf2 \ud835\udddd\ud835\ude02\ud835\uddf9\ud835\uddf6\ud835\uddfc \ud835\uddd6\ud835\uddfc\ud835\uddf0\ud835\uddf5\ud835\uddee\ud835\uddef\ud835\uddee\ud835\uddfa\ud835\uddef\ud835\uddee 31 \ud835\uddf1\ud835\uddf2 \ud835\udddd\ud835\ude02\ud835\uddf9\ud835\uddf6\ud835\uddfc &#8211; 1 \ud835\uddf1\ud835\uddf2 \ud835\uddd4\ud835\uddf4\ud835\uddfc\ud835\ude00\ud835\ude01\ud835\uddfc \ud835\udddf\ud835\uddee \ud835\udde3\ud835\uddee\ud835\ude07 3 \ud835\uddf1\ud835\uddf2 \ud835\uddd4\ud835\uddf4\ud835\uddfc\ud835\ude00\ud835\ude01\ud835\uddfc A capacitar en estas disciplinas a los conciliadores Bolivianos. \u00a1Muchas gracias a todos! \u00a0<\/p>\n","protected":false},"author":2,"featured_media":1555,"comment_status":"open","ping_status":"open","sticky":false,"template":"","format":"standard","meta":{"site-sidebar-layout":"default","site-content-layout":"default","ast-site-content-layout":"","site-content-style":"default","site-sidebar-style":"default","ast-global-header-display":"","ast-banner-title-visibility":"","ast-main-header-display":"","ast-hfb-above-header-display":"","ast-hfb-below-header-display":"","ast-hfb-mobile-header-display":"","site-post-title":"","ast-breadcrumbs-content":"","ast-featured-img":"","footer-sml-layout":"","theme-transparent-header-meta":"default","adv-header-id-meta":"","stick-header-meta":"","header-above-stick-meta":"","header-main-stick-meta":"","header-below-stick-meta":"","astra-migrate-meta-layouts":"default","ast-page-background-enabled":"default","ast-page-background-meta":{"desktop":{"background-color":"","background-image":"","background-repeat":"repeat","background-position":"center center","background-size":"auto","background-attachment":"scroll","background-type":"","background-media":"","overlay-type":"","overlay-color":"","overlay-opacity":"","overlay-gradient":""},"tablet":{"background-color":"","background-image":"","background-repeat":"repeat","background-position":"center center","background-size":"auto","background-attachment":"scroll","background-type":"","background-media":"","overlay-type":"","overlay-color":"","overlay-opacity":"","overlay-gradient":""},"mobile":{"background-color":"","background-image":"","background-repeat":"repeat","background-position":"center center","background-size":"auto","background-attachment":"scroll","background-type":"","background-media":"","overlay-type":"","overlay-color":"","overlay-opacity":"","overlay-gradient":""}},"ast-content-background-meta":{"desktop":{"background-color":"var(--ast-global-color-5)","background-image":"","background-repeat":"repeat","background-position":"center center","background-size":"auto","background-attachment":"scroll","background-type":"","background-media":"","overlay-type":"","overlay-color":"","overlay-opacity":"","overlay-gradient":""},"tablet":{"background-color":"var(--ast-global-color-5)","background-image":"","background-repeat":"repeat","background-position":"center center","background-size":"auto","background-attachment":"scroll","background-type":"","background-media":"","overlay-type":"","overlay-color":"","overlay-opacity":"","overlay-gradient":""},"mobile":{"background-color":"var(--ast-global-color-5)","background-image":"","background-repeat":"repeat","background-position":"center center","background-size":"auto","background-attachment":"scroll","background-type":"","background-media":"","overlay-type":"","overlay-color":"","overlay-opacity":"","overlay-gradient":""}},"_joinchat":[],"footnotes":""},"categories":[1],"tags":[],"class_list":["post-1551","post","type-post","status-publish","format-standard","has-post-thumbnail","hentry","category-uncategorized"],"yoast_head":"<!-- This site is optimized with the Yoast SEO plugin v23.5 - https:\/\/yoast.com\/wordpress\/plugins\/seo\/ -->\n<title>Bolivia 2019 - Asociaci\u00f3n Argentina de Mediaci\u00f3n Interdisciplinaria - Formaci\u00f3n Ejecutiva<\/title>\n<meta name=\"robots\" content=\"index, follow, max-snippet:-1, max-image-preview:large, max-video-preview:-1\" \/>\n<link rel=\"canonical\" href=\"https:\/\/formacionejecutiva.com.ar\/empresas\/uncategorized\/bolivia-2019-asociacion-argentina-de-mediacion-interdisciplinaria\/\" \/>\n<meta property=\"og:locale\" content=\"es_ES\" \/>\n<meta property=\"og:type\" content=\"article\" \/>\n<meta property=\"og:title\" content=\"Bolivia 2019 - Asociaci\u00f3n Argentina de Mediaci\u00f3n Interdisciplinaria - Formaci\u00f3n Ejecutiva\" \/>\n<meta property=\"og:description\" content=\"-Organizado por la Asociaci\u00f3n Argentina de Mediaci\u00f3n Interdisciplinaria la Dra Gonz\u00e1lez Vendrell especialista en Mediaci\u00f3n Familiar y Mediaci\u00f3n penal viaj\u00f3 a las localidades: \ud835\udde6\ud835\uddee\ud835\uddfb\ud835\ude01\ud835\uddee-\ud835\uddf0\ud835\uddff\ud835\ude02\ud835\ude07 29 \ud835\uddf1\ud835\uddf2 \ud835\udddd\ud835\ude02\ud835\uddf9\ud835\uddf6\ud835\uddfc \ud835\uddd6\ud835\uddfc\ud835\uddf0\ud835\uddf5\ud835\uddee\ud835\uddef\ud835\uddee\ud835\uddfa\ud835\uddef\ud835\uddee 31 \ud835\uddf1\ud835\uddf2 \ud835\udddd\ud835\ude02\ud835\uddf9\ud835\uddf6\ud835\uddfc &#8211; 1 \ud835\uddf1\ud835\uddf2 \ud835\uddd4\ud835\uddf4\ud835\uddfc\ud835\ude00\ud835\ude01\ud835\uddfc \ud835\udddf\ud835\uddee \ud835\udde3\ud835\uddee\ud835\ude07 3 \ud835\uddf1\ud835\uddf2 \ud835\uddd4\ud835\uddf4\ud835\uddfc\ud835\ude00\ud835\ude01\ud835\uddfc A capacitar en estas disciplinas a los conciliadores Bolivianos. \u00a1Muchas gracias a todos! \u00a0\" \/>\n<meta property=\"og:url\" content=\"https:\/\/formacionejecutiva.com.ar\/empresas\/uncategorized\/bolivia-2019-asociacion-argentina-de-mediacion-interdisciplinaria\/\" \/>\n<meta property=\"og:site_name\" content=\"Formaci\u00f3n Ejecutiva\" \/>\n<meta property=\"article:published_time\" content=\"2019-08-02T20:00:54+00:00\" \/>\n<meta property=\"og:image\" content=\"https:\/\/formacionejecutiva.com.ar\/empresas\/wp-content\/uploads\/2019\/08\/WhatsApp-Image-2019-07-31-at-10.20.13.jpeg\" \/>\n\t<meta property=\"og:image:width\" content=\"1040\" \/>\n\t<meta property=\"og:image:height\" content=\"780\" \/>\n\t<meta property=\"og:image:type\" content=\"image\/jpeg\" \/>\n<meta name=\"author\" content=\"Luciana Grimaldi\" \/>\n<meta name=\"twitter:card\" content=\"summary_large_image\" \/>\n<meta name=\"twitter:label1\" content=\"Escrito por\" \/>\n\t<meta name=\"twitter:data1\" content=\"Luciana Grimaldi\" \/>\n<script type=\"application\/ld+json\" class=\"yoast-schema-graph\">{\"@context\":\"https:\/\/schema.org\",\"@graph\":[{\"@type\":\"Article\",\"@id\":\"https:\/\/formacionejecutiva.com.ar\/empresas\/uncategorized\/bolivia-2019-asociacion-argentina-de-mediacion-interdisciplinaria\/#article\",\"isPartOf\":{\"@id\":\"https:\/\/formacionejecutiva.com.ar\/empresas\/uncategorized\/bolivia-2019-asociacion-argentina-de-mediacion-interdisciplinaria\/\"},\"author\":{\"name\":\"Luciana Grimaldi\",\"@id\":\"https:\/\/formacionejecutiva.com.ar\/empresas\/#\/schema\/person\/6eaf70cf547635014936f1b71ebfad3c\"},\"headline\":\"Bolivia 2019 &#8211; Asociaci\u00f3n Argentina de Mediaci\u00f3n Interdisciplinaria\",\"datePublished\":\"2019-08-02T20:00:54+00:00\",\"dateModified\":\"2019-08-02T20:00:54+00:00\",\"mainEntityOfPage\":{\"@id\":\"https:\/\/formacionejecutiva.com.ar\/empresas\/uncategorized\/bolivia-2019-asociacion-argentina-de-mediacion-interdisciplinaria\/\"},\"wordCount\":52,\"commentCount\":0,\"publisher\":{\"@id\":\"https:\/\/formacionejecutiva.com.ar\/empresas\/#organization\"},\"image\":{\"@id\":\"https:\/\/formacionejecutiva.com.ar\/empresas\/uncategorized\/bolivia-2019-asociacion-argentina-de-mediacion-interdisciplinaria\/#primaryimage\"},\"thumbnailUrl\":\"https:\/\/formacionejecutiva.com.ar\/empresas\/wp-content\/uploads\/2019\/08\/WhatsApp-Image-2019-07-31-at-10.20.13.jpeg\",\"articleSection\":[\"Uncategorized\"],\"inLanguage\":\"es\",\"potentialAction\":[{\"@type\":\"CommentAction\",\"name\":\"Comment\",\"target\":[\"https:\/\/formacionejecutiva.com.ar\/empresas\/uncategorized\/bolivia-2019-asociacion-argentina-de-mediacion-interdisciplinaria\/#respond\"]}]},{\"@type\":\"WebPage\",\"@id\":\"https:\/\/formacionejecutiva.com.ar\/empresas\/uncategorized\/bolivia-2019-asociacion-argentina-de-mediacion-interdisciplinaria\/\",\"url\":\"https:\/\/formacionejecutiva.com.ar\/empresas\/uncategorized\/bolivia-2019-asociacion-argentina-de-mediacion-interdisciplinaria\/\",\"name\":\"Bolivia 2019 - Asociaci\u00f3n Argentina de Mediaci\u00f3n Interdisciplinaria - Formaci\u00f3n Ejecutiva\",\"isPartOf\":{\"@id\":\"https:\/\/formacionejecutiva.com.ar\/empresas\/#website\"},\"primaryImageOfPage\":{\"@id\":\"https:\/\/formacionejecutiva.com.ar\/empresas\/uncategorized\/bolivia-2019-asociacion-argentina-de-mediacion-interdisciplinaria\/#primaryimage\"},\"image\":{\"@id\":\"https:\/\/formacionejecutiva.com.ar\/empresas\/uncategorized\/bolivia-2019-asociacion-argentina-de-mediacion-interdisciplinaria\/#primaryimage\"},\"thumbnailUrl\":\"https:\/\/formacionejecutiva.com.ar\/empresas\/wp-content\/uploads\/2019\/08\/WhatsApp-Image-2019-07-31-at-10.20.13.jpeg\",\"datePublished\":\"2019-08-02T20:00:54+00:00\",\"dateModified\":\"2019-08-02T20:00:54+00:00\",\"breadcrumb\":{\"@id\":\"https:\/\/formacionejecutiva.com.ar\/empresas\/uncategorized\/bolivia-2019-asociacion-argentina-de-mediacion-interdisciplinaria\/#breadcrumb\"},\"inLanguage\":\"es\",\"potentialAction\":[{\"@type\":\"ReadAction\",\"target\":[\"https:\/\/formacionejecutiva.com.ar\/empresas\/uncategorized\/bolivia-2019-asociacion-argentina-de-mediacion-interdisciplinaria\/\"]}]},{\"@type\":\"ImageObject\",\"inLanguage\":\"es\",\"@id\":\"https:\/\/formacionejecutiva.com.ar\/empresas\/uncategorized\/bolivia-2019-asociacion-argentina-de-mediacion-interdisciplinaria\/#primaryimage\",\"url\":\"https:\/\/formacionejecutiva.com.ar\/empresas\/wp-content\/uploads\/2019\/08\/WhatsApp-Image-2019-07-31-at-10.20.13.jpeg\",\"contentUrl\":\"https:\/\/formacionejecutiva.com.ar\/empresas\/wp-content\/uploads\/2019\/08\/WhatsApp-Image-2019-07-31-at-10.20.13.jpeg\",\"width\":1040,\"height\":780},{\"@type\":\"BreadcrumbList\",\"@id\":\"https:\/\/formacionejecutiva.com.ar\/empresas\/uncategorized\/bolivia-2019-asociacion-argentina-de-mediacion-interdisciplinaria\/#breadcrumb\",\"itemListElement\":[{\"@type\":\"ListItem\",\"position\":1,\"name\":\"Portada\",\"item\":\"https:\/\/formacionejecutiva.com.ar\/empresas\/\"},{\"@type\":\"ListItem\",\"position\":2,\"name\":\"Bolivia 2019 &#8211; Asociaci\u00f3n Argentina de Mediaci\u00f3n Interdisciplinaria\"}]},{\"@type\":\"WebSite\",\"@id\":\"https:\/\/formacionejecutiva.com.ar\/empresas\/#website\",\"url\":\"https:\/\/formacionejecutiva.com.ar\/empresas\/\",\"name\":\"Formaci\u00f3n Ejecutiva\",\"description\":\"Educaci\u00f3n para profesionales\",\"publisher\":{\"@id\":\"https:\/\/formacionejecutiva.com.ar\/empresas\/#organization\"},\"potentialAction\":[{\"@type\":\"SearchAction\",\"target\":{\"@type\":\"EntryPoint\",\"urlTemplate\":\"https:\/\/formacionejecutiva.com.ar\/empresas\/?s={search_term_string}\"},\"query-input\":{\"@type\":\"PropertyValueSpecification\",\"valueRequired\":true,\"valueName\":\"search_term_string\"}}],\"inLanguage\":\"es\"},{\"@type\":\"Organization\",\"@id\":\"https:\/\/formacionejecutiva.com.ar\/empresas\/#organization\",\"name\":\"Formaci\u00f3n Ejecutiva\",\"url\":\"https:\/\/formacionejecutiva.com.ar\/empresas\/\",\"logo\":{\"@type\":\"ImageObject\",\"inLanguage\":\"es\",\"@id\":\"https:\/\/formacionejecutiva.com.ar\/empresas\/#\/schema\/logo\/image\/\",\"url\":\"https:\/\/formacionejecutiva.com.ar\/empresas\/wp-content\/uploads\/2018\/12\/cropped-logo-empresas.png\",\"contentUrl\":\"https:\/\/formacionejecutiva.com.ar\/empresas\/wp-content\/uploads\/2018\/12\/cropped-logo-empresas.png\",\"width\":255,\"height\":85,\"caption\":\"Formaci\u00f3n Ejecutiva\"},\"image\":{\"@id\":\"https:\/\/formacionejecutiva.com.ar\/empresas\/#\/schema\/logo\/image\/\"}},{\"@type\":\"Person\",\"@id\":\"https:\/\/formacionejecutiva.com.ar\/empresas\/#\/schema\/person\/6eaf70cf547635014936f1b71ebfad3c\",\"name\":\"Luciana Grimaldi\",\"image\":{\"@type\":\"ImageObject\",\"inLanguage\":\"es\",\"@id\":\"https:\/\/formacionejecutiva.com.ar\/empresas\/#\/schema\/person\/image\/\",\"url\":\"https:\/\/secure.gravatar.com\/avatar\/0d60cd143e04cbe13daab8355a4019da?s=96&d=mm&r=g\",\"contentUrl\":\"https:\/\/secure.gravatar.com\/avatar\/0d60cd143e04cbe13daab8355a4019da?s=96&d=mm&r=g\",\"caption\":\"Luciana Grimaldi\"},\"url\":\"https:\/\/formacionejecutiva.com.ar\/empresas\/author\/luciana\/\"}]}<\/script>\n<!-- \/ Yoast SEO plugin. -->","yoast_head_json":{"title":"Bolivia 2019 - Asociaci\u00f3n Argentina de Mediaci\u00f3n Interdisciplinaria - Formaci\u00f3n Ejecutiva","robots":{"index":"index","follow":"follow","max-snippet":"max-snippet:-1","max-image-preview":"max-image-preview:large","max-video-preview":"max-video-preview:-1"},"canonical":"https:\/\/formacionejecutiva.com.ar\/empresas\/uncategorized\/bolivia-2019-asociacion-argentina-de-mediacion-interdisciplinaria\/","og_locale":"es_ES","og_type":"article","og_title":"Bolivia 2019 - Asociaci\u00f3n Argentina de Mediaci\u00f3n Interdisciplinaria - Formaci\u00f3n Ejecutiva","og_description":"-Organizado por la Asociaci\u00f3n Argentina de Mediaci\u00f3n Interdisciplinaria la Dra Gonz\u00e1lez Vendrell especialista en Mediaci\u00f3n Familiar y Mediaci\u00f3n penal viaj\u00f3 a las localidades: \ud835\udde6\ud835\uddee\ud835\uddfb\ud835\ude01\ud835\uddee-\ud835\uddf0\ud835\uddff\ud835\ude02\ud835\ude07 29 \ud835\uddf1\ud835\uddf2 \ud835\udddd\ud835\ude02\ud835\uddf9\ud835\uddf6\ud835\uddfc \ud835\uddd6\ud835\uddfc\ud835\uddf0\ud835\uddf5\ud835\uddee\ud835\uddef\ud835\uddee\ud835\uddfa\ud835\uddef\ud835\uddee 31 \ud835\uddf1\ud835\uddf2 \ud835\udddd\ud835\ude02\ud835\uddf9\ud835\uddf6\ud835\uddfc &#8211; 1 \ud835\uddf1\ud835\uddf2 \ud835\uddd4\ud835\uddf4\ud835\uddfc\ud835\ude00\ud835\ude01\ud835\uddfc \ud835\udddf\ud835\uddee \ud835\udde3\ud835\uddee\ud835\ude07 3 \ud835\uddf1\ud835\uddf2 \ud835\uddd4\ud835\uddf4\ud835\uddfc\ud835\ude00\ud835\ude01\ud835\uddfc A capacitar en estas disciplinas a los conciliadores Bolivianos. \u00a1Muchas gracias a todos! \u00a0","og_url":"https:\/\/formacionejecutiva.com.ar\/empresas\/uncategorized\/bolivia-2019-asociacion-argentina-de-mediacion-interdisciplinaria\/","og_site_name":"Formaci\u00f3n Ejecutiva","article_published_time":"2019-08-02T20:00:54+00:00","og_image":[{"width":1040,"height":780,"url":"https:\/\/formacionejecutiva.com.ar\/empresas\/wp-content\/uploads\/2019\/08\/WhatsApp-Image-2019-07-31-at-10.20.13.jpeg","type":"image\/jpeg"}],"author":"Luciana Grimaldi","twitter_card":"summary_large_image","twitter_misc":{"Escrito por":"Luciana Grimaldi"},"schema":{"@context":"https:\/\/schema.org","@graph":[{"@type":"Article","@id":"https:\/\/formacionejecutiva.com.ar\/empresas\/uncategorized\/bolivia-2019-asociacion-argentina-de-mediacion-interdisciplinaria\/#article","isPartOf":{"@id":"https:\/\/formacionejecutiva.com.ar\/empresas\/uncategorized\/bolivia-2019-asociacion-argentina-de-mediacion-interdisciplinaria\/"},"author":{"name":"Luciana Grimaldi","@id":"https:\/\/formacionejecutiva.com.ar\/empresas\/#\/schema\/person\/6eaf70cf547635014936f1b71ebfad3c"},"headline":"Bolivia 2019 &#8211; Asociaci\u00f3n Argentina de Mediaci\u00f3n Interdisciplinaria","datePublished":"2019-08-02T20:00:54+00:00","dateModified":"2019-08-02T20:00:54+00:00","mainEntityOfPage":{"@id":"https:\/\/formacionejecutiva.com.ar\/empresas\/uncategorized\/bolivia-2019-asociacion-argentina-de-mediacion-interdisciplinaria\/"},"wordCount":52,"commentCount":0,"publisher":{"@id":"https:\/\/formacionejecutiva.com.ar\/empresas\/#organization"},"image":{"@id":"https:\/\/formacionejecutiva.com.ar\/empresas\/uncategorized\/bolivia-2019-asociacion-argentina-de-mediacion-interdisciplinaria\/#primaryimage"},"thumbnailUrl":"https:\/\/formacionejecutiva.com.ar\/empresas\/wp-content\/uploads\/2019\/08\/WhatsApp-Image-2019-07-31-at-10.20.13.jpeg","articleSection":["Uncategorized"],"inLanguage":"es","potentialAction":[{"@type":"CommentAction","name":"Comment","target":["https:\/\/formacionejecutiva.com.ar\/empresas\/uncategorized\/bolivia-2019-asociacion-argentina-de-mediacion-interdisciplinaria\/#respond"]}]},{"@type":"WebPage","@id":"https:\/\/formacionejecutiva.com.ar\/empresas\/uncategorized\/bolivia-2019-asociacion-argentina-de-mediacion-interdisciplinaria\/","url":"https:\/\/formacionejecutiva.com.ar\/empresas\/uncategorized\/bolivia-2019-asociacion-argentina-de-mediacion-interdisciplinaria\/","name":"Bolivia 2019 - Asociaci\u00f3n Argentina de Mediaci\u00f3n Interdisciplinaria - Formaci\u00f3n Ejecutiva","isPartOf":{"@id":"https:\/\/formacionejecutiva.com.ar\/empresas\/#website"},"primaryImageOfPage":{"@id":"https:\/\/formacionejecutiva.com.ar\/empresas\/uncategorized\/bolivia-2019-asociacion-argentina-de-mediacion-interdisciplinaria\/#primaryimage"},"image":{"@id":"https:\/\/formacionejecutiva.com.ar\/empresas\/uncategorized\/bolivia-2019-asociacion-argentina-de-mediacion-interdisciplinaria\/#primaryimage"},"thumbnailUrl":"https:\/\/formacionejecutiva.com.ar\/empresas\/wp-content\/uploads\/2019\/08\/WhatsApp-Image-2019-07-31-at-10.20.13.jpeg","datePublished":"2019-08-02T20:00:54+00:00","dateModified":"2019-08-02T20:00:54+00:00","breadcrumb":{"@id":"https:\/\/formacionejecutiva.com.ar\/empresas\/uncategorized\/bolivia-2019-asociacion-argentina-de-mediacion-interdisciplinaria\/#breadcrumb"},"inLanguage":"es","potentialAction":[{"@type":"ReadAction","target":["https:\/\/formacionejecutiva.com.ar\/empresas\/uncategorized\/bolivia-2019-asociacion-argentina-de-mediacion-interdisciplinaria\/"]}]},{"@type":"ImageObject","inLanguage":"es","@id":"https:\/\/formacionejecutiva.com.ar\/empresas\/uncategorized\/bolivia-2019-asociacion-argentina-de-mediacion-interdisciplinaria\/#primaryimage","url":"https:\/\/formacionejecutiva.com.ar\/empresas\/wp-content\/uploads\/2019\/08\/WhatsApp-Image-2019-07-31-at-10.20.13.jpeg","contentUrl":"https:\/\/formacionejecutiva.com.ar\/empresas\/wp-content\/uploads\/2019\/08\/WhatsApp-Image-2019-07-31-at-10.20.13.jpeg","width":1040,"height":780},{"@type":"BreadcrumbList","@id":"https:\/\/formacionejecutiva.com.ar\/empresas\/uncategorized\/bolivia-2019-asociacion-argentina-de-mediacion-interdisciplinaria\/#breadcrumb","itemListElement":[{"@type":"ListItem","position":1,"name":"Portada","item":"https:\/\/formacionejecutiva.com.ar\/empresas\/"},{"@type":"ListItem","position":2,"name":"Bolivia 2019 &#8211; Asociaci\u00f3n Argentina de Mediaci\u00f3n Interdisciplinaria"}]},{"@type":"WebSite","@id":"https:\/\/formacionejecutiva.com.ar\/empresas\/#website","url":"https:\/\/formacionejecutiva.com.ar\/empresas\/","name":"Formaci\u00f3n Ejecutiva","description":"Educaci\u00f3n para profesionales","publisher":{"@id":"https:\/\/formacionejecutiva.com.ar\/empresas\/#organization"},"potentialAction":[{"@type":"SearchAction","target":{"@type":"EntryPoint","urlTemplate":"https:\/\/formacionejecutiva.com.ar\/empresas\/?s={search_term_string}"},"query-input":{"@type":"PropertyValueSpecification","valueRequired":true,"valueName":"search_term_string"}}],"inLanguage":"es"},{"@type":"Organization","@id":"https:\/\/formacionejecutiva.com.ar\/empresas\/#organization","name":"Formaci\u00f3n Ejecutiva","url":"https:\/\/formacionejecutiva.com.ar\/empresas\/","logo":{"@type":"ImageObject","inLanguage":"es","@id":"https:\/\/formacionejecutiva.com.ar\/empresas\/#\/schema\/logo\/image\/","url":"https:\/\/formacionejecutiva.com.ar\/empresas\/wp-content\/uploads\/2018\/12\/cropped-logo-empresas.png","contentUrl":"https:\/\/formacionejecutiva.com.ar\/empresas\/wp-content\/uploads\/2018\/12\/cropped-logo-empresas.png","width":255,"height":85,"caption":"Formaci\u00f3n Ejecutiva"},"image":{"@id":"https:\/\/formacionejecutiva.com.ar\/empresas\/#\/schema\/logo\/image\/"}},{"@type":"Person","@id":"https:\/\/formacionejecutiva.com.ar\/empresas\/#\/schema\/person\/6eaf70cf547635014936f1b71ebfad3c","name":"Luciana Grimaldi","image":{"@type":"ImageObject","inLanguage":"es","@id":"https:\/\/formacionejecutiva.com.ar\/empresas\/#\/schema\/person\/image\/","url":"https:\/\/secure.gravatar.com\/avatar\/0d60cd143e04cbe13daab8355a4019da?s=96&d=mm&r=g","contentUrl":"https:\/\/secure.gravatar.com\/avatar\/0d60cd143e04cbe13daab8355a4019da?s=96&d=mm&r=g","caption":"Luciana Grimaldi"},"url":"https:\/\/formacionejecutiva.com.ar\/empresas\/author\/luciana\/"}]}},"_links":{"self":[{"href":"https:\/\/formacionejecutiva.com.ar\/empresas\/wp-json\/wp\/v2\/posts\/1551","targetHints":{"allow":["GET"]}}],"collection":[{"href":"https:\/\/formacionejecutiva.com.ar\/empresas\/wp-json\/wp\/v2\/posts"}],"about":[{"href":"https:\/\/formacionejecutiva.com.ar\/empresas\/wp-json\/wp\/v2\/types\/post"}],"author":[{"embeddable":true,"href":"https:\/\/formacionejecutiva.com.ar\/empresas\/wp-json\/wp\/v2\/users\/2"}],"replies":[{"embeddable":true,"href":"https:\/\/formacionejecutiva.com.ar\/empresas\/wp-json\/wp\/v2\/comments?post=1551"}],"version-history":[{"count":1,"href":"https:\/\/formacionejecutiva.com.ar\/empresas\/wp-json\/wp\/v2\/posts\/1551\/revisions"}],"predecessor-version":[{"id":1564,"href":"https:\/\/formacionejecutiva.com.ar\/empresas\/wp-json\/wp\/v2\/posts\/1551\/revisions\/1564"}],"wp:featuredmedia":[{"embeddable":true,"href":"https:\/\/formacionejecutiva.com.ar\/empresas\/wp-json\/wp\/v2\/media\/1555"}],"wp:attachment":[{"href":"https:\/\/formacionejecutiva.com.ar\/empresas\/wp-json\/wp\/v2\/media?parent=1551"}],"wp:term":[{"taxonomy":"category","embeddable":true,"href":"https:\/\/formacionejecutiva.com.ar\/empresas\/wp-json\/wp\/v2\/categories?post=1551"},{"taxonomy":"post_tag","embeddable":true,"href":"https:\/\/formacionejecutiva.com.ar\/empresas\/wp-json\/wp\/v2\/tags?post=1551"}],"curies":[{"name":"wp","href":"https:\/\/api.w.org\/{rel}","templated":true}]}}