{"id":1650,"date":"2020-02-06T21:01:50","date_gmt":"2020-02-06T21:01:50","guid":{"rendered":"https:\/\/formacionejecutiva.com.ar\/empresas\/?p=1650"},"modified":"2020-02-06T21:01:50","modified_gmt":"2020-02-06T21:01:50","slug":"recibimos-la-medalla-internacional-antorcha-dorada-por-la-paz-otorgada-por-centro-unesco-para-la-formacion-en-derechos-humanos-ciudadania-mundial-y-cultura-de-paz","status":"publish","type":"post","link":"https:\/\/formacionejecutiva.com.ar\/empresas\/noticias-y-novedades\/recibimos-la-medalla-internacional-antorcha-dorada-por-la-paz-otorgada-por-centro-unesco-para-la-formacion-en-derechos-humanos-ciudadania-mundial-y-cultura-de-paz\/","title":{"rendered":"Recibimos la MEDALLA INTERNACIONAL \u201cANTORCHA DORADA POR LA PAZ\u201d otorgada por CENTRO UNESCO PARA LA FORMACI\u00d3N EN DERECHOS HUMANOS CIUDADAN\u00cdA MUNDIAL Y CULTURA DE PAZ."},"content":{"rendered":"<p><span class=\"_5mfr\"><span class=\"_6qdm\">\ud83d\udc4f\ud83c\udffb<\/span><\/span>\u00a1Seguimos creciendo y este logro podemos compartirlo con Uds.!<span class=\"_5mfr\"><span class=\"_6qdm\">\ud83d\udc4f\ud83c\udffb<\/span><\/span><br \/>\nRecibimos la MEDALLA INTERNACIONAL \u201cANTORCHA DORADA POR LA PAZ\u201d otorgada por CENTRO UNESCO PARA LA FORMACI\u00d3N EN DERECHOS HUMANOS CIUDADAN\u00cdA MUNDIAL Y CULTURA DE PAZ.<br \/>\nUn reconocimiento otorgado a la labor que venimos realizando en el \u00e1mbito de la difusi\u00f3n de los valores propios de una cultura de paz ajustado a los ideales de Unesco.<br \/>\n<span class=\"_5mfr\"><span class=\"_6qdm\">\ud83e\udd73<\/span><\/span>\u00a0HOY ES UN D\u00cdA PARA CELEBRAR\u00a0<span class=\"_5mfr\"><span class=\"_6qdm\">\ud83e\udd73<\/span><\/span><\/p>\n<p><img fetchpriority=\"high\" decoding=\"async\" class=\"alignnone size-medium wp-image-1651\" src=\"https:\/\/formacionejecutiva.com.ar\/empresas\/wp-content\/uploads\/2020\/02\/84444427_10219611859118414_4050598285516210176_n-221x300.jpg\" alt=\"\" width=\"221\" height=\"300\" srcset=\"https:\/\/formacionejecutiva.com.ar\/empresas\/wp-content\/uploads\/2020\/02\/84444427_10219611859118414_4050598285516210176_n-221x300.jpg 221w, https:\/\/formacionejecutiva.com.ar\/empresas\/wp-content\/uploads\/2020\/02\/84444427_10219611859118414_4050598285516210176_n.jpg 662w\" sizes=\"(max-width: 221px) 100vw, 221px\" \/><\/p>\n","protected":false},"excerpt":{"rendered":"<p>\ud83d\udc4f\ud83c\udffb\u00a1Seguimos creciendo y este logro podemos compartirlo con Uds.!\ud83d\udc4f\ud83c\udffb Recibimos la MEDALLA INTERNACIONAL \u201cANTORCHA DORADA POR LA PAZ\u201d otorgada por CENTRO UNESCO PARA LA FORMACI\u00d3N EN DERECHOS HUMANOS CIUDADAN\u00cdA MUNDIAL Y CULTURA DE PAZ. Un reconocimiento otorgado a la labor que venimos realizando en el \u00e1mbito de la difusi\u00f3n de los valores propios de una [&hellip;]<\/p>\n","protected":false},"author":2,"featured_media":1651,"comment_status":"open","ping_status":"open","sticky":false,"template":"","format":"standard","meta":{"site-sidebar-layout":"default","site-content-layout":"default","ast-site-content-layout":"","site-content-style":"default","site-sidebar-style":"default","ast-global-header-display":"","ast-banner-title-visibility":"","ast-main-header-display":"","ast-hfb-above-header-display":"","ast-hfb-below-header-display":"","ast-hfb-mobile-header-display":"","site-post-title":"","ast-breadcrumbs-content":"","ast-featured-img":"","footer-sml-layout":"","theme-transparent-header-meta":"default","adv-header-id-meta":"","stick-header-meta":"","header-above-stick-meta":"","header-main-stick-meta":"","header-below-stick-meta":"","astra-migrate-meta-layouts":"default","ast-page-background-enabled":"default","ast-page-background-meta":{"desktop":{"background-color":"","background-image":"","background-repeat":"repeat","background-position":"center center","background-size":"auto","background-attachment":"scroll","background-type":"","background-media":"","overlay-type":"","overlay-color":"","overlay-opacity":"","overlay-gradient":""},"tablet":{"background-color":"","background-image":"","background-repeat":"repeat","background-position":"center center","background-size":"auto","background-attachment":"scroll","background-type":"","background-media":"","overlay-type":"","overlay-color":"","overlay-opacity":"","overlay-gradient":""},"mobile":{"background-color":"","background-image":"","background-repeat":"repeat","background-position":"center center","background-size":"auto","background-attachment":"scroll","background-type":"","background-media":"","overlay-type":"","overlay-color":"","overlay-opacity":"","overlay-gradient":""}},"ast-content-background-meta":{"desktop":{"background-color":"var(--ast-global-color-5)","background-image":"","background-repeat":"repeat","background-position":"center center","background-size":"auto","background-attachment":"scroll","background-type":"","background-media":"","overlay-type":"","overlay-color":"","overlay-opacity":"","overlay-gradient":""},"tablet":{"background-color":"var(--ast-global-color-5)","background-image":"","background-repeat":"repeat","background-position":"center center","background-size":"auto","background-attachment":"scroll","background-type":"","background-media":"","overlay-type":"","overlay-color":"","overlay-opacity":"","overlay-gradient":""},"mobile":{"background-color":"var(--ast-global-color-5)","background-image":"","background-repeat":"repeat","background-position":"center center","background-size":"auto","background-attachment":"scroll","background-type":"","background-media":"","overlay-type":"","overlay-color":"","overlay-opacity":"","overlay-gradient":""}},"_joinchat":[],"footnotes":""},"categories":[5],"tags":[],"class_list":["post-1650","post","type-post","status-publish","format-standard","has-post-thumbnail","hentry","category-noticias-y-novedades"],"yoast_head":"<!-- This site is optimized with the Yoast SEO plugin v23.5 - https:\/\/yoast.com\/wordpress\/plugins\/seo\/ -->\n<title>Recibimos la MEDALLA INTERNACIONAL \u201cANTORCHA DORADA POR LA PAZ\u201d otorgada por CENTRO UNESCO PARA LA FORMACI\u00d3N EN DERECHOS HUMANOS CIUDADAN\u00cdA MUNDIAL Y CULTURA DE PAZ. - Formaci\u00f3n Ejecutiva<\/title>\n<meta name=\"robots\" content=\"index, follow, max-snippet:-1, max-image-preview:large, max-video-preview:-1\" \/>\n<link rel=\"canonical\" href=\"https:\/\/formacionejecutiva.com.ar\/empresas\/noticias-y-novedades\/recibimos-la-medalla-internacional-antorcha-dorada-por-la-paz-otorgada-por-centro-unesco-para-la-formacion-en-derechos-humanos-ciudadania-mundial-y-cultura-de-paz\/\" \/>\n<meta property=\"og:locale\" content=\"es_ES\" \/>\n<meta property=\"og:type\" content=\"article\" \/>\n<meta property=\"og:title\" content=\"Recibimos la MEDALLA INTERNACIONAL \u201cANTORCHA DORADA POR LA PAZ\u201d otorgada por CENTRO UNESCO PARA LA FORMACI\u00d3N EN DERECHOS HUMANOS CIUDADAN\u00cdA MUNDIAL Y CULTURA DE PAZ. - Formaci\u00f3n Ejecutiva\" \/>\n<meta property=\"og:description\" content=\"\ud83d\udc4f\ud83c\udffb\u00a1Seguimos creciendo y este logro podemos compartirlo con Uds.!\ud83d\udc4f\ud83c\udffb Recibimos la MEDALLA INTERNACIONAL \u201cANTORCHA DORADA POR LA PAZ\u201d otorgada por CENTRO UNESCO PARA LA FORMACI\u00d3N EN DERECHOS HUMANOS CIUDADAN\u00cdA MUNDIAL Y CULTURA DE PAZ. Un reconocimiento otorgado a la labor que venimos realizando en el \u00e1mbito de la difusi\u00f3n de los valores propios de una [&hellip;]\" \/>\n<meta property=\"og:url\" content=\"https:\/\/formacionejecutiva.com.ar\/empresas\/noticias-y-novedades\/recibimos-la-medalla-internacional-antorcha-dorada-por-la-paz-otorgada-por-centro-unesco-para-la-formacion-en-derechos-humanos-ciudadania-mundial-y-cultura-de-paz\/\" \/>\n<meta property=\"og:site_name\" content=\"Formaci\u00f3n Ejecutiva\" \/>\n<meta property=\"article:published_time\" content=\"2020-02-06T21:01:50+00:00\" \/>\n<meta property=\"og:image\" content=\"https:\/\/formacionejecutiva.com.ar\/empresas\/wp-content\/uploads\/2020\/02\/84444427_10219611859118414_4050598285516210176_n.jpg\" \/>\n\t<meta property=\"og:image:width\" content=\"662\" \/>\n\t<meta property=\"og:image:height\" content=\"899\" \/>\n\t<meta property=\"og:image:type\" content=\"image\/jpeg\" \/>\n<meta name=\"author\" content=\"Luciana Grimaldi\" \/>\n<meta name=\"twitter:card\" content=\"summary_large_image\" \/>\n<meta name=\"twitter:label1\" content=\"Escrito por\" \/>\n\t<meta name=\"twitter:data1\" content=\"Luciana Grimaldi\" \/>\n<script type=\"application\/ld+json\" class=\"yoast-schema-graph\">{\"@context\":\"https:\/\/schema.org\",\"@graph\":[{\"@type\":\"Article\",\"@id\":\"https:\/\/formacionejecutiva.com.ar\/empresas\/noticias-y-novedades\/recibimos-la-medalla-internacional-antorcha-dorada-por-la-paz-otorgada-por-centro-unesco-para-la-formacion-en-derechos-humanos-ciudadania-mundial-y-cultura-de-paz\/#article\",\"isPartOf\":{\"@id\":\"https:\/\/formacionejecutiva.com.ar\/empresas\/noticias-y-novedades\/recibimos-la-medalla-internacional-antorcha-dorada-por-la-paz-otorgada-por-centro-unesco-para-la-formacion-en-derechos-humanos-ciudadania-mundial-y-cultura-de-paz\/\"},\"author\":{\"name\":\"Luciana Grimaldi\",\"@id\":\"https:\/\/formacionejecutiva.com.ar\/empresas\/#\/schema\/person\/6eaf70cf547635014936f1b71ebfad3c\"},\"headline\":\"Recibimos la MEDALLA INTERNACIONAL \u201cANTORCHA DORADA POR LA PAZ\u201d otorgada por CENTRO UNESCO PARA LA FORMACI\u00d3N EN DERECHOS HUMANOS CIUDADAN\u00cdA MUNDIAL Y CULTURA DE PAZ.\",\"datePublished\":\"2020-02-06T21:01:50+00:00\",\"dateModified\":\"2020-02-06T21:01:50+00:00\",\"mainEntityOfPage\":{\"@id\":\"https:\/\/formacionejecutiva.com.ar\/empresas\/noticias-y-novedades\/recibimos-la-medalla-internacional-antorcha-dorada-por-la-paz-otorgada-por-centro-unesco-para-la-formacion-en-derechos-humanos-ciudadania-mundial-y-cultura-de-paz\/\"},\"wordCount\":101,\"commentCount\":0,\"publisher\":{\"@id\":\"https:\/\/formacionejecutiva.com.ar\/empresas\/#organization\"},\"image\":{\"@id\":\"https:\/\/formacionejecutiva.com.ar\/empresas\/noticias-y-novedades\/recibimos-la-medalla-internacional-antorcha-dorada-por-la-paz-otorgada-por-centro-unesco-para-la-formacion-en-derechos-humanos-ciudadania-mundial-y-cultura-de-paz\/#primaryimage\"},\"thumbnailUrl\":\"https:\/\/formacionejecutiva.com.ar\/empresas\/wp-content\/uploads\/2020\/02\/84444427_10219611859118414_4050598285516210176_n.jpg\",\"articleSection\":[\"Noticias y Novedades\"],\"inLanguage\":\"es\",\"potentialAction\":[{\"@type\":\"CommentAction\",\"name\":\"Comment\",\"target\":[\"https:\/\/formacionejecutiva.com.ar\/empresas\/noticias-y-novedades\/recibimos-la-medalla-internacional-antorcha-dorada-por-la-paz-otorgada-por-centro-unesco-para-la-formacion-en-derechos-humanos-ciudadania-mundial-y-cultura-de-paz\/#respond\"]}]},{\"@type\":\"WebPage\",\"@id\":\"https:\/\/formacionejecutiva.com.ar\/empresas\/noticias-y-novedades\/recibimos-la-medalla-internacional-antorcha-dorada-por-la-paz-otorgada-por-centro-unesco-para-la-formacion-en-derechos-humanos-ciudadania-mundial-y-cultura-de-paz\/\",\"url\":\"https:\/\/formacionejecutiva.com.ar\/empresas\/noticias-y-novedades\/recibimos-la-medalla-internacional-antorcha-dorada-por-la-paz-otorgada-por-centro-unesco-para-la-formacion-en-derechos-humanos-ciudadania-mundial-y-cultura-de-paz\/\",\"name\":\"Recibimos la MEDALLA INTERNACIONAL \u201cANTORCHA DORADA POR LA PAZ\u201d otorgada por CENTRO UNESCO PARA LA FORMACI\u00d3N EN DERECHOS HUMANOS CIUDADAN\u00cdA MUNDIAL Y CULTURA DE PAZ. - Formaci\u00f3n Ejecutiva\",\"isPartOf\":{\"@id\":\"https:\/\/formacionejecutiva.com.ar\/empresas\/#website\"},\"primaryImageOfPage\":{\"@id\":\"https:\/\/formacionejecutiva.com.ar\/empresas\/noticias-y-novedades\/recibimos-la-medalla-internacional-antorcha-dorada-por-la-paz-otorgada-por-centro-unesco-para-la-formacion-en-derechos-humanos-ciudadania-mundial-y-cultura-de-paz\/#primaryimage\"},\"image\":{\"@id\":\"https:\/\/formacionejecutiva.com.ar\/empresas\/noticias-y-novedades\/recibimos-la-medalla-internacional-antorcha-dorada-por-la-paz-otorgada-por-centro-unesco-para-la-formacion-en-derechos-humanos-ciudadania-mundial-y-cultura-de-paz\/#primaryimage\"},\"thumbnailUrl\":\"https:\/\/formacionejecutiva.com.ar\/empresas\/wp-content\/uploads\/2020\/02\/84444427_10219611859118414_4050598285516210176_n.jpg\",\"datePublished\":\"2020-02-06T21:01:50+00:00\",\"dateModified\":\"2020-02-06T21:01:50+00:00\",\"breadcrumb\":{\"@id\":\"https:\/\/formacionejecutiva.com.ar\/empresas\/noticias-y-novedades\/recibimos-la-medalla-internacional-antorcha-dorada-por-la-paz-otorgada-por-centro-unesco-para-la-formacion-en-derechos-humanos-ciudadania-mundial-y-cultura-de-paz\/#breadcrumb\"},\"inLanguage\":\"es\",\"potentialAction\":[{\"@type\":\"ReadAction\",\"target\":[\"https:\/\/formacionejecutiva.com.ar\/empresas\/noticias-y-novedades\/recibimos-la-medalla-internacional-antorcha-dorada-por-la-paz-otorgada-por-centro-unesco-para-la-formacion-en-derechos-humanos-ciudadania-mundial-y-cultura-de-paz\/\"]}]},{\"@type\":\"ImageObject\",\"inLanguage\":\"es\",\"@id\":\"https:\/\/formacionejecutiva.com.ar\/empresas\/noticias-y-novedades\/recibimos-la-medalla-internacional-antorcha-dorada-por-la-paz-otorgada-por-centro-unesco-para-la-formacion-en-derechos-humanos-ciudadania-mundial-y-cultura-de-paz\/#primaryimage\",\"url\":\"https:\/\/formacionejecutiva.com.ar\/empresas\/wp-content\/uploads\/2020\/02\/84444427_10219611859118414_4050598285516210176_n.jpg\",\"contentUrl\":\"https:\/\/formacionejecutiva.com.ar\/empresas\/wp-content\/uploads\/2020\/02\/84444427_10219611859118414_4050598285516210176_n.jpg\",\"width\":662,\"height\":899},{\"@type\":\"BreadcrumbList\",\"@id\":\"https:\/\/formacionejecutiva.com.ar\/empresas\/noticias-y-novedades\/recibimos-la-medalla-internacional-antorcha-dorada-por-la-paz-otorgada-por-centro-unesco-para-la-formacion-en-derechos-humanos-ciudadania-mundial-y-cultura-de-paz\/#breadcrumb\",\"itemListElement\":[{\"@type\":\"ListItem\",\"position\":1,\"name\":\"Portada\",\"item\":\"https:\/\/formacionejecutiva.com.ar\/empresas\/\"},{\"@type\":\"ListItem\",\"position\":2,\"name\":\"Recibimos la MEDALLA INTERNACIONAL \u201cANTORCHA DORADA POR LA PAZ\u201d otorgada por CENTRO UNESCO PARA LA FORMACI\u00d3N EN DERECHOS HUMANOS CIUDADAN\u00cdA MUNDIAL Y CULTURA DE PAZ.\"}]},{\"@type\":\"WebSite\",\"@id\":\"https:\/\/formacionejecutiva.com.ar\/empresas\/#website\",\"url\":\"https:\/\/formacionejecutiva.com.ar\/empresas\/\",\"name\":\"Formaci\u00f3n Ejecutiva\",\"description\":\"Educaci\u00f3n para profesionales\",\"publisher\":{\"@id\":\"https:\/\/formacionejecutiva.com.ar\/empresas\/#organization\"},\"potentialAction\":[{\"@type\":\"SearchAction\",\"target\":{\"@type\":\"EntryPoint\",\"urlTemplate\":\"https:\/\/formacionejecutiva.com.ar\/empresas\/?s={search_term_string}\"},\"query-input\":{\"@type\":\"PropertyValueSpecification\",\"valueRequired\":true,\"valueName\":\"search_term_string\"}}],\"inLanguage\":\"es\"},{\"@type\":\"Organization\",\"@id\":\"https:\/\/formacionejecutiva.com.ar\/empresas\/#organization\",\"name\":\"Formaci\u00f3n Ejecutiva\",\"url\":\"https:\/\/formacionejecutiva.com.ar\/empresas\/\",\"logo\":{\"@type\":\"ImageObject\",\"inLanguage\":\"es\",\"@id\":\"https:\/\/formacionejecutiva.com.ar\/empresas\/#\/schema\/logo\/image\/\",\"url\":\"https:\/\/formacionejecutiva.com.ar\/empresas\/wp-content\/uploads\/2018\/12\/cropped-logo-empresas.png\",\"contentUrl\":\"https:\/\/formacionejecutiva.com.ar\/empresas\/wp-content\/uploads\/2018\/12\/cropped-logo-empresas.png\",\"width\":255,\"height\":85,\"caption\":\"Formaci\u00f3n Ejecutiva\"},\"image\":{\"@id\":\"https:\/\/formacionejecutiva.com.ar\/empresas\/#\/schema\/logo\/image\/\"}},{\"@type\":\"Person\",\"@id\":\"https:\/\/formacionejecutiva.com.ar\/empresas\/#\/schema\/person\/6eaf70cf547635014936f1b71ebfad3c\",\"name\":\"Luciana Grimaldi\",\"image\":{\"@type\":\"ImageObject\",\"inLanguage\":\"es\",\"@id\":\"https:\/\/formacionejecutiva.com.ar\/empresas\/#\/schema\/person\/image\/\",\"url\":\"https:\/\/secure.gravatar.com\/avatar\/0d60cd143e04cbe13daab8355a4019da?s=96&d=mm&r=g\",\"contentUrl\":\"https:\/\/secure.gravatar.com\/avatar\/0d60cd143e04cbe13daab8355a4019da?s=96&d=mm&r=g\",\"caption\":\"Luciana Grimaldi\"},\"url\":\"https:\/\/formacionejecutiva.com.ar\/empresas\/author\/luciana\/\"}]}<\/script>\n<!-- \/ Yoast SEO plugin. -->","yoast_head_json":{"title":"Recibimos la MEDALLA INTERNACIONAL \u201cANTORCHA DORADA POR LA PAZ\u201d otorgada por CENTRO UNESCO PARA LA FORMACI\u00d3N EN DERECHOS HUMANOS CIUDADAN\u00cdA MUNDIAL Y CULTURA DE PAZ. - Formaci\u00f3n Ejecutiva","robots":{"index":"index","follow":"follow","max-snippet":"max-snippet:-1","max-image-preview":"max-image-preview:large","max-video-preview":"max-video-preview:-1"},"canonical":"https:\/\/formacionejecutiva.com.ar\/empresas\/noticias-y-novedades\/recibimos-la-medalla-internacional-antorcha-dorada-por-la-paz-otorgada-por-centro-unesco-para-la-formacion-en-derechos-humanos-ciudadania-mundial-y-cultura-de-paz\/","og_locale":"es_ES","og_type":"article","og_title":"Recibimos la MEDALLA INTERNACIONAL \u201cANTORCHA DORADA POR LA PAZ\u201d otorgada por CENTRO UNESCO PARA LA FORMACI\u00d3N EN DERECHOS HUMANOS CIUDADAN\u00cdA MUNDIAL Y CULTURA DE PAZ. - Formaci\u00f3n Ejecutiva","og_description":"\ud83d\udc4f\ud83c\udffb\u00a1Seguimos creciendo y este logro podemos compartirlo con Uds.!\ud83d\udc4f\ud83c\udffb Recibimos la MEDALLA INTERNACIONAL \u201cANTORCHA DORADA POR LA PAZ\u201d otorgada por CENTRO UNESCO PARA LA FORMACI\u00d3N EN DERECHOS HUMANOS CIUDADAN\u00cdA MUNDIAL Y CULTURA DE PAZ. Un reconocimiento otorgado a la labor que venimos realizando en el \u00e1mbito de la difusi\u00f3n de los valores propios de una [&hellip;]","og_url":"https:\/\/formacionejecutiva.com.ar\/empresas\/noticias-y-novedades\/recibimos-la-medalla-internacional-antorcha-dorada-por-la-paz-otorgada-por-centro-unesco-para-la-formacion-en-derechos-humanos-ciudadania-mundial-y-cultura-de-paz\/","og_site_name":"Formaci\u00f3n Ejecutiva","article_published_time":"2020-02-06T21:01:50+00:00","og_image":[{"width":662,"height":899,"url":"https:\/\/formacionejecutiva.com.ar\/empresas\/wp-content\/uploads\/2020\/02\/84444427_10219611859118414_4050598285516210176_n.jpg","type":"image\/jpeg"}],"author":"Luciana Grimaldi","twitter_card":"summary_large_image","twitter_misc":{"Escrito por":"Luciana Grimaldi"},"schema":{"@context":"https:\/\/schema.org","@graph":[{"@type":"Article","@id":"https:\/\/formacionejecutiva.com.ar\/empresas\/noticias-y-novedades\/recibimos-la-medalla-internacional-antorcha-dorada-por-la-paz-otorgada-por-centro-unesco-para-la-formacion-en-derechos-humanos-ciudadania-mundial-y-cultura-de-paz\/#article","isPartOf":{"@id":"https:\/\/formacionejecutiva.com.ar\/empresas\/noticias-y-novedades\/recibimos-la-medalla-internacional-antorcha-dorada-por-la-paz-otorgada-por-centro-unesco-para-la-formacion-en-derechos-humanos-ciudadania-mundial-y-cultura-de-paz\/"},"author":{"name":"Luciana Grimaldi","@id":"https:\/\/formacionejecutiva.com.ar\/empresas\/#\/schema\/person\/6eaf70cf547635014936f1b71ebfad3c"},"headline":"Recibimos la MEDALLA INTERNACIONAL \u201cANTORCHA DORADA POR LA PAZ\u201d otorgada por CENTRO UNESCO PARA LA FORMACI\u00d3N EN DERECHOS HUMANOS CIUDADAN\u00cdA MUNDIAL Y CULTURA DE PAZ.","datePublished":"2020-02-06T21:01:50+00:00","dateModified":"2020-02-06T21:01:50+00:00","mainEntityOfPage":{"@id":"https:\/\/formacionejecutiva.com.ar\/empresas\/noticias-y-novedades\/recibimos-la-medalla-internacional-antorcha-dorada-por-la-paz-otorgada-por-centro-unesco-para-la-formacion-en-derechos-humanos-ciudadania-mundial-y-cultura-de-paz\/"},"wordCount":101,"commentCount":0,"publisher":{"@id":"https:\/\/formacionejecutiva.com.ar\/empresas\/#organization"},"image":{"@id":"https:\/\/formacionejecutiva.com.ar\/empresas\/noticias-y-novedades\/recibimos-la-medalla-internacional-antorcha-dorada-por-la-paz-otorgada-por-centro-unesco-para-la-formacion-en-derechos-humanos-ciudadania-mundial-y-cultura-de-paz\/#primaryimage"},"thumbnailUrl":"https:\/\/formacionejecutiva.com.ar\/empresas\/wp-content\/uploads\/2020\/02\/84444427_10219611859118414_4050598285516210176_n.jpg","articleSection":["Noticias y Novedades"],"inLanguage":"es","potentialAction":[{"@type":"CommentAction","name":"Comment","target":["https:\/\/formacionejecutiva.com.ar\/empresas\/noticias-y-novedades\/recibimos-la-medalla-internacional-antorcha-dorada-por-la-paz-otorgada-por-centro-unesco-para-la-formacion-en-derechos-humanos-ciudadania-mundial-y-cultura-de-paz\/#respond"]}]},{"@type":"WebPage","@id":"https:\/\/formacionejecutiva.com.ar\/empresas\/noticias-y-novedades\/recibimos-la-medalla-internacional-antorcha-dorada-por-la-paz-otorgada-por-centro-unesco-para-la-formacion-en-derechos-humanos-ciudadania-mundial-y-cultura-de-paz\/","url":"https:\/\/formacionejecutiva.com.ar\/empresas\/noticias-y-novedades\/recibimos-la-medalla-internacional-antorcha-dorada-por-la-paz-otorgada-por-centro-unesco-para-la-formacion-en-derechos-humanos-ciudadania-mundial-y-cultura-de-paz\/","name":"Recibimos la MEDALLA INTERNACIONAL \u201cANTORCHA DORADA POR LA PAZ\u201d otorgada por CENTRO UNESCO PARA LA FORMACI\u00d3N EN DERECHOS HUMANOS CIUDADAN\u00cdA MUNDIAL Y CULTURA DE PAZ. - Formaci\u00f3n Ejecutiva","isPartOf":{"@id":"https:\/\/formacionejecutiva.com.ar\/empresas\/#website"},"primaryImageOfPage":{"@id":"https:\/\/formacionejecutiva.com.ar\/empresas\/noticias-y-novedades\/recibimos-la-medalla-internacional-antorcha-dorada-por-la-paz-otorgada-por-centro-unesco-para-la-formacion-en-derechos-humanos-ciudadania-mundial-y-cultura-de-paz\/#primaryimage"},"image":{"@id":"https:\/\/formacionejecutiva.com.ar\/empresas\/noticias-y-novedades\/recibimos-la-medalla-internacional-antorcha-dorada-por-la-paz-otorgada-por-centro-unesco-para-la-formacion-en-derechos-humanos-ciudadania-mundial-y-cultura-de-paz\/#primaryimage"},"thumbnailUrl":"https:\/\/formacionejecutiva.com.ar\/empresas\/wp-content\/uploads\/2020\/02\/84444427_10219611859118414_4050598285516210176_n.jpg","datePublished":"2020-02-06T21:01:50+00:00","dateModified":"2020-02-06T21:01:50+00:00","breadcrumb":{"@id":"https:\/\/formacionejecutiva.com.ar\/empresas\/noticias-y-novedades\/recibimos-la-medalla-internacional-antorcha-dorada-por-la-paz-otorgada-por-centro-unesco-para-la-formacion-en-derechos-humanos-ciudadania-mundial-y-cultura-de-paz\/#breadcrumb"},"inLanguage":"es","potentialAction":[{"@type":"ReadAction","target":["https:\/\/formacionejecutiva.com.ar\/empresas\/noticias-y-novedades\/recibimos-la-medalla-internacional-antorcha-dorada-por-la-paz-otorgada-por-centro-unesco-para-la-formacion-en-derechos-humanos-ciudadania-mundial-y-cultura-de-paz\/"]}]},{"@type":"ImageObject","inLanguage":"es","@id":"https:\/\/formacionejecutiva.com.ar\/empresas\/noticias-y-novedades\/recibimos-la-medalla-internacional-antorcha-dorada-por-la-paz-otorgada-por-centro-unesco-para-la-formacion-en-derechos-humanos-ciudadania-mundial-y-cultura-de-paz\/#primaryimage","url":"https:\/\/formacionejecutiva.com.ar\/empresas\/wp-content\/uploads\/2020\/02\/84444427_10219611859118414_4050598285516210176_n.jpg","contentUrl":"https:\/\/formacionejecutiva.com.ar\/empresas\/wp-content\/uploads\/2020\/02\/84444427_10219611859118414_4050598285516210176_n.jpg","width":662,"height":899},{"@type":"BreadcrumbList","@id":"https:\/\/formacionejecutiva.com.ar\/empresas\/noticias-y-novedades\/recibimos-la-medalla-internacional-antorcha-dorada-por-la-paz-otorgada-por-centro-unesco-para-la-formacion-en-derechos-humanos-ciudadania-mundial-y-cultura-de-paz\/#breadcrumb","itemListElement":[{"@type":"ListItem","position":1,"name":"Portada","item":"https:\/\/formacionejecutiva.com.ar\/empresas\/"},{"@type":"ListItem","position":2,"name":"Recibimos la MEDALLA INTERNACIONAL \u201cANTORCHA DORADA POR LA PAZ\u201d otorgada por CENTRO UNESCO PARA LA FORMACI\u00d3N EN DERECHOS HUMANOS CIUDADAN\u00cdA MUNDIAL Y CULTURA DE PAZ."}]},{"@type":"WebSite","@id":"https:\/\/formacionejecutiva.com.ar\/empresas\/#website","url":"https:\/\/formacionejecutiva.com.ar\/empresas\/","name":"Formaci\u00f3n Ejecutiva","description":"Educaci\u00f3n para profesionales","publisher":{"@id":"https:\/\/formacionejecutiva.com.ar\/empresas\/#organization"},"potentialAction":[{"@type":"SearchAction","target":{"@type":"EntryPoint","urlTemplate":"https:\/\/formacionejecutiva.com.ar\/empresas\/?s={search_term_string}"},"query-input":{"@type":"PropertyValueSpecification","valueRequired":true,"valueName":"search_term_string"}}],"inLanguage":"es"},{"@type":"Organization","@id":"https:\/\/formacionejecutiva.com.ar\/empresas\/#organization","name":"Formaci\u00f3n Ejecutiva","url":"https:\/\/formacionejecutiva.com.ar\/empresas\/","logo":{"@type":"ImageObject","inLanguage":"es","@id":"https:\/\/formacionejecutiva.com.ar\/empresas\/#\/schema\/logo\/image\/","url":"https:\/\/formacionejecutiva.com.ar\/empresas\/wp-content\/uploads\/2018\/12\/cropped-logo-empresas.png","contentUrl":"https:\/\/formacionejecutiva.com.ar\/empresas\/wp-content\/uploads\/2018\/12\/cropped-logo-empresas.png","width":255,"height":85,"caption":"Formaci\u00f3n Ejecutiva"},"image":{"@id":"https:\/\/formacionejecutiva.com.ar\/empresas\/#\/schema\/logo\/image\/"}},{"@type":"Person","@id":"https:\/\/formacionejecutiva.com.ar\/empresas\/#\/schema\/person\/6eaf70cf547635014936f1b71ebfad3c","name":"Luciana Grimaldi","image":{"@type":"ImageObject","inLanguage":"es","@id":"https:\/\/formacionejecutiva.com.ar\/empresas\/#\/schema\/person\/image\/","url":"https:\/\/secure.gravatar.com\/avatar\/0d60cd143e04cbe13daab8355a4019da?s=96&d=mm&r=g","contentUrl":"https:\/\/secure.gravatar.com\/avatar\/0d60cd143e04cbe13daab8355a4019da?s=96&d=mm&r=g","caption":"Luciana Grimaldi"},"url":"https:\/\/formacionejecutiva.com.ar\/empresas\/author\/luciana\/"}]}},"_links":{"self":[{"href":"https:\/\/formacionejecutiva.com.ar\/empresas\/wp-json\/wp\/v2\/posts\/1650","targetHints":{"allow":["GET"]}}],"collection":[{"href":"https:\/\/formacionejecutiva.com.ar\/empresas\/wp-json\/wp\/v2\/posts"}],"about":[{"href":"https:\/\/formacionejecutiva.com.ar\/empresas\/wp-json\/wp\/v2\/types\/post"}],"author":[{"embeddable":true,"href":"https:\/\/formacionejecutiva.com.ar\/empresas\/wp-json\/wp\/v2\/users\/2"}],"replies":[{"embeddable":true,"href":"https:\/\/formacionejecutiva.com.ar\/empresas\/wp-json\/wp\/v2\/comments?post=1650"}],"version-history":[{"count":1,"href":"https:\/\/formacionejecutiva.com.ar\/empresas\/wp-json\/wp\/v2\/posts\/1650\/revisions"}],"predecessor-version":[{"id":1652,"href":"https:\/\/formacionejecutiva.com.ar\/empresas\/wp-json\/wp\/v2\/posts\/1650\/revisions\/1652"}],"wp:featuredmedia":[{"embeddable":true,"href":"https:\/\/formacionejecutiva.com.ar\/empresas\/wp-json\/wp\/v2\/media\/1651"}],"wp:attachment":[{"href":"https:\/\/formacionejecutiva.com.ar\/empresas\/wp-json\/wp\/v2\/media?parent=1650"}],"wp:term":[{"taxonomy":"category","embeddable":true,"href":"https:\/\/formacionejecutiva.com.ar\/empresas\/wp-json\/wp\/v2\/categories?post=1650"},{"taxonomy":"post_tag","embeddable":true,"href":"https:\/\/formacionejecutiva.com.ar\/empresas\/wp-json\/wp\/v2\/tags?post=1650"}],"curies":[{"name":"wp","href":"https:\/\/api.w.org\/{rel}","templated":true}]}}