{"id":1953,"date":"2020-09-08T19:09:57","date_gmt":"2020-09-08T19:09:57","guid":{"rendered":"https:\/\/formacionejecutiva.com.ar\/empresas\/?p=1953"},"modified":"2020-09-08T19:09:57","modified_gmt":"2020-09-08T19:09:57","slug":"mediacion-empresarial-herramienta-de-gestion-competitiva","status":"publish","type":"post","link":"https:\/\/formacionejecutiva.com.ar\/empresas\/noticias-y-novedades\/mediacion-empresarial-herramienta-de-gestion-competitiva\/","title":{"rendered":"MEDIACI\u00d3N EMPRESARIAL: HERRAMIENTA DE GESTI\u00d3N COMPETITIVA"},"content":{"rendered":"<h6>Los conflictos entre los integrantes de una empresa pueden generar situaciones que a la larga pueden tener derivaciones insospechadas. Por eso encontrar una forma de solucionarlos conflictos es fundamental para cualquier organizaci\u00f3n. La mediaci\u00f3n es uno de los recursos m\u00e1s efectivos que se pueden seguir para resolver conflictos y que, no solo puede solucionar el problema, sino que adem\u00e1s es un tipo de gesti\u00f3n que favorecer\u00e1 a la competitividad empresarial. Quiz\u00e1s nos sorprenda hablar de mediaci\u00f3n organizacional como un factor para impulsar la competitividad, sin embargo contar con un modelo de gesti\u00f3n que incluya solucionar r\u00e1pidamente y de manera sencilla y confidencial cualquier conflictos se advierte que genera grandes beneficios.<\/h6>\n<h6>El Mediador ayuda a las personas a dialogar, evitando generar malentendidos, establece por lo menos relaciones de trabajo, aclara problemas y busca soluciones aceptables para ambas partes. El Objetivo es que ambas partes terminen el proceso sinti\u00e9ndose satisfechas siendo los protagonistas de encontrar las soluciones a sus problemas, sin necesidad de que sea \u201cotro\u201d el que les diga lo que tienen que hacer.<\/h6>\n<h6>Las principales caracter\u00edsticas de la mediaci\u00f3n laboral son:<\/h6>\n<ul>\n<li>\n<h6>Reducir la hostilidad y establecer una comunicaci\u00f3n eficaz<\/h6>\n<\/li>\n<li>\n<h6>Ayudar a las partes\u00a0 a comprender las necesidades del otro<\/h6>\n<\/li>\n<li>\n<h6>Plantear y aclarar cuestiones que han sido pasadas por alto<\/h6>\n<\/li>\n<li>\n<h6>Formular preguntas que pongan de manifiesto los intereses reales de cada parte<\/h6>\n<\/li>\n<li>\n<h6>Ayudar a las personas a concebir y comunicar nuevas ideas<\/h6>\n<\/li>\n<li>\n<h6>Ayudar a reformular exigencias que no sean realistas y en t\u00e9rminos m\u00e1s aceptables, etc<\/h6>\n<\/li>\n<li>\n<h6>Ayudar a resolver los problemas, salvaguardando las relaciones<\/h6>\n<\/li>\n<li>\n<h6>Comprobar la receptividad a nuevas propuestas<\/h6>\n<\/li>\n<\/ul>\n<h6><\/h6>\n<h6>La mediaci\u00f3n empresarial generalmente ocurre en una sala de reuniones, con las partes sentadas alrededor de una gran mesa vestidas de ropa formal, podr\u00e1 parece una nimiedad, pero es muy\u00a0 importante la manera en que el mediador se viste y se expresa, y es casi tan importante que el lugar sea adecuado, se le proponen hacer una mediaci\u00f3n en un bar, declin\u00e9 amablemente e intente encontrar una locaci\u00f3n m\u00e1s adecuada, recuerde los clientes saben sobre qu\u00e9 van a mediar, pero no c\u00f3mo hacerlo. Si bien la mediaci\u00f3n debe ser flexible, y per se esa es su ventaja m\u00e1s importante, se trata sobre la versatilidad de la ejecuci\u00f3n de la mediaci\u00f3n, no sobre las formas.<\/h6>\n<h6>El grado de formalidad ser\u00e1 determinado por la situaci\u00f3n y las partes implicadas. En las mediaciones empresariales el grado de formalidad suele ser alto, salvo alguna excepci\u00f3n, y\u00a0 se llega a firmar un \u201cacuerdo de mediaci\u00f3n\u201d formal, que sienta las bases del proceso de mediaci\u00f3n.<\/h6>\n<h6>La voluntariedad como caracter\u00edstica intr\u00ednseca de la mediaci\u00f3n es uno de los elementos m\u00e1s importantes para que sea encarada como la mejor elecci\u00f3n a la hora de resolver conflictos.<\/h6>\n<ul>\n<li>\n<h6>Las partes de una disputa ingresan en el proceso de mediaci\u00f3n por propia decisi\u00f3n<\/h6>\n<\/li>\n<li>\n<h6>Puede determinar que informaci\u00f3n revelan u ocultan<\/h6>\n<\/li>\n<li>\n<h6>Pueden decidir si llegan finalmente a un acuerdo o no<\/h6>\n<\/li>\n<li>\n<h6>Pueden retirarse en cualquier momento y \u201csin perjuicios\u201d<\/h6>\n<\/li>\n<\/ul>\n<h6>\u00bfQu\u00e9 es lo que hace que la mediaci\u00f3n tenga buen resultado?<\/h6>\n<ul>\n<li>\n<h6>La posibilidad de elecci\u00f3n de las partes en conflicto de llegar a un acuerdo si lo desean<\/h6>\n<\/li>\n<li>\n<h6>La b\u00fasqueda del propio inter\u00e9s<\/h6>\n<\/li>\n<li>\n<h6>La libertad de no llegar a un acuerdo si las partes creen que ser\u00eda mejor resolver el problema en los tribunales. Como m\u00ednimo, la mediaci\u00f3n ofrece un medio sin riesgos para obtener datos sobre la situaci\u00f3n y punto de vista de la otra parte, y es mejor que el intercambio de cartas documento, e incluso que un encuentro cara a cara.<\/h6>\n<\/li>\n<\/ul>\n","protected":false},"excerpt":{"rendered":"<p>Los conflictos entre los integrantes de una empresa pueden generar situaciones que a la larga pueden tener derivaciones insospechadas. Por eso encontrar una forma de solucionarlos conflictos es fundamental para cualquier organizaci\u00f3n. La mediaci\u00f3n es uno de los recursos m\u00e1s efectivos que se pueden seguir para resolver conflictos y que, no solo puede solucionar el [&hellip;]<\/p>\n","protected":false},"author":4,"featured_media":1954,"comment_status":"open","ping_status":"open","sticky":false,"template":"","format":"standard","meta":{"site-sidebar-layout":"default","site-content-layout":"default","ast-site-content-layout":"","site-content-style":"default","site-sidebar-style":"default","ast-global-header-display":"","ast-banner-title-visibility":"","ast-main-header-display":"","ast-hfb-above-header-display":"","ast-hfb-below-header-display":"","ast-hfb-mobile-header-display":"","site-post-title":"","ast-breadcrumbs-content":"","ast-featured-img":"","footer-sml-layout":"","theme-transparent-header-meta":"default","adv-header-id-meta":"","stick-header-meta":"","header-above-stick-meta":"","header-main-stick-meta":"","header-below-stick-meta":"","astra-migrate-meta-layouts":"default","ast-page-background-enabled":"default","ast-page-background-meta":{"desktop":{"background-color":"","background-image":"","background-repeat":"repeat","background-position":"center center","background-size":"auto","background-attachment":"scroll","background-type":"","background-media":"","overlay-type":"","overlay-color":"","overlay-opacity":"","overlay-gradient":""},"tablet":{"background-color":"","background-image":"","background-repeat":"repeat","background-position":"center center","background-size":"auto","background-attachment":"scroll","background-type":"","background-media":"","overlay-type":"","overlay-color":"","overlay-opacity":"","overlay-gradient":""},"mobile":{"background-color":"","background-image":"","background-repeat":"repeat","background-position":"center center","background-size":"auto","background-attachment":"scroll","background-type":"","background-media":"","overlay-type":"","overlay-color":"","overlay-opacity":"","overlay-gradient":""}},"ast-content-background-meta":{"desktop":{"background-color":"var(--ast-global-color-5)","background-image":"","background-repeat":"repeat","background-position":"center center","background-size":"auto","background-attachment":"scroll","background-type":"","background-media":"","overlay-type":"","overlay-color":"","overlay-opacity":"","overlay-gradient":""},"tablet":{"background-color":"var(--ast-global-color-5)","background-image":"","background-repeat":"repeat","background-position":"center center","background-size":"auto","background-attachment":"scroll","background-type":"","background-media":"","overlay-type":"","overlay-color":"","overlay-opacity":"","overlay-gradient":""},"mobile":{"background-color":"var(--ast-global-color-5)","background-image":"","background-repeat":"repeat","background-position":"center center","background-size":"auto","background-attachment":"scroll","background-type":"","background-media":"","overlay-type":"","overlay-color":"","overlay-opacity":"","overlay-gradient":""}},"_joinchat":[],"footnotes":""},"categories":[5],"tags":[],"class_list":["post-1953","post","type-post","status-publish","format-standard","has-post-thumbnail","hentry","category-noticias-y-novedades"],"yoast_head":"<!-- This site is optimized with the Yoast SEO plugin v23.5 - https:\/\/yoast.com\/wordpress\/plugins\/seo\/ -->\n<title>MEDIACI\u00d3N EMPRESARIAL: HERRAMIENTA DE GESTI\u00d3N COMPETITIVA - Formaci\u00f3n Ejecutiva<\/title>\n<meta name=\"robots\" content=\"index, follow, max-snippet:-1, max-image-preview:large, max-video-preview:-1\" \/>\n<link rel=\"canonical\" href=\"https:\/\/formacionejecutiva.com.ar\/empresas\/noticias-y-novedades\/mediacion-empresarial-herramienta-de-gestion-competitiva\/\" \/>\n<meta property=\"og:locale\" content=\"es_ES\" \/>\n<meta property=\"og:type\" content=\"article\" \/>\n<meta property=\"og:title\" content=\"MEDIACI\u00d3N EMPRESARIAL: HERRAMIENTA DE GESTI\u00d3N COMPETITIVA - Formaci\u00f3n Ejecutiva\" \/>\n<meta property=\"og:description\" content=\"Los conflictos entre los integrantes de una empresa pueden generar situaciones que a la larga pueden tener derivaciones insospechadas. Por eso encontrar una forma de solucionarlos conflictos es fundamental para cualquier organizaci\u00f3n. La mediaci\u00f3n es uno de los recursos m\u00e1s efectivos que se pueden seguir para resolver conflictos y que, no solo puede solucionar el [&hellip;]\" \/>\n<meta property=\"og:url\" content=\"https:\/\/formacionejecutiva.com.ar\/empresas\/noticias-y-novedades\/mediacion-empresarial-herramienta-de-gestion-competitiva\/\" \/>\n<meta property=\"og:site_name\" content=\"Formaci\u00f3n Ejecutiva\" \/>\n<meta property=\"article:published_time\" content=\"2020-09-08T19:09:57+00:00\" \/>\n<meta property=\"og:image\" content=\"https:\/\/formacionejecutiva.com.ar\/empresas\/wp-content\/uploads\/2020\/09\/bolivia.jpg\" \/>\n\t<meta property=\"og:image:width\" content=\"750\" \/>\n\t<meta property=\"og:image:height\" content=\"450\" \/>\n\t<meta property=\"og:image:type\" content=\"image\/jpeg\" \/>\n<meta name=\"author\" content=\"andrea.ribera\" \/>\n<meta name=\"twitter:card\" content=\"summary_large_image\" \/>\n<meta name=\"twitter:label1\" content=\"Escrito por\" \/>\n\t<meta name=\"twitter:data1\" content=\"andrea.ribera\" \/>\n\t<meta name=\"twitter:label2\" content=\"Tiempo de lectura\" \/>\n\t<meta name=\"twitter:data2\" content=\"3 minutos\" \/>\n<script type=\"application\/ld+json\" class=\"yoast-schema-graph\">{\"@context\":\"https:\/\/schema.org\",\"@graph\":[{\"@type\":\"Article\",\"@id\":\"https:\/\/formacionejecutiva.com.ar\/empresas\/noticias-y-novedades\/mediacion-empresarial-herramienta-de-gestion-competitiva\/#article\",\"isPartOf\":{\"@id\":\"https:\/\/formacionejecutiva.com.ar\/empresas\/noticias-y-novedades\/mediacion-empresarial-herramienta-de-gestion-competitiva\/\"},\"author\":{\"name\":\"andrea.ribera\",\"@id\":\"https:\/\/formacionejecutiva.com.ar\/empresas\/#\/schema\/person\/93e793b6de4de365af8b15a3d0f85a22\"},\"headline\":\"MEDIACI\u00d3N EMPRESARIAL: HERRAMIENTA DE GESTI\u00d3N COMPETITIVA\",\"datePublished\":\"2020-09-08T19:09:57+00:00\",\"dateModified\":\"2020-09-08T19:09:57+00:00\",\"mainEntityOfPage\":{\"@id\":\"https:\/\/formacionejecutiva.com.ar\/empresas\/noticias-y-novedades\/mediacion-empresarial-herramienta-de-gestion-competitiva\/\"},\"wordCount\":632,\"commentCount\":0,\"publisher\":{\"@id\":\"https:\/\/formacionejecutiva.com.ar\/empresas\/#organization\"},\"image\":{\"@id\":\"https:\/\/formacionejecutiva.com.ar\/empresas\/noticias-y-novedades\/mediacion-empresarial-herramienta-de-gestion-competitiva\/#primaryimage\"},\"thumbnailUrl\":\"https:\/\/formacionejecutiva.com.ar\/empresas\/wp-content\/uploads\/2020\/09\/bolivia.jpg\",\"articleSection\":[\"Noticias y Novedades\"],\"inLanguage\":\"es\",\"potentialAction\":[{\"@type\":\"CommentAction\",\"name\":\"Comment\",\"target\":[\"https:\/\/formacionejecutiva.com.ar\/empresas\/noticias-y-novedades\/mediacion-empresarial-herramienta-de-gestion-competitiva\/#respond\"]}]},{\"@type\":\"WebPage\",\"@id\":\"https:\/\/formacionejecutiva.com.ar\/empresas\/noticias-y-novedades\/mediacion-empresarial-herramienta-de-gestion-competitiva\/\",\"url\":\"https:\/\/formacionejecutiva.com.ar\/empresas\/noticias-y-novedades\/mediacion-empresarial-herramienta-de-gestion-competitiva\/\",\"name\":\"MEDIACI\u00d3N EMPRESARIAL: HERRAMIENTA DE GESTI\u00d3N COMPETITIVA - Formaci\u00f3n Ejecutiva\",\"isPartOf\":{\"@id\":\"https:\/\/formacionejecutiva.com.ar\/empresas\/#website\"},\"primaryImageOfPage\":{\"@id\":\"https:\/\/formacionejecutiva.com.ar\/empresas\/noticias-y-novedades\/mediacion-empresarial-herramienta-de-gestion-competitiva\/#primaryimage\"},\"image\":{\"@id\":\"https:\/\/formacionejecutiva.com.ar\/empresas\/noticias-y-novedades\/mediacion-empresarial-herramienta-de-gestion-competitiva\/#primaryimage\"},\"thumbnailUrl\":\"https:\/\/formacionejecutiva.com.ar\/empresas\/wp-content\/uploads\/2020\/09\/bolivia.jpg\",\"datePublished\":\"2020-09-08T19:09:57+00:00\",\"dateModified\":\"2020-09-08T19:09:57+00:00\",\"breadcrumb\":{\"@id\":\"https:\/\/formacionejecutiva.com.ar\/empresas\/noticias-y-novedades\/mediacion-empresarial-herramienta-de-gestion-competitiva\/#breadcrumb\"},\"inLanguage\":\"es\",\"potentialAction\":[{\"@type\":\"ReadAction\",\"target\":[\"https:\/\/formacionejecutiva.com.ar\/empresas\/noticias-y-novedades\/mediacion-empresarial-herramienta-de-gestion-competitiva\/\"]}]},{\"@type\":\"ImageObject\",\"inLanguage\":\"es\",\"@id\":\"https:\/\/formacionejecutiva.com.ar\/empresas\/noticias-y-novedades\/mediacion-empresarial-herramienta-de-gestion-competitiva\/#primaryimage\",\"url\":\"https:\/\/formacionejecutiva.com.ar\/empresas\/wp-content\/uploads\/2020\/09\/bolivia.jpg\",\"contentUrl\":\"https:\/\/formacionejecutiva.com.ar\/empresas\/wp-content\/uploads\/2020\/09\/bolivia.jpg\",\"width\":750,\"height\":450},{\"@type\":\"BreadcrumbList\",\"@id\":\"https:\/\/formacionejecutiva.com.ar\/empresas\/noticias-y-novedades\/mediacion-empresarial-herramienta-de-gestion-competitiva\/#breadcrumb\",\"itemListElement\":[{\"@type\":\"ListItem\",\"position\":1,\"name\":\"Portada\",\"item\":\"https:\/\/formacionejecutiva.com.ar\/empresas\/\"},{\"@type\":\"ListItem\",\"position\":2,\"name\":\"MEDIACI\u00d3N EMPRESARIAL: HERRAMIENTA DE GESTI\u00d3N COMPETITIVA\"}]},{\"@type\":\"WebSite\",\"@id\":\"https:\/\/formacionejecutiva.com.ar\/empresas\/#website\",\"url\":\"https:\/\/formacionejecutiva.com.ar\/empresas\/\",\"name\":\"Formaci\u00f3n Ejecutiva\",\"description\":\"Educaci\u00f3n para profesionales\",\"publisher\":{\"@id\":\"https:\/\/formacionejecutiva.com.ar\/empresas\/#organization\"},\"potentialAction\":[{\"@type\":\"SearchAction\",\"target\":{\"@type\":\"EntryPoint\",\"urlTemplate\":\"https:\/\/formacionejecutiva.com.ar\/empresas\/?s={search_term_string}\"},\"query-input\":{\"@type\":\"PropertyValueSpecification\",\"valueRequired\":true,\"valueName\":\"search_term_string\"}}],\"inLanguage\":\"es\"},{\"@type\":\"Organization\",\"@id\":\"https:\/\/formacionejecutiva.com.ar\/empresas\/#organization\",\"name\":\"Formaci\u00f3n Ejecutiva\",\"url\":\"https:\/\/formacionejecutiva.com.ar\/empresas\/\",\"logo\":{\"@type\":\"ImageObject\",\"inLanguage\":\"es\",\"@id\":\"https:\/\/formacionejecutiva.com.ar\/empresas\/#\/schema\/logo\/image\/\",\"url\":\"https:\/\/formacionejecutiva.com.ar\/empresas\/wp-content\/uploads\/2018\/12\/cropped-logo-empresas.png\",\"contentUrl\":\"https:\/\/formacionejecutiva.com.ar\/empresas\/wp-content\/uploads\/2018\/12\/cropped-logo-empresas.png\",\"width\":255,\"height\":85,\"caption\":\"Formaci\u00f3n Ejecutiva\"},\"image\":{\"@id\":\"https:\/\/formacionejecutiva.com.ar\/empresas\/#\/schema\/logo\/image\/\"}},{\"@type\":\"Person\",\"@id\":\"https:\/\/formacionejecutiva.com.ar\/empresas\/#\/schema\/person\/93e793b6de4de365af8b15a3d0f85a22\",\"name\":\"andrea.ribera\",\"image\":{\"@type\":\"ImageObject\",\"inLanguage\":\"es\",\"@id\":\"https:\/\/formacionejecutiva.com.ar\/empresas\/#\/schema\/person\/image\/\",\"url\":\"https:\/\/secure.gravatar.com\/avatar\/b4f692b619ce4531696bd2d44ea93fdf?s=96&d=mm&r=g\",\"contentUrl\":\"https:\/\/secure.gravatar.com\/avatar\/b4f692b619ce4531696bd2d44ea93fdf?s=96&d=mm&r=g\",\"caption\":\"andrea.ribera\"},\"url\":\"https:\/\/formacionejecutiva.com.ar\/empresas\/author\/andrea-ribera\/\"}]}<\/script>\n<!-- \/ Yoast SEO plugin. -->","yoast_head_json":{"title":"MEDIACI\u00d3N EMPRESARIAL: HERRAMIENTA DE GESTI\u00d3N COMPETITIVA - Formaci\u00f3n Ejecutiva","robots":{"index":"index","follow":"follow","max-snippet":"max-snippet:-1","max-image-preview":"max-image-preview:large","max-video-preview":"max-video-preview:-1"},"canonical":"https:\/\/formacionejecutiva.com.ar\/empresas\/noticias-y-novedades\/mediacion-empresarial-herramienta-de-gestion-competitiva\/","og_locale":"es_ES","og_type":"article","og_title":"MEDIACI\u00d3N EMPRESARIAL: HERRAMIENTA DE GESTI\u00d3N COMPETITIVA - Formaci\u00f3n Ejecutiva","og_description":"Los conflictos entre los integrantes de una empresa pueden generar situaciones que a la larga pueden tener derivaciones insospechadas. Por eso encontrar una forma de solucionarlos conflictos es fundamental para cualquier organizaci\u00f3n. La mediaci\u00f3n es uno de los recursos m\u00e1s efectivos que se pueden seguir para resolver conflictos y que, no solo puede solucionar el [&hellip;]","og_url":"https:\/\/formacionejecutiva.com.ar\/empresas\/noticias-y-novedades\/mediacion-empresarial-herramienta-de-gestion-competitiva\/","og_site_name":"Formaci\u00f3n Ejecutiva","article_published_time":"2020-09-08T19:09:57+00:00","og_image":[{"width":750,"height":450,"url":"https:\/\/formacionejecutiva.com.ar\/empresas\/wp-content\/uploads\/2020\/09\/bolivia.jpg","type":"image\/jpeg"}],"author":"andrea.ribera","twitter_card":"summary_large_image","twitter_misc":{"Escrito por":"andrea.ribera","Tiempo de lectura":"3 minutos"},"schema":{"@context":"https:\/\/schema.org","@graph":[{"@type":"Article","@id":"https:\/\/formacionejecutiva.com.ar\/empresas\/noticias-y-novedades\/mediacion-empresarial-herramienta-de-gestion-competitiva\/#article","isPartOf":{"@id":"https:\/\/formacionejecutiva.com.ar\/empresas\/noticias-y-novedades\/mediacion-empresarial-herramienta-de-gestion-competitiva\/"},"author":{"name":"andrea.ribera","@id":"https:\/\/formacionejecutiva.com.ar\/empresas\/#\/schema\/person\/93e793b6de4de365af8b15a3d0f85a22"},"headline":"MEDIACI\u00d3N EMPRESARIAL: HERRAMIENTA DE GESTI\u00d3N COMPETITIVA","datePublished":"2020-09-08T19:09:57+00:00","dateModified":"2020-09-08T19:09:57+00:00","mainEntityOfPage":{"@id":"https:\/\/formacionejecutiva.com.ar\/empresas\/noticias-y-novedades\/mediacion-empresarial-herramienta-de-gestion-competitiva\/"},"wordCount":632,"commentCount":0,"publisher":{"@id":"https:\/\/formacionejecutiva.com.ar\/empresas\/#organization"},"image":{"@id":"https:\/\/formacionejecutiva.com.ar\/empresas\/noticias-y-novedades\/mediacion-empresarial-herramienta-de-gestion-competitiva\/#primaryimage"},"thumbnailUrl":"https:\/\/formacionejecutiva.com.ar\/empresas\/wp-content\/uploads\/2020\/09\/bolivia.jpg","articleSection":["Noticias y Novedades"],"inLanguage":"es","potentialAction":[{"@type":"CommentAction","name":"Comment","target":["https:\/\/formacionejecutiva.com.ar\/empresas\/noticias-y-novedades\/mediacion-empresarial-herramienta-de-gestion-competitiva\/#respond"]}]},{"@type":"WebPage","@id":"https:\/\/formacionejecutiva.com.ar\/empresas\/noticias-y-novedades\/mediacion-empresarial-herramienta-de-gestion-competitiva\/","url":"https:\/\/formacionejecutiva.com.ar\/empresas\/noticias-y-novedades\/mediacion-empresarial-herramienta-de-gestion-competitiva\/","name":"MEDIACI\u00d3N EMPRESARIAL: HERRAMIENTA DE GESTI\u00d3N COMPETITIVA - Formaci\u00f3n Ejecutiva","isPartOf":{"@id":"https:\/\/formacionejecutiva.com.ar\/empresas\/#website"},"primaryImageOfPage":{"@id":"https:\/\/formacionejecutiva.com.ar\/empresas\/noticias-y-novedades\/mediacion-empresarial-herramienta-de-gestion-competitiva\/#primaryimage"},"image":{"@id":"https:\/\/formacionejecutiva.com.ar\/empresas\/noticias-y-novedades\/mediacion-empresarial-herramienta-de-gestion-competitiva\/#primaryimage"},"thumbnailUrl":"https:\/\/formacionejecutiva.com.ar\/empresas\/wp-content\/uploads\/2020\/09\/bolivia.jpg","datePublished":"2020-09-08T19:09:57+00:00","dateModified":"2020-09-08T19:09:57+00:00","breadcrumb":{"@id":"https:\/\/formacionejecutiva.com.ar\/empresas\/noticias-y-novedades\/mediacion-empresarial-herramienta-de-gestion-competitiva\/#breadcrumb"},"inLanguage":"es","potentialAction":[{"@type":"ReadAction","target":["https:\/\/formacionejecutiva.com.ar\/empresas\/noticias-y-novedades\/mediacion-empresarial-herramienta-de-gestion-competitiva\/"]}]},{"@type":"ImageObject","inLanguage":"es","@id":"https:\/\/formacionejecutiva.com.ar\/empresas\/noticias-y-novedades\/mediacion-empresarial-herramienta-de-gestion-competitiva\/#primaryimage","url":"https:\/\/formacionejecutiva.com.ar\/empresas\/wp-content\/uploads\/2020\/09\/bolivia.jpg","contentUrl":"https:\/\/formacionejecutiva.com.ar\/empresas\/wp-content\/uploads\/2020\/09\/bolivia.jpg","width":750,"height":450},{"@type":"BreadcrumbList","@id":"https:\/\/formacionejecutiva.com.ar\/empresas\/noticias-y-novedades\/mediacion-empresarial-herramienta-de-gestion-competitiva\/#breadcrumb","itemListElement":[{"@type":"ListItem","position":1,"name":"Portada","item":"https:\/\/formacionejecutiva.com.ar\/empresas\/"},{"@type":"ListItem","position":2,"name":"MEDIACI\u00d3N EMPRESARIAL: HERRAMIENTA DE GESTI\u00d3N COMPETITIVA"}]},{"@type":"WebSite","@id":"https:\/\/formacionejecutiva.com.ar\/empresas\/#website","url":"https:\/\/formacionejecutiva.com.ar\/empresas\/","name":"Formaci\u00f3n Ejecutiva","description":"Educaci\u00f3n para profesionales","publisher":{"@id":"https:\/\/formacionejecutiva.com.ar\/empresas\/#organization"},"potentialAction":[{"@type":"SearchAction","target":{"@type":"EntryPoint","urlTemplate":"https:\/\/formacionejecutiva.com.ar\/empresas\/?s={search_term_string}"},"query-input":{"@type":"PropertyValueSpecification","valueRequired":true,"valueName":"search_term_string"}}],"inLanguage":"es"},{"@type":"Organization","@id":"https:\/\/formacionejecutiva.com.ar\/empresas\/#organization","name":"Formaci\u00f3n Ejecutiva","url":"https:\/\/formacionejecutiva.com.ar\/empresas\/","logo":{"@type":"ImageObject","inLanguage":"es","@id":"https:\/\/formacionejecutiva.com.ar\/empresas\/#\/schema\/logo\/image\/","url":"https:\/\/formacionejecutiva.com.ar\/empresas\/wp-content\/uploads\/2018\/12\/cropped-logo-empresas.png","contentUrl":"https:\/\/formacionejecutiva.com.ar\/empresas\/wp-content\/uploads\/2018\/12\/cropped-logo-empresas.png","width":255,"height":85,"caption":"Formaci\u00f3n Ejecutiva"},"image":{"@id":"https:\/\/formacionejecutiva.com.ar\/empresas\/#\/schema\/logo\/image\/"}},{"@type":"Person","@id":"https:\/\/formacionejecutiva.com.ar\/empresas\/#\/schema\/person\/93e793b6de4de365af8b15a3d0f85a22","name":"andrea.ribera","image":{"@type":"ImageObject","inLanguage":"es","@id":"https:\/\/formacionejecutiva.com.ar\/empresas\/#\/schema\/person\/image\/","url":"https:\/\/secure.gravatar.com\/avatar\/b4f692b619ce4531696bd2d44ea93fdf?s=96&d=mm&r=g","contentUrl":"https:\/\/secure.gravatar.com\/avatar\/b4f692b619ce4531696bd2d44ea93fdf?s=96&d=mm&r=g","caption":"andrea.ribera"},"url":"https:\/\/formacionejecutiva.com.ar\/empresas\/author\/andrea-ribera\/"}]}},"_links":{"self":[{"href":"https:\/\/formacionejecutiva.com.ar\/empresas\/wp-json\/wp\/v2\/posts\/1953","targetHints":{"allow":["GET"]}}],"collection":[{"href":"https:\/\/formacionejecutiva.com.ar\/empresas\/wp-json\/wp\/v2\/posts"}],"about":[{"href":"https:\/\/formacionejecutiva.com.ar\/empresas\/wp-json\/wp\/v2\/types\/post"}],"author":[{"embeddable":true,"href":"https:\/\/formacionejecutiva.com.ar\/empresas\/wp-json\/wp\/v2\/users\/4"}],"replies":[{"embeddable":true,"href":"https:\/\/formacionejecutiva.com.ar\/empresas\/wp-json\/wp\/v2\/comments?post=1953"}],"version-history":[{"count":2,"href":"https:\/\/formacionejecutiva.com.ar\/empresas\/wp-json\/wp\/v2\/posts\/1953\/revisions"}],"predecessor-version":[{"id":2110,"href":"https:\/\/formacionejecutiva.com.ar\/empresas\/wp-json\/wp\/v2\/posts\/1953\/revisions\/2110"}],"wp:featuredmedia":[{"embeddable":true,"href":"https:\/\/formacionejecutiva.com.ar\/empresas\/wp-json\/wp\/v2\/media\/1954"}],"wp:attachment":[{"href":"https:\/\/formacionejecutiva.com.ar\/empresas\/wp-json\/wp\/v2\/media?parent=1953"}],"wp:term":[{"taxonomy":"category","embeddable":true,"href":"https:\/\/formacionejecutiva.com.ar\/empresas\/wp-json\/wp\/v2\/categories?post=1953"},{"taxonomy":"post_tag","embeddable":true,"href":"https:\/\/formacionejecutiva.com.ar\/empresas\/wp-json\/wp\/v2\/tags?post=1953"}],"curies":[{"name":"wp","href":"https:\/\/api.w.org\/{rel}","templated":true}]}}