{"id":2118,"date":"2021-06-23T19:17:03","date_gmt":"2021-06-23T19:17:03","guid":{"rendered":"https:\/\/formacionejecutiva.com.ar\/empresas\/?p=2118"},"modified":"2021-06-23T19:19:20","modified_gmt":"2021-06-23T19:19:20","slug":"nuevo-plan-de-formacion-basica-en-mediacion","status":"publish","type":"post","link":"https:\/\/formacionejecutiva.com.ar\/empresas\/noticias-y-novedades\/nuevo-plan-de-formacion-basica-en-mediacion\/","title":{"rendered":"<b>Nuevo Plan de Formaci\u00f3n B\u00e1sica en Mediaci\u00f3n<\/b>"},"content":{"rendered":"<p>El pasado 4 de Junio nos reunimos por Zoom con el <strong>Doctor Patricio Ferrazzano Director de la Direcci\u00f3n Nacional de Mediaci\u00f3n<\/strong> ,y la <strong>Dra. Luciana Grimaldi<\/strong> responsable institucional de la Instituci\u00f3n formadora Nro 37 AAMI Asociaci\u00f3n Argentina de Mediaci\u00f3n Interdisciplinaria y la <strong>Dra. Mar\u00eda Gabriela Gonzalez Vendrell<\/strong> responsable institucional de la Entidad Formadora Nro 12 en el marco del trabajo que se viene realizando desde esa Direcci\u00f3n Nacional para la redacci\u00f3n de un <strong>nuevo Plan de Formaci\u00f3n B\u00e1sica en Mediaci\u00f3n<\/strong>, incorporando la alternativa de modalidad mixta o semipresencial (entre otras cuestiones de inter\u00e9s) para aportar con nuestra participaci\u00f3n en la definici\u00f3n del nuevo programa.<\/p>\n","protected":false},"excerpt":{"rendered":"<p>El pasado 4 de Junio nos reunimos por Zoom con el Doctor Patricio Ferrazzano Director de la Direcci\u00f3n Nacional de Mediaci\u00f3n ,y la Dra. Luciana Grimaldi responsable institucional de la Instituci\u00f3n formadora Nro 37 AAMI Asociaci\u00f3n Argentina de Mediaci\u00f3n Interdisciplinaria y la Dra. Mar\u00eda Gabriela Gonzalez Vendrell responsable institucional de la Entidad Formadora Nro 12 [&hellip;]<\/p>\n","protected":false},"author":3,"featured_media":2121,"comment_status":"open","ping_status":"open","sticky":false,"template":"","format":"standard","meta":{"site-sidebar-layout":"default","site-content-layout":"default","ast-site-content-layout":"","site-content-style":"default","site-sidebar-style":"default","ast-global-header-display":"","ast-banner-title-visibility":"","ast-main-header-display":"","ast-hfb-above-header-display":"","ast-hfb-below-header-display":"","ast-hfb-mobile-header-display":"","site-post-title":"","ast-breadcrumbs-content":"","ast-featured-img":"","footer-sml-layout":"","theme-transparent-header-meta":"default","adv-header-id-meta":"","stick-header-meta":"","header-above-stick-meta":"","header-main-stick-meta":"","header-below-stick-meta":"","astra-migrate-meta-layouts":"default","ast-page-background-enabled":"default","ast-page-background-meta":{"desktop":{"background-color":"","background-image":"","background-repeat":"repeat","background-position":"center center","background-size":"auto","background-attachment":"scroll","background-type":"","background-media":"","overlay-type":"","overlay-color":"","overlay-opacity":"","overlay-gradient":""},"tablet":{"background-color":"","background-image":"","background-repeat":"repeat","background-position":"center center","background-size":"auto","background-attachment":"scroll","background-type":"","background-media":"","overlay-type":"","overlay-color":"","overlay-opacity":"","overlay-gradient":""},"mobile":{"background-color":"","background-image":"","background-repeat":"repeat","background-position":"center center","background-size":"auto","background-attachment":"scroll","background-type":"","background-media":"","overlay-type":"","overlay-color":"","overlay-opacity":"","overlay-gradient":""}},"ast-content-background-meta":{"desktop":{"background-color":"var(--ast-global-color-5)","background-image":"","background-repeat":"repeat","background-position":"center center","background-size":"auto","background-attachment":"scroll","background-type":"","background-media":"","overlay-type":"","overlay-color":"","overlay-opacity":"","overlay-gradient":""},"tablet":{"background-color":"var(--ast-global-color-5)","background-image":"","background-repeat":"repeat","background-position":"center center","background-size":"auto","background-attachment":"scroll","background-type":"","background-media":"","overlay-type":"","overlay-color":"","overlay-opacity":"","overlay-gradient":""},"mobile":{"background-color":"var(--ast-global-color-5)","background-image":"","background-repeat":"repeat","background-position":"center center","background-size":"auto","background-attachment":"scroll","background-type":"","background-media":"","overlay-type":"","overlay-color":"","overlay-opacity":"","overlay-gradient":""}},"_joinchat":[],"footnotes":""},"categories":[5],"tags":[],"class_list":["post-2118","post","type-post","status-publish","format-standard","has-post-thumbnail","hentry","category-noticias-y-novedades"],"yoast_head":"<!-- This site is optimized with the Yoast SEO plugin v23.5 - https:\/\/yoast.com\/wordpress\/plugins\/seo\/ -->\n<title>Nuevo Plan de Formaci\u00f3n B\u00e1sica en Mediaci\u00f3n - Formaci\u00f3n Ejecutiva<\/title>\n<meta name=\"robots\" content=\"index, follow, max-snippet:-1, max-image-preview:large, max-video-preview:-1\" \/>\n<link rel=\"canonical\" href=\"https:\/\/formacionejecutiva.com.ar\/empresas\/noticias-y-novedades\/nuevo-plan-de-formacion-basica-en-mediacion\/\" \/>\n<meta property=\"og:locale\" content=\"es_ES\" \/>\n<meta property=\"og:type\" content=\"article\" \/>\n<meta property=\"og:title\" content=\"Nuevo Plan de Formaci\u00f3n B\u00e1sica en Mediaci\u00f3n - Formaci\u00f3n Ejecutiva\" \/>\n<meta property=\"og:description\" content=\"El pasado 4 de Junio nos reunimos por Zoom con el Doctor Patricio Ferrazzano Director de la Direcci\u00f3n Nacional de Mediaci\u00f3n ,y la Dra. Luciana Grimaldi responsable institucional de la Instituci\u00f3n formadora Nro 37 AAMI Asociaci\u00f3n Argentina de Mediaci\u00f3n Interdisciplinaria y la Dra. Mar\u00eda Gabriela Gonzalez Vendrell responsable institucional de la Entidad Formadora Nro 12 [&hellip;]\" \/>\n<meta property=\"og:url\" content=\"https:\/\/formacionejecutiva.com.ar\/empresas\/noticias-y-novedades\/nuevo-plan-de-formacion-basica-en-mediacion\/\" \/>\n<meta property=\"og:site_name\" content=\"Formaci\u00f3n Ejecutiva\" \/>\n<meta property=\"article:published_time\" content=\"2021-06-23T19:17:03+00:00\" \/>\n<meta property=\"article:modified_time\" content=\"2021-06-23T19:19:20+00:00\" \/>\n<meta property=\"og:image\" content=\"https:\/\/formacionejecutiva.com.ar\/empresas\/wp-content\/uploads\/2021\/06\/Untitled-2.jpg\" \/>\n\t<meta property=\"og:image:width\" content=\"567\" \/>\n\t<meta property=\"og:image:height\" content=\"319\" \/>\n\t<meta property=\"og:image:type\" content=\"image\/jpeg\" \/>\n<meta name=\"author\" content=\"Daniel\" \/>\n<meta name=\"twitter:card\" content=\"summary_large_image\" \/>\n<meta name=\"twitter:label1\" content=\"Escrito por\" \/>\n\t<meta name=\"twitter:data1\" content=\"Daniel\" \/>\n\t<meta name=\"twitter:label2\" content=\"Tiempo de lectura\" \/>\n\t<meta name=\"twitter:data2\" content=\"1 minuto\" \/>\n<script type=\"application\/ld+json\" class=\"yoast-schema-graph\">{\"@context\":\"https:\/\/schema.org\",\"@graph\":[{\"@type\":\"Article\",\"@id\":\"https:\/\/formacionejecutiva.com.ar\/empresas\/noticias-y-novedades\/nuevo-plan-de-formacion-basica-en-mediacion\/#article\",\"isPartOf\":{\"@id\":\"https:\/\/formacionejecutiva.com.ar\/empresas\/noticias-y-novedades\/nuevo-plan-de-formacion-basica-en-mediacion\/\"},\"author\":{\"name\":\"Daniel\",\"@id\":\"https:\/\/formacionejecutiva.com.ar\/empresas\/#\/schema\/person\/222d86c959c3db84eda961c48a5f2cb9\"},\"headline\":\"Nuevo Plan de Formaci\u00f3n B\u00e1sica en Mediaci\u00f3n\",\"datePublished\":\"2021-06-23T19:17:03+00:00\",\"dateModified\":\"2021-06-23T19:19:20+00:00\",\"mainEntityOfPage\":{\"@id\":\"https:\/\/formacionejecutiva.com.ar\/empresas\/noticias-y-novedades\/nuevo-plan-de-formacion-basica-en-mediacion\/\"},\"wordCount\":125,\"commentCount\":0,\"publisher\":{\"@id\":\"https:\/\/formacionejecutiva.com.ar\/empresas\/#organization\"},\"image\":{\"@id\":\"https:\/\/formacionejecutiva.com.ar\/empresas\/noticias-y-novedades\/nuevo-plan-de-formacion-basica-en-mediacion\/#primaryimage\"},\"thumbnailUrl\":\"https:\/\/formacionejecutiva.com.ar\/empresas\/wp-content\/uploads\/2021\/06\/Untitled-2.jpg\",\"articleSection\":[\"Noticias y Novedades\"],\"inLanguage\":\"es\",\"potentialAction\":[{\"@type\":\"CommentAction\",\"name\":\"Comment\",\"target\":[\"https:\/\/formacionejecutiva.com.ar\/empresas\/noticias-y-novedades\/nuevo-plan-de-formacion-basica-en-mediacion\/#respond\"]}]},{\"@type\":\"WebPage\",\"@id\":\"https:\/\/formacionejecutiva.com.ar\/empresas\/noticias-y-novedades\/nuevo-plan-de-formacion-basica-en-mediacion\/\",\"url\":\"https:\/\/formacionejecutiva.com.ar\/empresas\/noticias-y-novedades\/nuevo-plan-de-formacion-basica-en-mediacion\/\",\"name\":\"Nuevo Plan de Formaci\u00f3n B\u00e1sica en Mediaci\u00f3n - Formaci\u00f3n Ejecutiva\",\"isPartOf\":{\"@id\":\"https:\/\/formacionejecutiva.com.ar\/empresas\/#website\"},\"primaryImageOfPage\":{\"@id\":\"https:\/\/formacionejecutiva.com.ar\/empresas\/noticias-y-novedades\/nuevo-plan-de-formacion-basica-en-mediacion\/#primaryimage\"},\"image\":{\"@id\":\"https:\/\/formacionejecutiva.com.ar\/empresas\/noticias-y-novedades\/nuevo-plan-de-formacion-basica-en-mediacion\/#primaryimage\"},\"thumbnailUrl\":\"https:\/\/formacionejecutiva.com.ar\/empresas\/wp-content\/uploads\/2021\/06\/Untitled-2.jpg\",\"datePublished\":\"2021-06-23T19:17:03+00:00\",\"dateModified\":\"2021-06-23T19:19:20+00:00\",\"breadcrumb\":{\"@id\":\"https:\/\/formacionejecutiva.com.ar\/empresas\/noticias-y-novedades\/nuevo-plan-de-formacion-basica-en-mediacion\/#breadcrumb\"},\"inLanguage\":\"es\",\"potentialAction\":[{\"@type\":\"ReadAction\",\"target\":[\"https:\/\/formacionejecutiva.com.ar\/empresas\/noticias-y-novedades\/nuevo-plan-de-formacion-basica-en-mediacion\/\"]}]},{\"@type\":\"ImageObject\",\"inLanguage\":\"es\",\"@id\":\"https:\/\/formacionejecutiva.com.ar\/empresas\/noticias-y-novedades\/nuevo-plan-de-formacion-basica-en-mediacion\/#primaryimage\",\"url\":\"https:\/\/formacionejecutiva.com.ar\/empresas\/wp-content\/uploads\/2021\/06\/Untitled-2.jpg\",\"contentUrl\":\"https:\/\/formacionejecutiva.com.ar\/empresas\/wp-content\/uploads\/2021\/06\/Untitled-2.jpg\",\"width\":567,\"height\":319,\"caption\":\"formacion mediacion\"},{\"@type\":\"BreadcrumbList\",\"@id\":\"https:\/\/formacionejecutiva.com.ar\/empresas\/noticias-y-novedades\/nuevo-plan-de-formacion-basica-en-mediacion\/#breadcrumb\",\"itemListElement\":[{\"@type\":\"ListItem\",\"position\":1,\"name\":\"Portada\",\"item\":\"https:\/\/formacionejecutiva.com.ar\/empresas\/\"},{\"@type\":\"ListItem\",\"position\":2,\"name\":\"Nuevo Plan de Formaci\u00f3n B\u00e1sica en Mediaci\u00f3n\"}]},{\"@type\":\"WebSite\",\"@id\":\"https:\/\/formacionejecutiva.com.ar\/empresas\/#website\",\"url\":\"https:\/\/formacionejecutiva.com.ar\/empresas\/\",\"name\":\"Formaci\u00f3n Ejecutiva\",\"description\":\"Educaci\u00f3n para profesionales\",\"publisher\":{\"@id\":\"https:\/\/formacionejecutiva.com.ar\/empresas\/#organization\"},\"potentialAction\":[{\"@type\":\"SearchAction\",\"target\":{\"@type\":\"EntryPoint\",\"urlTemplate\":\"https:\/\/formacionejecutiva.com.ar\/empresas\/?s={search_term_string}\"},\"query-input\":{\"@type\":\"PropertyValueSpecification\",\"valueRequired\":true,\"valueName\":\"search_term_string\"}}],\"inLanguage\":\"es\"},{\"@type\":\"Organization\",\"@id\":\"https:\/\/formacionejecutiva.com.ar\/empresas\/#organization\",\"name\":\"Formaci\u00f3n Ejecutiva\",\"url\":\"https:\/\/formacionejecutiva.com.ar\/empresas\/\",\"logo\":{\"@type\":\"ImageObject\",\"inLanguage\":\"es\",\"@id\":\"https:\/\/formacionejecutiva.com.ar\/empresas\/#\/schema\/logo\/image\/\",\"url\":\"https:\/\/formacionejecutiva.com.ar\/empresas\/wp-content\/uploads\/2018\/12\/cropped-logo-empresas.png\",\"contentUrl\":\"https:\/\/formacionejecutiva.com.ar\/empresas\/wp-content\/uploads\/2018\/12\/cropped-logo-empresas.png\",\"width\":255,\"height\":85,\"caption\":\"Formaci\u00f3n Ejecutiva\"},\"image\":{\"@id\":\"https:\/\/formacionejecutiva.com.ar\/empresas\/#\/schema\/logo\/image\/\"}},{\"@type\":\"Person\",\"@id\":\"https:\/\/formacionejecutiva.com.ar\/empresas\/#\/schema\/person\/222d86c959c3db84eda961c48a5f2cb9\",\"name\":\"Daniel\",\"image\":{\"@type\":\"ImageObject\",\"inLanguage\":\"es\",\"@id\":\"https:\/\/formacionejecutiva.com.ar\/empresas\/#\/schema\/person\/image\/\",\"url\":\"https:\/\/secure.gravatar.com\/avatar\/f59506f69051255e04c867db012d50fc?s=96&d=mm&r=g\",\"contentUrl\":\"https:\/\/secure.gravatar.com\/avatar\/f59506f69051255e04c867db012d50fc?s=96&d=mm&r=g\",\"caption\":\"Daniel\"},\"url\":\"https:\/\/formacionejecutiva.com.ar\/empresas\/author\/daniel\/\"}]}<\/script>\n<!-- \/ Yoast SEO plugin. -->","yoast_head_json":{"title":"Nuevo Plan de Formaci\u00f3n B\u00e1sica en Mediaci\u00f3n - Formaci\u00f3n Ejecutiva","robots":{"index":"index","follow":"follow","max-snippet":"max-snippet:-1","max-image-preview":"max-image-preview:large","max-video-preview":"max-video-preview:-1"},"canonical":"https:\/\/formacionejecutiva.com.ar\/empresas\/noticias-y-novedades\/nuevo-plan-de-formacion-basica-en-mediacion\/","og_locale":"es_ES","og_type":"article","og_title":"Nuevo Plan de Formaci\u00f3n B\u00e1sica en Mediaci\u00f3n - Formaci\u00f3n Ejecutiva","og_description":"El pasado 4 de Junio nos reunimos por Zoom con el Doctor Patricio Ferrazzano Director de la Direcci\u00f3n Nacional de Mediaci\u00f3n ,y la Dra. Luciana Grimaldi responsable institucional de la Instituci\u00f3n formadora Nro 37 AAMI Asociaci\u00f3n Argentina de Mediaci\u00f3n Interdisciplinaria y la Dra. Mar\u00eda Gabriela Gonzalez Vendrell responsable institucional de la Entidad Formadora Nro 12 [&hellip;]","og_url":"https:\/\/formacionejecutiva.com.ar\/empresas\/noticias-y-novedades\/nuevo-plan-de-formacion-basica-en-mediacion\/","og_site_name":"Formaci\u00f3n Ejecutiva","article_published_time":"2021-06-23T19:17:03+00:00","article_modified_time":"2021-06-23T19:19:20+00:00","og_image":[{"width":567,"height":319,"url":"https:\/\/formacionejecutiva.com.ar\/empresas\/wp-content\/uploads\/2021\/06\/Untitled-2.jpg","type":"image\/jpeg"}],"author":"Daniel","twitter_card":"summary_large_image","twitter_misc":{"Escrito por":"Daniel","Tiempo de lectura":"1 minuto"},"schema":{"@context":"https:\/\/schema.org","@graph":[{"@type":"Article","@id":"https:\/\/formacionejecutiva.com.ar\/empresas\/noticias-y-novedades\/nuevo-plan-de-formacion-basica-en-mediacion\/#article","isPartOf":{"@id":"https:\/\/formacionejecutiva.com.ar\/empresas\/noticias-y-novedades\/nuevo-plan-de-formacion-basica-en-mediacion\/"},"author":{"name":"Daniel","@id":"https:\/\/formacionejecutiva.com.ar\/empresas\/#\/schema\/person\/222d86c959c3db84eda961c48a5f2cb9"},"headline":"Nuevo Plan de Formaci\u00f3n B\u00e1sica en Mediaci\u00f3n","datePublished":"2021-06-23T19:17:03+00:00","dateModified":"2021-06-23T19:19:20+00:00","mainEntityOfPage":{"@id":"https:\/\/formacionejecutiva.com.ar\/empresas\/noticias-y-novedades\/nuevo-plan-de-formacion-basica-en-mediacion\/"},"wordCount":125,"commentCount":0,"publisher":{"@id":"https:\/\/formacionejecutiva.com.ar\/empresas\/#organization"},"image":{"@id":"https:\/\/formacionejecutiva.com.ar\/empresas\/noticias-y-novedades\/nuevo-plan-de-formacion-basica-en-mediacion\/#primaryimage"},"thumbnailUrl":"https:\/\/formacionejecutiva.com.ar\/empresas\/wp-content\/uploads\/2021\/06\/Untitled-2.jpg","articleSection":["Noticias y Novedades"],"inLanguage":"es","potentialAction":[{"@type":"CommentAction","name":"Comment","target":["https:\/\/formacionejecutiva.com.ar\/empresas\/noticias-y-novedades\/nuevo-plan-de-formacion-basica-en-mediacion\/#respond"]}]},{"@type":"WebPage","@id":"https:\/\/formacionejecutiva.com.ar\/empresas\/noticias-y-novedades\/nuevo-plan-de-formacion-basica-en-mediacion\/","url":"https:\/\/formacionejecutiva.com.ar\/empresas\/noticias-y-novedades\/nuevo-plan-de-formacion-basica-en-mediacion\/","name":"Nuevo Plan de Formaci\u00f3n B\u00e1sica en Mediaci\u00f3n - Formaci\u00f3n Ejecutiva","isPartOf":{"@id":"https:\/\/formacionejecutiva.com.ar\/empresas\/#website"},"primaryImageOfPage":{"@id":"https:\/\/formacionejecutiva.com.ar\/empresas\/noticias-y-novedades\/nuevo-plan-de-formacion-basica-en-mediacion\/#primaryimage"},"image":{"@id":"https:\/\/formacionejecutiva.com.ar\/empresas\/noticias-y-novedades\/nuevo-plan-de-formacion-basica-en-mediacion\/#primaryimage"},"thumbnailUrl":"https:\/\/formacionejecutiva.com.ar\/empresas\/wp-content\/uploads\/2021\/06\/Untitled-2.jpg","datePublished":"2021-06-23T19:17:03+00:00","dateModified":"2021-06-23T19:19:20+00:00","breadcrumb":{"@id":"https:\/\/formacionejecutiva.com.ar\/empresas\/noticias-y-novedades\/nuevo-plan-de-formacion-basica-en-mediacion\/#breadcrumb"},"inLanguage":"es","potentialAction":[{"@type":"ReadAction","target":["https:\/\/formacionejecutiva.com.ar\/empresas\/noticias-y-novedades\/nuevo-plan-de-formacion-basica-en-mediacion\/"]}]},{"@type":"ImageObject","inLanguage":"es","@id":"https:\/\/formacionejecutiva.com.ar\/empresas\/noticias-y-novedades\/nuevo-plan-de-formacion-basica-en-mediacion\/#primaryimage","url":"https:\/\/formacionejecutiva.com.ar\/empresas\/wp-content\/uploads\/2021\/06\/Untitled-2.jpg","contentUrl":"https:\/\/formacionejecutiva.com.ar\/empresas\/wp-content\/uploads\/2021\/06\/Untitled-2.jpg","width":567,"height":319,"caption":"formacion mediacion"},{"@type":"BreadcrumbList","@id":"https:\/\/formacionejecutiva.com.ar\/empresas\/noticias-y-novedades\/nuevo-plan-de-formacion-basica-en-mediacion\/#breadcrumb","itemListElement":[{"@type":"ListItem","position":1,"name":"Portada","item":"https:\/\/formacionejecutiva.com.ar\/empresas\/"},{"@type":"ListItem","position":2,"name":"Nuevo Plan de Formaci\u00f3n B\u00e1sica en Mediaci\u00f3n"}]},{"@type":"WebSite","@id":"https:\/\/formacionejecutiva.com.ar\/empresas\/#website","url":"https:\/\/formacionejecutiva.com.ar\/empresas\/","name":"Formaci\u00f3n Ejecutiva","description":"Educaci\u00f3n para profesionales","publisher":{"@id":"https:\/\/formacionejecutiva.com.ar\/empresas\/#organization"},"potentialAction":[{"@type":"SearchAction","target":{"@type":"EntryPoint","urlTemplate":"https:\/\/formacionejecutiva.com.ar\/empresas\/?s={search_term_string}"},"query-input":{"@type":"PropertyValueSpecification","valueRequired":true,"valueName":"search_term_string"}}],"inLanguage":"es"},{"@type":"Organization","@id":"https:\/\/formacionejecutiva.com.ar\/empresas\/#organization","name":"Formaci\u00f3n Ejecutiva","url":"https:\/\/formacionejecutiva.com.ar\/empresas\/","logo":{"@type":"ImageObject","inLanguage":"es","@id":"https:\/\/formacionejecutiva.com.ar\/empresas\/#\/schema\/logo\/image\/","url":"https:\/\/formacionejecutiva.com.ar\/empresas\/wp-content\/uploads\/2018\/12\/cropped-logo-empresas.png","contentUrl":"https:\/\/formacionejecutiva.com.ar\/empresas\/wp-content\/uploads\/2018\/12\/cropped-logo-empresas.png","width":255,"height":85,"caption":"Formaci\u00f3n Ejecutiva"},"image":{"@id":"https:\/\/formacionejecutiva.com.ar\/empresas\/#\/schema\/logo\/image\/"}},{"@type":"Person","@id":"https:\/\/formacionejecutiva.com.ar\/empresas\/#\/schema\/person\/222d86c959c3db84eda961c48a5f2cb9","name":"Daniel","image":{"@type":"ImageObject","inLanguage":"es","@id":"https:\/\/formacionejecutiva.com.ar\/empresas\/#\/schema\/person\/image\/","url":"https:\/\/secure.gravatar.com\/avatar\/f59506f69051255e04c867db012d50fc?s=96&d=mm&r=g","contentUrl":"https:\/\/secure.gravatar.com\/avatar\/f59506f69051255e04c867db012d50fc?s=96&d=mm&r=g","caption":"Daniel"},"url":"https:\/\/formacionejecutiva.com.ar\/empresas\/author\/daniel\/"}]}},"_links":{"self":[{"href":"https:\/\/formacionejecutiva.com.ar\/empresas\/wp-json\/wp\/v2\/posts\/2118","targetHints":{"allow":["GET"]}}],"collection":[{"href":"https:\/\/formacionejecutiva.com.ar\/empresas\/wp-json\/wp\/v2\/posts"}],"about":[{"href":"https:\/\/formacionejecutiva.com.ar\/empresas\/wp-json\/wp\/v2\/types\/post"}],"author":[{"embeddable":true,"href":"https:\/\/formacionejecutiva.com.ar\/empresas\/wp-json\/wp\/v2\/users\/3"}],"replies":[{"embeddable":true,"href":"https:\/\/formacionejecutiva.com.ar\/empresas\/wp-json\/wp\/v2\/comments?post=2118"}],"version-history":[{"count":1,"href":"https:\/\/formacionejecutiva.com.ar\/empresas\/wp-json\/wp\/v2\/posts\/2118\/revisions"}],"predecessor-version":[{"id":2120,"href":"https:\/\/formacionejecutiva.com.ar\/empresas\/wp-json\/wp\/v2\/posts\/2118\/revisions\/2120"}],"wp:featuredmedia":[{"embeddable":true,"href":"https:\/\/formacionejecutiva.com.ar\/empresas\/wp-json\/wp\/v2\/media\/2121"}],"wp:attachment":[{"href":"https:\/\/formacionejecutiva.com.ar\/empresas\/wp-json\/wp\/v2\/media?parent=2118"}],"wp:term":[{"taxonomy":"category","embeddable":true,"href":"https:\/\/formacionejecutiva.com.ar\/empresas\/wp-json\/wp\/v2\/categories?post=2118"},{"taxonomy":"post_tag","embeddable":true,"href":"https:\/\/formacionejecutiva.com.ar\/empresas\/wp-json\/wp\/v2\/tags?post=2118"}],"curies":[{"name":"wp","href":"https:\/\/api.w.org\/{rel}","templated":true}]}}