{"id":2142,"date":"2021-07-23T20:33:38","date_gmt":"2021-07-23T20:33:38","guid":{"rendered":"https:\/\/formacionejecutiva.com.ar\/empresas\/?p=2142"},"modified":"2021-07-23T20:33:38","modified_gmt":"2021-07-23T20:33:38","slug":"exposiciones-orales-y-defensa-de-tesis-2021","status":"publish","type":"post","link":"https:\/\/formacionejecutiva.com.ar\/empresas\/noticias-y-novedades\/exposiciones-orales-y-defensa-de-tesis-2021\/","title":{"rendered":"<b>Exposiciones orales y Defensa de Tesis 2021<\/b>"},"content":{"rendered":"<p><span style=\"font-weight: 400;\">En el marco tan particular que nos propone el 2021 producto de la pandemia de coronavirus ( COVID-19)se realizara la 6ta edici\u00f3n de Exposiciones orales y Defensa de Tesis bajo la modalidad a distancia con el patrocinio de la Asociaci\u00f3n de las Naciones Unidas , ANUV ,Fundaci\u00f3n Centro Unesco para la Formaci\u00f3n en Derechos Humanos Ciudadan\u00eda Mundial y Cultura de Paz, Willemstad, Caribe Holand\u00e9s. Instituto Internacional de Estudios Globales para el Desarrollo Humano, Espa\u00f1a, Uni\u00f3n Europea. Plataforma Internacional para la Gesti\u00f3n Empresarial \u00c9tica, Nueva York, Usa<\/span><\/p>\n<p><span style=\"font-weight: 400;\">\u00a0Los siguientes profesionales alumnos destacados de nuestra Instituci\u00f3n se presentaran a rendir la Exposici\u00f3n oral y Defensa de Tesis de la <\/span><b><i>\u201cMaestr\u00eda Internacional en Mediaci\u00f3n, T\u00e9cnicas de Resoluci\u00f3n de Conflictos y Justicia Restaurativa<\/i><\/b><span style=\"font-weight: 400;\">\u201d y <\/span><b>\u201c Maestr\u00eda en Coaching Ontol\u00f3gico &amp; Empresarial\u201d<\/b><\/p>\n<p><b>Lucas Eugenio Ponce<\/b><\/p>\n<p><span style=\"font-weight: 400;\">Tesis: \u201cDemanda De Pacientes En La Guardia De Salud Mental Como Generadora De Conflictos\u201d<\/span><\/p>\n<p><span style=\"font-weight: 400;\">Hora: 10:00 \u2013 10:20<\/span><\/p>\n<p><span style=\"font-weight: 400;\">Programa: Maestr\u00eda Internacional en Mediaci\u00f3n, Resoluci\u00f3n de Conflictos y Justicia Restaurativa<\/span><\/p>\n<p><b>Adriana Isabel D\u2019Egidio<\/b><\/p>\n<p><span style=\"font-weight: 400;\">Tesis: \u201cCoaching Para Atletas Maratonistas De Alta Competitividad\u201d<\/span><\/p>\n<p><span style=\"font-weight: 400;\">Hora: 10:50 \u2013 11:10<\/span><\/p>\n<p><span style=\"font-weight: 400;\">Programa: Maestr\u00eda Internacional en Coaching Profesional Ontol\u00f3gico y Empresarial<\/span><\/p>\n<p><b>Sharon Ail\u00e9n Rey Nu\u00f1ez<\/b><\/p>\n<p><span style=\"font-weight: 400;\">Tema: \u201cLa implementaci\u00f3n de la Mediaci\u00f3n Escolar en el Colegio Secundario Ram\u00f3n Alberto Trejo Noel de la Localidad de Tolhuin, brindar\u00eda una comunicaci\u00f3n m\u00e1s efectiva entre los miembros de la Comunidad Educativa\u201d<\/span><\/p>\n<p><span style=\"font-weight: 400;\">Hora: 11:40 \u2013 12:00<\/span><\/p>\n<p><span style=\"font-weight: 400;\">Programa: Maestr\u00eda Internacional en Mediaci\u00f3n, Resoluci\u00f3n de Conflictos y Justicia Restaurativa.<\/span><\/p>\n<p><b>Mar\u00eda Anabel Giachetti<\/b><\/p>\n<p><span style=\"font-weight: 400;\">Tema: \u201cEl lenguaje no verbal en la mediaci\u00f3n. \u00bfUna dificultad en la mediaci\u00f3n a distancia?\u201d<\/span><\/p>\n<p><span style=\"font-weight: 400;\">Hora: 13:30 \u2013 13:50<\/span><\/p>\n<p><span style=\"font-weight: 400;\">Programa: Maestr\u00eda Internacional en Mediaci\u00f3n, Resoluci\u00f3n de Conflictos y Justicia Restaurativa<\/span><\/p>\n<p><b>Teresa Leonor Chriniuk<\/b><\/p>\n<p><span style=\"font-weight: 400;\">Tesis: \u00abElaboraci\u00f3n de un protocolo para el manejo de conflictos laborales entre subordinados en una empresa.\u00bb<\/span><\/p>\n<p><span style=\"font-weight: 400;\">Hora: 14:20 \u2013 14:40<\/span><\/p>\n<p><span style=\"font-weight: 400;\">Programa: Maestr\u00eda Internacional en Mediaci\u00f3n, Resoluci\u00f3n de Conflictos y Justicia Restaurativa.<\/span><\/p>\n<p><b>Mar\u00eda Teresa Blanco<\/b><\/p>\n<p><span style=\"font-weight: 400;\">\u201cLa prevenci\u00f3n del Mobbing en las empresas\u201d<\/span><\/p>\n<p><span style=\"font-weight: 400;\">Hora: 15:10 \u2013 15:30<\/span><\/p>\n<p><span style=\"font-weight: 400;\">Programa: Maestr\u00eda Internacional en Mediaci\u00f3n, Resoluci\u00f3n de Conflictos y Justicia Restaurativa.<\/span><\/p>\n","protected":false},"excerpt":{"rendered":"<p>En el marco tan particular que nos propone el 2021 producto de la pandemia de coronavirus ( COVID-19)se realizara la 6ta edici\u00f3n de Exposiciones orales y Defensa de Tesis bajo la modalidad a distancia con el patrocinio de la Asociaci\u00f3n de las Naciones Unidas , ANUV ,Fundaci\u00f3n Centro Unesco para la Formaci\u00f3n en Derechos Humanos [&hellip;]<\/p>\n","protected":false},"author":3,"featured_media":2136,"comment_status":"open","ping_status":"open","sticky":false,"template":"","format":"standard","meta":{"site-sidebar-layout":"default","site-content-layout":"default","ast-site-content-layout":"","site-content-style":"default","site-sidebar-style":"default","ast-global-header-display":"","ast-banner-title-visibility":"","ast-main-header-display":"","ast-hfb-above-header-display":"","ast-hfb-below-header-display":"","ast-hfb-mobile-header-display":"","site-post-title":"","ast-breadcrumbs-content":"","ast-featured-img":"","footer-sml-layout":"","theme-transparent-header-meta":"default","adv-header-id-meta":"","stick-header-meta":"","header-above-stick-meta":"","header-main-stick-meta":"","header-below-stick-meta":"","astra-migrate-meta-layouts":"default","ast-page-background-enabled":"default","ast-page-background-meta":{"desktop":{"background-color":"","background-image":"","background-repeat":"repeat","background-position":"center center","background-size":"auto","background-attachment":"scroll","background-type":"","background-media":"","overlay-type":"","overlay-color":"","overlay-opacity":"","overlay-gradient":""},"tablet":{"background-color":"","background-image":"","background-repeat":"repeat","background-position":"center center","background-size":"auto","background-attachment":"scroll","background-type":"","background-media":"","overlay-type":"","overlay-color":"","overlay-opacity":"","overlay-gradient":""},"mobile":{"background-color":"","background-image":"","background-repeat":"repeat","background-position":"center center","background-size":"auto","background-attachment":"scroll","background-type":"","background-media":"","overlay-type":"","overlay-color":"","overlay-opacity":"","overlay-gradient":""}},"ast-content-background-meta":{"desktop":{"background-color":"var(--ast-global-color-5)","background-image":"","background-repeat":"repeat","background-position":"center center","background-size":"auto","background-attachment":"scroll","background-type":"","background-media":"","overlay-type":"","overlay-color":"","overlay-opacity":"","overlay-gradient":""},"tablet":{"background-color":"var(--ast-global-color-5)","background-image":"","background-repeat":"repeat","background-position":"center center","background-size":"auto","background-attachment":"scroll","background-type":"","background-media":"","overlay-type":"","overlay-color":"","overlay-opacity":"","overlay-gradient":""},"mobile":{"background-color":"var(--ast-global-color-5)","background-image":"","background-repeat":"repeat","background-position":"center center","background-size":"auto","background-attachment":"scroll","background-type":"","background-media":"","overlay-type":"","overlay-color":"","overlay-opacity":"","overlay-gradient":""}},"_joinchat":[],"footnotes":""},"categories":[5],"tags":[],"class_list":["post-2142","post","type-post","status-publish","format-standard","has-post-thumbnail","hentry","category-noticias-y-novedades"],"yoast_head":"<!-- This site is optimized with the Yoast SEO plugin v23.5 - https:\/\/yoast.com\/wordpress\/plugins\/seo\/ -->\n<title>Exposiciones orales y Defensa de Tesis 2021 - Formaci\u00f3n Ejecutiva<\/title>\n<meta name=\"robots\" content=\"index, follow, max-snippet:-1, max-image-preview:large, max-video-preview:-1\" \/>\n<link rel=\"canonical\" href=\"https:\/\/formacionejecutiva.com.ar\/empresas\/noticias-y-novedades\/exposiciones-orales-y-defensa-de-tesis-2021\/\" \/>\n<meta property=\"og:locale\" content=\"es_ES\" \/>\n<meta property=\"og:type\" content=\"article\" \/>\n<meta property=\"og:title\" content=\"Exposiciones orales y Defensa de Tesis 2021 - Formaci\u00f3n Ejecutiva\" \/>\n<meta property=\"og:description\" content=\"En el marco tan particular que nos propone el 2021 producto de la pandemia de coronavirus ( COVID-19)se realizara la 6ta edici\u00f3n de Exposiciones orales y Defensa de Tesis bajo la modalidad a distancia con el patrocinio de la Asociaci\u00f3n de las Naciones Unidas , ANUV ,Fundaci\u00f3n Centro Unesco para la Formaci\u00f3n en Derechos Humanos [&hellip;]\" \/>\n<meta property=\"og:url\" content=\"https:\/\/formacionejecutiva.com.ar\/empresas\/noticias-y-novedades\/exposiciones-orales-y-defensa-de-tesis-2021\/\" \/>\n<meta property=\"og:site_name\" content=\"Formaci\u00f3n Ejecutiva\" \/>\n<meta property=\"article:published_time\" content=\"2021-07-23T20:33:38+00:00\" \/>\n<meta property=\"og:image\" content=\"https:\/\/formacionejecutiva.com.ar\/empresas\/wp-content\/uploads\/2021\/07\/Asset-1.jpg\" \/>\n\t<meta property=\"og:image:width\" content=\"388\" \/>\n\t<meta property=\"og:image:height\" content=\"305\" \/>\n\t<meta property=\"og:image:type\" content=\"image\/jpeg\" \/>\n<meta name=\"author\" content=\"Daniel\" \/>\n<meta name=\"twitter:card\" content=\"summary_large_image\" \/>\n<meta name=\"twitter:label1\" content=\"Escrito por\" \/>\n\t<meta name=\"twitter:data1\" content=\"Daniel\" \/>\n\t<meta name=\"twitter:label2\" content=\"Tiempo de lectura\" \/>\n\t<meta name=\"twitter:data2\" content=\"2 minutos\" \/>\n<script type=\"application\/ld+json\" class=\"yoast-schema-graph\">{\"@context\":\"https:\/\/schema.org\",\"@graph\":[{\"@type\":\"Article\",\"@id\":\"https:\/\/formacionejecutiva.com.ar\/empresas\/noticias-y-novedades\/exposiciones-orales-y-defensa-de-tesis-2021\/#article\",\"isPartOf\":{\"@id\":\"https:\/\/formacionejecutiva.com.ar\/empresas\/noticias-y-novedades\/exposiciones-orales-y-defensa-de-tesis-2021\/\"},\"author\":{\"name\":\"Daniel\",\"@id\":\"https:\/\/formacionejecutiva.com.ar\/empresas\/#\/schema\/person\/222d86c959c3db84eda961c48a5f2cb9\"},\"headline\":\"Exposiciones orales y Defensa de Tesis 2021\",\"datePublished\":\"2021-07-23T20:33:38+00:00\",\"dateModified\":\"2021-07-23T20:33:38+00:00\",\"mainEntityOfPage\":{\"@id\":\"https:\/\/formacionejecutiva.com.ar\/empresas\/noticias-y-novedades\/exposiciones-orales-y-defensa-de-tesis-2021\/\"},\"wordCount\":360,\"commentCount\":0,\"publisher\":{\"@id\":\"https:\/\/formacionejecutiva.com.ar\/empresas\/#organization\"},\"image\":{\"@id\":\"https:\/\/formacionejecutiva.com.ar\/empresas\/noticias-y-novedades\/exposiciones-orales-y-defensa-de-tesis-2021\/#primaryimage\"},\"thumbnailUrl\":\"https:\/\/formacionejecutiva.com.ar\/empresas\/wp-content\/uploads\/2021\/07\/Asset-1.jpg\",\"articleSection\":[\"Noticias y Novedades\"],\"inLanguage\":\"es\",\"potentialAction\":[{\"@type\":\"CommentAction\",\"name\":\"Comment\",\"target\":[\"https:\/\/formacionejecutiva.com.ar\/empresas\/noticias-y-novedades\/exposiciones-orales-y-defensa-de-tesis-2021\/#respond\"]}]},{\"@type\":\"WebPage\",\"@id\":\"https:\/\/formacionejecutiva.com.ar\/empresas\/noticias-y-novedades\/exposiciones-orales-y-defensa-de-tesis-2021\/\",\"url\":\"https:\/\/formacionejecutiva.com.ar\/empresas\/noticias-y-novedades\/exposiciones-orales-y-defensa-de-tesis-2021\/\",\"name\":\"Exposiciones orales y Defensa de Tesis 2021 - Formaci\u00f3n Ejecutiva\",\"isPartOf\":{\"@id\":\"https:\/\/formacionejecutiva.com.ar\/empresas\/#website\"},\"primaryImageOfPage\":{\"@id\":\"https:\/\/formacionejecutiva.com.ar\/empresas\/noticias-y-novedades\/exposiciones-orales-y-defensa-de-tesis-2021\/#primaryimage\"},\"image\":{\"@id\":\"https:\/\/formacionejecutiva.com.ar\/empresas\/noticias-y-novedades\/exposiciones-orales-y-defensa-de-tesis-2021\/#primaryimage\"},\"thumbnailUrl\":\"https:\/\/formacionejecutiva.com.ar\/empresas\/wp-content\/uploads\/2021\/07\/Asset-1.jpg\",\"datePublished\":\"2021-07-23T20:33:38+00:00\",\"dateModified\":\"2021-07-23T20:33:38+00:00\",\"breadcrumb\":{\"@id\":\"https:\/\/formacionejecutiva.com.ar\/empresas\/noticias-y-novedades\/exposiciones-orales-y-defensa-de-tesis-2021\/#breadcrumb\"},\"inLanguage\":\"es\",\"potentialAction\":[{\"@type\":\"ReadAction\",\"target\":[\"https:\/\/formacionejecutiva.com.ar\/empresas\/noticias-y-novedades\/exposiciones-orales-y-defensa-de-tesis-2021\/\"]}]},{\"@type\":\"ImageObject\",\"inLanguage\":\"es\",\"@id\":\"https:\/\/formacionejecutiva.com.ar\/empresas\/noticias-y-novedades\/exposiciones-orales-y-defensa-de-tesis-2021\/#primaryimage\",\"url\":\"https:\/\/formacionejecutiva.com.ar\/empresas\/wp-content\/uploads\/2021\/07\/Asset-1.jpg\",\"contentUrl\":\"https:\/\/formacionejecutiva.com.ar\/empresas\/wp-content\/uploads\/2021\/07\/Asset-1.jpg\",\"width\":388,\"height\":305},{\"@type\":\"BreadcrumbList\",\"@id\":\"https:\/\/formacionejecutiva.com.ar\/empresas\/noticias-y-novedades\/exposiciones-orales-y-defensa-de-tesis-2021\/#breadcrumb\",\"itemListElement\":[{\"@type\":\"ListItem\",\"position\":1,\"name\":\"Portada\",\"item\":\"https:\/\/formacionejecutiva.com.ar\/empresas\/\"},{\"@type\":\"ListItem\",\"position\":2,\"name\":\"Exposiciones orales y Defensa de Tesis 2021\"}]},{\"@type\":\"WebSite\",\"@id\":\"https:\/\/formacionejecutiva.com.ar\/empresas\/#website\",\"url\":\"https:\/\/formacionejecutiva.com.ar\/empresas\/\",\"name\":\"Formaci\u00f3n Ejecutiva\",\"description\":\"Educaci\u00f3n para profesionales\",\"publisher\":{\"@id\":\"https:\/\/formacionejecutiva.com.ar\/empresas\/#organization\"},\"potentialAction\":[{\"@type\":\"SearchAction\",\"target\":{\"@type\":\"EntryPoint\",\"urlTemplate\":\"https:\/\/formacionejecutiva.com.ar\/empresas\/?s={search_term_string}\"},\"query-input\":{\"@type\":\"PropertyValueSpecification\",\"valueRequired\":true,\"valueName\":\"search_term_string\"}}],\"inLanguage\":\"es\"},{\"@type\":\"Organization\",\"@id\":\"https:\/\/formacionejecutiva.com.ar\/empresas\/#organization\",\"name\":\"Formaci\u00f3n Ejecutiva\",\"url\":\"https:\/\/formacionejecutiva.com.ar\/empresas\/\",\"logo\":{\"@type\":\"ImageObject\",\"inLanguage\":\"es\",\"@id\":\"https:\/\/formacionejecutiva.com.ar\/empresas\/#\/schema\/logo\/image\/\",\"url\":\"https:\/\/formacionejecutiva.com.ar\/empresas\/wp-content\/uploads\/2018\/12\/cropped-logo-empresas.png\",\"contentUrl\":\"https:\/\/formacionejecutiva.com.ar\/empresas\/wp-content\/uploads\/2018\/12\/cropped-logo-empresas.png\",\"width\":255,\"height\":85,\"caption\":\"Formaci\u00f3n Ejecutiva\"},\"image\":{\"@id\":\"https:\/\/formacionejecutiva.com.ar\/empresas\/#\/schema\/logo\/image\/\"}},{\"@type\":\"Person\",\"@id\":\"https:\/\/formacionejecutiva.com.ar\/empresas\/#\/schema\/person\/222d86c959c3db84eda961c48a5f2cb9\",\"name\":\"Daniel\",\"image\":{\"@type\":\"ImageObject\",\"inLanguage\":\"es\",\"@id\":\"https:\/\/formacionejecutiva.com.ar\/empresas\/#\/schema\/person\/image\/\",\"url\":\"https:\/\/secure.gravatar.com\/avatar\/f59506f69051255e04c867db012d50fc?s=96&d=mm&r=g\",\"contentUrl\":\"https:\/\/secure.gravatar.com\/avatar\/f59506f69051255e04c867db012d50fc?s=96&d=mm&r=g\",\"caption\":\"Daniel\"},\"url\":\"https:\/\/formacionejecutiva.com.ar\/empresas\/author\/daniel\/\"}]}<\/script>\n<!-- \/ Yoast SEO plugin. -->","yoast_head_json":{"title":"Exposiciones orales y Defensa de Tesis 2021 - Formaci\u00f3n Ejecutiva","robots":{"index":"index","follow":"follow","max-snippet":"max-snippet:-1","max-image-preview":"max-image-preview:large","max-video-preview":"max-video-preview:-1"},"canonical":"https:\/\/formacionejecutiva.com.ar\/empresas\/noticias-y-novedades\/exposiciones-orales-y-defensa-de-tesis-2021\/","og_locale":"es_ES","og_type":"article","og_title":"Exposiciones orales y Defensa de Tesis 2021 - Formaci\u00f3n Ejecutiva","og_description":"En el marco tan particular que nos propone el 2021 producto de la pandemia de coronavirus ( COVID-19)se realizara la 6ta edici\u00f3n de Exposiciones orales y Defensa de Tesis bajo la modalidad a distancia con el patrocinio de la Asociaci\u00f3n de las Naciones Unidas , ANUV ,Fundaci\u00f3n Centro Unesco para la Formaci\u00f3n en Derechos Humanos [&hellip;]","og_url":"https:\/\/formacionejecutiva.com.ar\/empresas\/noticias-y-novedades\/exposiciones-orales-y-defensa-de-tesis-2021\/","og_site_name":"Formaci\u00f3n Ejecutiva","article_published_time":"2021-07-23T20:33:38+00:00","og_image":[{"width":388,"height":305,"url":"https:\/\/formacionejecutiva.com.ar\/empresas\/wp-content\/uploads\/2021\/07\/Asset-1.jpg","type":"image\/jpeg"}],"author":"Daniel","twitter_card":"summary_large_image","twitter_misc":{"Escrito por":"Daniel","Tiempo de lectura":"2 minutos"},"schema":{"@context":"https:\/\/schema.org","@graph":[{"@type":"Article","@id":"https:\/\/formacionejecutiva.com.ar\/empresas\/noticias-y-novedades\/exposiciones-orales-y-defensa-de-tesis-2021\/#article","isPartOf":{"@id":"https:\/\/formacionejecutiva.com.ar\/empresas\/noticias-y-novedades\/exposiciones-orales-y-defensa-de-tesis-2021\/"},"author":{"name":"Daniel","@id":"https:\/\/formacionejecutiva.com.ar\/empresas\/#\/schema\/person\/222d86c959c3db84eda961c48a5f2cb9"},"headline":"Exposiciones orales y Defensa de Tesis 2021","datePublished":"2021-07-23T20:33:38+00:00","dateModified":"2021-07-23T20:33:38+00:00","mainEntityOfPage":{"@id":"https:\/\/formacionejecutiva.com.ar\/empresas\/noticias-y-novedades\/exposiciones-orales-y-defensa-de-tesis-2021\/"},"wordCount":360,"commentCount":0,"publisher":{"@id":"https:\/\/formacionejecutiva.com.ar\/empresas\/#organization"},"image":{"@id":"https:\/\/formacionejecutiva.com.ar\/empresas\/noticias-y-novedades\/exposiciones-orales-y-defensa-de-tesis-2021\/#primaryimage"},"thumbnailUrl":"https:\/\/formacionejecutiva.com.ar\/empresas\/wp-content\/uploads\/2021\/07\/Asset-1.jpg","articleSection":["Noticias y Novedades"],"inLanguage":"es","potentialAction":[{"@type":"CommentAction","name":"Comment","target":["https:\/\/formacionejecutiva.com.ar\/empresas\/noticias-y-novedades\/exposiciones-orales-y-defensa-de-tesis-2021\/#respond"]}]},{"@type":"WebPage","@id":"https:\/\/formacionejecutiva.com.ar\/empresas\/noticias-y-novedades\/exposiciones-orales-y-defensa-de-tesis-2021\/","url":"https:\/\/formacionejecutiva.com.ar\/empresas\/noticias-y-novedades\/exposiciones-orales-y-defensa-de-tesis-2021\/","name":"Exposiciones orales y Defensa de Tesis 2021 - Formaci\u00f3n Ejecutiva","isPartOf":{"@id":"https:\/\/formacionejecutiva.com.ar\/empresas\/#website"},"primaryImageOfPage":{"@id":"https:\/\/formacionejecutiva.com.ar\/empresas\/noticias-y-novedades\/exposiciones-orales-y-defensa-de-tesis-2021\/#primaryimage"},"image":{"@id":"https:\/\/formacionejecutiva.com.ar\/empresas\/noticias-y-novedades\/exposiciones-orales-y-defensa-de-tesis-2021\/#primaryimage"},"thumbnailUrl":"https:\/\/formacionejecutiva.com.ar\/empresas\/wp-content\/uploads\/2021\/07\/Asset-1.jpg","datePublished":"2021-07-23T20:33:38+00:00","dateModified":"2021-07-23T20:33:38+00:00","breadcrumb":{"@id":"https:\/\/formacionejecutiva.com.ar\/empresas\/noticias-y-novedades\/exposiciones-orales-y-defensa-de-tesis-2021\/#breadcrumb"},"inLanguage":"es","potentialAction":[{"@type":"ReadAction","target":["https:\/\/formacionejecutiva.com.ar\/empresas\/noticias-y-novedades\/exposiciones-orales-y-defensa-de-tesis-2021\/"]}]},{"@type":"ImageObject","inLanguage":"es","@id":"https:\/\/formacionejecutiva.com.ar\/empresas\/noticias-y-novedades\/exposiciones-orales-y-defensa-de-tesis-2021\/#primaryimage","url":"https:\/\/formacionejecutiva.com.ar\/empresas\/wp-content\/uploads\/2021\/07\/Asset-1.jpg","contentUrl":"https:\/\/formacionejecutiva.com.ar\/empresas\/wp-content\/uploads\/2021\/07\/Asset-1.jpg","width":388,"height":305},{"@type":"BreadcrumbList","@id":"https:\/\/formacionejecutiva.com.ar\/empresas\/noticias-y-novedades\/exposiciones-orales-y-defensa-de-tesis-2021\/#breadcrumb","itemListElement":[{"@type":"ListItem","position":1,"name":"Portada","item":"https:\/\/formacionejecutiva.com.ar\/empresas\/"},{"@type":"ListItem","position":2,"name":"Exposiciones orales y Defensa de Tesis 2021"}]},{"@type":"WebSite","@id":"https:\/\/formacionejecutiva.com.ar\/empresas\/#website","url":"https:\/\/formacionejecutiva.com.ar\/empresas\/","name":"Formaci\u00f3n Ejecutiva","description":"Educaci\u00f3n para profesionales","publisher":{"@id":"https:\/\/formacionejecutiva.com.ar\/empresas\/#organization"},"potentialAction":[{"@type":"SearchAction","target":{"@type":"EntryPoint","urlTemplate":"https:\/\/formacionejecutiva.com.ar\/empresas\/?s={search_term_string}"},"query-input":{"@type":"PropertyValueSpecification","valueRequired":true,"valueName":"search_term_string"}}],"inLanguage":"es"},{"@type":"Organization","@id":"https:\/\/formacionejecutiva.com.ar\/empresas\/#organization","name":"Formaci\u00f3n Ejecutiva","url":"https:\/\/formacionejecutiva.com.ar\/empresas\/","logo":{"@type":"ImageObject","inLanguage":"es","@id":"https:\/\/formacionejecutiva.com.ar\/empresas\/#\/schema\/logo\/image\/","url":"https:\/\/formacionejecutiva.com.ar\/empresas\/wp-content\/uploads\/2018\/12\/cropped-logo-empresas.png","contentUrl":"https:\/\/formacionejecutiva.com.ar\/empresas\/wp-content\/uploads\/2018\/12\/cropped-logo-empresas.png","width":255,"height":85,"caption":"Formaci\u00f3n Ejecutiva"},"image":{"@id":"https:\/\/formacionejecutiva.com.ar\/empresas\/#\/schema\/logo\/image\/"}},{"@type":"Person","@id":"https:\/\/formacionejecutiva.com.ar\/empresas\/#\/schema\/person\/222d86c959c3db84eda961c48a5f2cb9","name":"Daniel","image":{"@type":"ImageObject","inLanguage":"es","@id":"https:\/\/formacionejecutiva.com.ar\/empresas\/#\/schema\/person\/image\/","url":"https:\/\/secure.gravatar.com\/avatar\/f59506f69051255e04c867db012d50fc?s=96&d=mm&r=g","contentUrl":"https:\/\/secure.gravatar.com\/avatar\/f59506f69051255e04c867db012d50fc?s=96&d=mm&r=g","caption":"Daniel"},"url":"https:\/\/formacionejecutiva.com.ar\/empresas\/author\/daniel\/"}]}},"_links":{"self":[{"href":"https:\/\/formacionejecutiva.com.ar\/empresas\/wp-json\/wp\/v2\/posts\/2142","targetHints":{"allow":["GET"]}}],"collection":[{"href":"https:\/\/formacionejecutiva.com.ar\/empresas\/wp-json\/wp\/v2\/posts"}],"about":[{"href":"https:\/\/formacionejecutiva.com.ar\/empresas\/wp-json\/wp\/v2\/types\/post"}],"author":[{"embeddable":true,"href":"https:\/\/formacionejecutiva.com.ar\/empresas\/wp-json\/wp\/v2\/users\/3"}],"replies":[{"embeddable":true,"href":"https:\/\/formacionejecutiva.com.ar\/empresas\/wp-json\/wp\/v2\/comments?post=2142"}],"version-history":[{"count":1,"href":"https:\/\/formacionejecutiva.com.ar\/empresas\/wp-json\/wp\/v2\/posts\/2142\/revisions"}],"predecessor-version":[{"id":2143,"href":"https:\/\/formacionejecutiva.com.ar\/empresas\/wp-json\/wp\/v2\/posts\/2142\/revisions\/2143"}],"wp:featuredmedia":[{"embeddable":true,"href":"https:\/\/formacionejecutiva.com.ar\/empresas\/wp-json\/wp\/v2\/media\/2136"}],"wp:attachment":[{"href":"https:\/\/formacionejecutiva.com.ar\/empresas\/wp-json\/wp\/v2\/media?parent=2142"}],"wp:term":[{"taxonomy":"category","embeddable":true,"href":"https:\/\/formacionejecutiva.com.ar\/empresas\/wp-json\/wp\/v2\/categories?post=2142"},{"taxonomy":"post_tag","embeddable":true,"href":"https:\/\/formacionejecutiva.com.ar\/empresas\/wp-json\/wp\/v2\/tags?post=2142"}],"curies":[{"name":"wp","href":"https:\/\/api.w.org\/{rel}","templated":true}]}}