{"id":2145,"date":"2021-08-17T16:03:14","date_gmt":"2021-08-17T16:03:14","guid":{"rendered":"https:\/\/formacionejecutiva.com.ar\/empresas\/?p=2145"},"modified":"2021-08-17T16:03:14","modified_gmt":"2021-08-17T16:03:14","slug":"carrera-coaching-pnl-salta-y-chaco","status":"publish","type":"post","link":"https:\/\/formacionejecutiva.com.ar\/empresas\/noticias-y-novedades\/carrera-coaching-pnl-salta-y-chaco\/","title":{"rendered":"<b>CARRERA COACHING &#038; PNL &#8211; SALTA Y CHACO <\/b>"},"content":{"rendered":"<p><b><br \/>\n<\/b><b>CARRERA COACHING &amp; PNL.<\/b><\/p>\n<p><b>PRESENCIAL EN SALTA Y CHACO\u00a0<\/b><\/p>\n<ul>\n<li aria-level=\"1\"><b>Dictado por: Dra. Mar\u00eda Gabriela Gonz\u00e1lez Vendrell.<\/b><\/li>\n<\/ul>\n<p><span style=\"font-weight: 400;\">SEPTIEMBRE 2021*<\/span><span style=\"font-weight: 400;\">1<\/span><\/p>\n<p><b>Dictado por:<\/b><span style=\"font-weight: 400;\">\u00a0Dra. Mar\u00eda Gabriela Gonz\u00e1lez Vendrell.<\/span><\/p>\n<p><b>PROGRAMAS<\/b><\/p>\n<ul>\n<li style=\"font-weight: 400;\" aria-level=\"1\"><span style=\"font-weight: 400;\">Carrera de Coaching Profesional Ontol\u00f3gico &amp; Empresarial<\/span><\/li>\n<li style=\"font-weight: 400;\" aria-level=\"1\"><span style=\"font-weight: 400;\">PNL ( Practittioner &amp; Master)<\/span><\/li>\n<\/ul>\n<p><b>CERTIFICACIONES<\/b><\/p>\n<ul>\n<li style=\"font-weight: 400;\" aria-level=\"1\"><span style=\"font-weight: 400;\">Avalada por ICF International Coach Federation<\/span><\/li>\n<li style=\"font-weight: 400;\" aria-level=\"1\"><span style=\"font-weight: 400;\">Formacion Ejecutiva Consultores en Capacitaci\u00f3n &amp; Desarrollo<\/span><\/li>\n<li style=\"font-weight: 400;\" aria-level=\"1\"><span style=\"font-weight: 400;\">Instituto Universitario de Estudios Sociales. Espa\u00f1a . Uni\u00f3n Europea<\/span><\/li>\n<\/ul>\n<p><b>CARGA HORARIA\u00a0<\/b><\/p>\n<p><span style=\"font-weight: 400;\">100 hrs<\/span><\/p>\n<p><b>DOCENTES A CARGO<\/b><\/p>\n<p><b>Dra. Gabriela Vendrell<\/b><\/p>\n<p><span style=\"font-weight: 400;\">Directora de Formaci\u00f3n Ejecutiva Consultores en Capacitaci\u00f3n &amp; Desarrollo.<\/span><\/p>\n<p><span style=\"font-weight: 400;\">Mgter. Coaching Ontol\u00f3gico &amp; Organizaconal<\/span><\/p>\n<p><b>OBJETIVOS GENERALES<\/b><span style=\"font-weight: 400;\">:<\/span><\/p>\n<ul>\n<li style=\"font-weight: 400;\" aria-level=\"1\"><span style=\"font-weight: 400;\">Incorporar conocimientos relativos al Coaching como proceso para maximizar el potencial de las personas para alcanzar logros personales y laborales, bajo el marco de las normas y est\u00e1ndares de la ICF.<\/span><\/li>\n<li style=\"font-weight: 400;\" aria-level=\"1\"><span style=\"font-weight: 400;\">Crear una nueva visi\u00f3n de uno mismo y de los dem\u00e1s, abriendo nuevas posibilidades para la acci\u00f2n, mediante el reconocimiento y la intervenci\u00f3n en los Modelos Mentales, Paradigmas y Creencias, sobre los cuales sustentamos nuestras vidas.<\/span><\/li>\n<li style=\"font-weight: 400;\" aria-level=\"1\"><span style=\"font-weight: 400;\">\u00a0Tomar conciencia del lenguaje como generador de acci\u00f3n y de la importancia de la comunicaci\u00f3n como proceso que define el \u00e9xito de las relaciones interpersonales, bajo el enfoque de la interpretaci\u00f3n Ontol\u00f3gica del Lenguaje.<\/span><\/li>\n<\/ul>\n<p><b>DESTINATARIOS<\/b><span style=\"font-weight: 400;\">:<\/span><\/p>\n<p><span style=\"font-weight: 400;\">Todos aquellos profesionales de cualquier disciplina que deseen perfeccionar y certificar como coaches profesionales.<\/span><\/p>\n<p><span style=\"font-weight: 400;\">Quienes desempe\u00f1en funciones de responsabilidad y\/o en la conformaci\u00f3n de equipos en organizaciones con o sin fines de lucro.<\/span><\/p>\n<p><span style=\"font-weight: 400;\">Directores de organizaciones de tipo empresarial, social, cultural y deportiva.<\/span><\/p>\n<p><span style=\"font-weight: 400;\">Gerentes, jefes y a todos aquellos que lideren equipos y\/o tengan personal a su cargo.<\/span><\/p>\n<p><span style=\"font-weight: 400;\">*Incluye todos los materiales de estudio.<\/span><span style=\"font-weight: 400;\"><br \/>\n<\/span><span style=\"font-weight: 400;\">Acceso al Campus Virtual (Plataforma educativa) Y Coffee break.<\/span><\/p>\n<p><b>MODALIDAD<\/b><\/p>\n<ul>\n<li style=\"font-weight: 400;\" aria-level=\"1\"><span style=\"font-weight: 400;\">Horas sincr\u00f3nicas:\u00a0 Docente tiene contacto con los estudiantes a trav\u00e9s de clases presenciales *consulte cronograma sujeto a variaci\u00f3n por Covid19<\/span><\/li>\n<li style=\"font-weight: 400;\" aria-level=\"1\"><span style=\"font-weight: 400;\">Horas Asincr\u00f3nicas: Plataforma educativa: (Campus Virtual)<\/span><\/li>\n<li style=\"font-weight: 400;\" aria-level=\"1\"><span style=\"font-weight: 400;\">*PUEDE OPTAR POR LA MODALIDAD A DISTANCIA 100% ON LINE GRUPOS DE APRENDIZAJE VIRTUALES<\/span><\/li>\n<\/ul>\n<p><b>Aprendizaje experiencial<\/b><span style=\"font-weight: 400;\">\u00a0: Conceptos en pr\u00e1cticas, no es lo mismo saber, que saber hacer.\u00a0Te\u00f3rico-Pr\u00e1ctico, con \u00e9nfasis en el aprendizaje vivencial y Transformacional.\u00a0<\/span><\/p>\n<p><b>Teor\u00eda<\/b><span style=\"font-weight: 400;\">: Distinciones para producir cambios. Bibliograf\u00eda obligatoria y opcional.\u00a0<\/span><\/p>\n<p><b>Conversaciones de coaching<\/b><span style=\"font-weight: 400;\">: Como intervenir uno a uno, se realizan en forma constante conversaciones de coaching entre los participantes y tambi\u00e9n con otras personas.\u00a0<\/span><\/p>\n<p><b>Proyecto<\/b><span style=\"font-weight: 400;\">: Se bajara en forma real a un proyecto concreto con resultados medibles, un coach trabaja orientado a producir resultados sin precedentes. Aqu\u00ed se observa y se aprende como realizarlos.\u00a0<\/span><\/p>\n<p><b>Equipo de trabajo<\/b><span style=\"font-weight: 400;\">: El participante se compromete con su equipo m\u00e1s cercano en su empresa a compartir lo aprendido .Ense\u00f1ar hasta aprender.\u00a0<\/span><\/p>\n<p><b>Tareas<\/b><span style=\"font-weight: 400;\">\u00a0:De clase a clase se realizan tareas con lo aprendido, para reflexionar y escribir sobre su proceso.\u00a0<\/span><\/p>\n<p><b>Grupo de estudio<\/b><span style=\"font-weight: 400;\">: Se forman grupos para que los participantes estudien en equipo y se apoyen. Audiencias: Son exposiciones ante p\u00fablico para compartir lo aprendido.<\/span><\/p>\n<p><span style=\"font-weight: 400;\">\u00a0<\/span><b>Filmaci\u00f3n<\/b><span style=\"font-weight: 400;\">: Se filmaran las audiencias y otras sesiones para observar que podemos modificar para obtener mejores logros.<\/span><\/p>\n<p>&nbsp;<\/p>\n<p><b>LUGAR DE IMPLEMENTACION<\/b><\/p>\n<p><b>Salta:<\/b><span style=\"font-weight: 400;\">\u00a0Sal\u00f3n de eventos en el \u201cHotel Posada del Sol\u201d, Alvarado 646, A4400 Salta.<\/span><\/p>\n<p>&nbsp;<\/p>\n<p><b>Chaco:<\/b><span style=\"font-weight: 400;\">\u00a0<\/span><span style=\"font-weight: 400;\">Am\u00e9rian Hotel Casino Gala<\/span><span style=\"font-weight: 400;\">. <\/span><span style=\"font-weight: 400;\">Juan Domingo Per\u00f3n 330, Resistencia, Chaco<\/span><\/p>\n","protected":false},"excerpt":{"rendered":"<p>CARRERA COACHING &amp; PNL. PRESENCIAL EN SALTA Y CHACO\u00a0 Dictado por: Dra. Mar\u00eda Gabriela Gonz\u00e1lez Vendrell. SEPTIEMBRE 2021*1 Dictado por:\u00a0Dra. Mar\u00eda Gabriela Gonz\u00e1lez Vendrell. PROGRAMAS Carrera de Coaching Profesional Ontol\u00f3gico &amp; Empresarial PNL ( Practittioner &amp; Master) CERTIFICACIONES Avalada por ICF International Coach Federation Formacion Ejecutiva Consultores en Capacitaci\u00f3n &amp; Desarrollo Instituto Universitario de Estudios [&hellip;]<\/p>\n","protected":false},"author":3,"featured_media":2146,"comment_status":"open","ping_status":"open","sticky":false,"template":"","format":"standard","meta":{"site-sidebar-layout":"default","site-content-layout":"default","ast-site-content-layout":"","site-content-style":"default","site-sidebar-style":"default","ast-global-header-display":"","ast-banner-title-visibility":"","ast-main-header-display":"","ast-hfb-above-header-display":"","ast-hfb-below-header-display":"","ast-hfb-mobile-header-display":"","site-post-title":"","ast-breadcrumbs-content":"","ast-featured-img":"","footer-sml-layout":"","theme-transparent-header-meta":"default","adv-header-id-meta":"","stick-header-meta":"","header-above-stick-meta":"","header-main-stick-meta":"","header-below-stick-meta":"","astra-migrate-meta-layouts":"default","ast-page-background-enabled":"default","ast-page-background-meta":{"desktop":{"background-color":"","background-image":"","background-repeat":"repeat","background-position":"center center","background-size":"auto","background-attachment":"scroll","background-type":"","background-media":"","overlay-type":"","overlay-color":"","overlay-opacity":"","overlay-gradient":""},"tablet":{"background-color":"","background-image":"","background-repeat":"repeat","background-position":"center center","background-size":"auto","background-attachment":"scroll","background-type":"","background-media":"","overlay-type":"","overlay-color":"","overlay-opacity":"","overlay-gradient":""},"mobile":{"background-color":"","background-image":"","background-repeat":"repeat","background-position":"center center","background-size":"auto","background-attachment":"scroll","background-type":"","background-media":"","overlay-type":"","overlay-color":"","overlay-opacity":"","overlay-gradient":""}},"ast-content-background-meta":{"desktop":{"background-color":"var(--ast-global-color-5)","background-image":"","background-repeat":"repeat","background-position":"center center","background-size":"auto","background-attachment":"scroll","background-type":"","background-media":"","overlay-type":"","overlay-color":"","overlay-opacity":"","overlay-gradient":""},"tablet":{"background-color":"var(--ast-global-color-5)","background-image":"","background-repeat":"repeat","background-position":"center center","background-size":"auto","background-attachment":"scroll","background-type":"","background-media":"","overlay-type":"","overlay-color":"","overlay-opacity":"","overlay-gradient":""},"mobile":{"background-color":"var(--ast-global-color-5)","background-image":"","background-repeat":"repeat","background-position":"center center","background-size":"auto","background-attachment":"scroll","background-type":"","background-media":"","overlay-type":"","overlay-color":"","overlay-opacity":"","overlay-gradient":""}},"_joinchat":[],"footnotes":""},"categories":[5],"tags":[],"class_list":["post-2145","post","type-post","status-publish","format-standard","has-post-thumbnail","hentry","category-noticias-y-novedades"],"yoast_head":"<!-- This site is optimized with the Yoast SEO plugin v23.5 - https:\/\/yoast.com\/wordpress\/plugins\/seo\/ -->\n<title>CARRERA COACHING &amp; PNL - SALTA Y CHACO  - Formaci\u00f3n Ejecutiva<\/title>\n<meta name=\"robots\" content=\"index, follow, max-snippet:-1, max-image-preview:large, max-video-preview:-1\" \/>\n<link rel=\"canonical\" href=\"https:\/\/formacionejecutiva.com.ar\/empresas\/noticias-y-novedades\/carrera-coaching-pnl-salta-y-chaco\/\" \/>\n<meta property=\"og:locale\" content=\"es_ES\" \/>\n<meta property=\"og:type\" content=\"article\" \/>\n<meta property=\"og:title\" content=\"CARRERA COACHING &amp; PNL - SALTA Y CHACO  - Formaci\u00f3n Ejecutiva\" \/>\n<meta property=\"og:description\" content=\"CARRERA COACHING &amp; PNL. PRESENCIAL EN SALTA Y CHACO\u00a0 Dictado por: Dra. Mar\u00eda Gabriela Gonz\u00e1lez Vendrell. SEPTIEMBRE 2021*1 Dictado por:\u00a0Dra. Mar\u00eda Gabriela Gonz\u00e1lez Vendrell. PROGRAMAS Carrera de Coaching Profesional Ontol\u00f3gico &amp; Empresarial PNL ( Practittioner &amp; Master) CERTIFICACIONES Avalada por ICF International Coach Federation Formacion Ejecutiva Consultores en Capacitaci\u00f3n &amp; Desarrollo Instituto Universitario de Estudios [&hellip;]\" \/>\n<meta property=\"og:url\" content=\"https:\/\/formacionejecutiva.com.ar\/empresas\/noticias-y-novedades\/carrera-coaching-pnl-salta-y-chaco\/\" \/>\n<meta property=\"og:site_name\" content=\"Formaci\u00f3n Ejecutiva\" \/>\n<meta property=\"article:published_time\" content=\"2021-08-17T16:03:14+00:00\" \/>\n<meta property=\"og:image\" content=\"https:\/\/formacionejecutiva.com.ar\/empresas\/wp-content\/uploads\/2021\/08\/Foto-noticia-1-posada-del-sol.jpg\" \/>\n\t<meta property=\"og:image:width\" content=\"992\" \/>\n\t<meta property=\"og:image:height\" content=\"1000\" \/>\n\t<meta property=\"og:image:type\" content=\"image\/jpeg\" \/>\n<meta name=\"author\" content=\"Daniel\" \/>\n<meta name=\"twitter:card\" content=\"summary_large_image\" \/>\n<meta name=\"twitter:label1\" content=\"Escrito por\" \/>\n\t<meta name=\"twitter:data1\" content=\"Daniel\" \/>\n\t<meta name=\"twitter:label2\" content=\"Tiempo de lectura\" \/>\n\t<meta name=\"twitter:data2\" content=\"3 minutos\" \/>\n<script type=\"application\/ld+json\" class=\"yoast-schema-graph\">{\"@context\":\"https:\/\/schema.org\",\"@graph\":[{\"@type\":\"Article\",\"@id\":\"https:\/\/formacionejecutiva.com.ar\/empresas\/noticias-y-novedades\/carrera-coaching-pnl-salta-y-chaco\/#article\",\"isPartOf\":{\"@id\":\"https:\/\/formacionejecutiva.com.ar\/empresas\/noticias-y-novedades\/carrera-coaching-pnl-salta-y-chaco\/\"},\"author\":{\"name\":\"Daniel\",\"@id\":\"https:\/\/formacionejecutiva.com.ar\/empresas\/#\/schema\/person\/222d86c959c3db84eda961c48a5f2cb9\"},\"headline\":\"CARRERA COACHING &#038; PNL &#8211; SALTA Y CHACO\",\"datePublished\":\"2021-08-17T16:03:14+00:00\",\"dateModified\":\"2021-08-17T16:03:14+00:00\",\"mainEntityOfPage\":{\"@id\":\"https:\/\/formacionejecutiva.com.ar\/empresas\/noticias-y-novedades\/carrera-coaching-pnl-salta-y-chaco\/\"},\"wordCount\":541,\"commentCount\":0,\"publisher\":{\"@id\":\"https:\/\/formacionejecutiva.com.ar\/empresas\/#organization\"},\"image\":{\"@id\":\"https:\/\/formacionejecutiva.com.ar\/empresas\/noticias-y-novedades\/carrera-coaching-pnl-salta-y-chaco\/#primaryimage\"},\"thumbnailUrl\":\"https:\/\/formacionejecutiva.com.ar\/empresas\/wp-content\/uploads\/2021\/08\/Foto-noticia-1-posada-del-sol.jpg\",\"articleSection\":[\"Noticias y Novedades\"],\"inLanguage\":\"es\",\"potentialAction\":[{\"@type\":\"CommentAction\",\"name\":\"Comment\",\"target\":[\"https:\/\/formacionejecutiva.com.ar\/empresas\/noticias-y-novedades\/carrera-coaching-pnl-salta-y-chaco\/#respond\"]}]},{\"@type\":\"WebPage\",\"@id\":\"https:\/\/formacionejecutiva.com.ar\/empresas\/noticias-y-novedades\/carrera-coaching-pnl-salta-y-chaco\/\",\"url\":\"https:\/\/formacionejecutiva.com.ar\/empresas\/noticias-y-novedades\/carrera-coaching-pnl-salta-y-chaco\/\",\"name\":\"CARRERA COACHING & PNL - SALTA Y CHACO - Formaci\u00f3n Ejecutiva\",\"isPartOf\":{\"@id\":\"https:\/\/formacionejecutiva.com.ar\/empresas\/#website\"},\"primaryImageOfPage\":{\"@id\":\"https:\/\/formacionejecutiva.com.ar\/empresas\/noticias-y-novedades\/carrera-coaching-pnl-salta-y-chaco\/#primaryimage\"},\"image\":{\"@id\":\"https:\/\/formacionejecutiva.com.ar\/empresas\/noticias-y-novedades\/carrera-coaching-pnl-salta-y-chaco\/#primaryimage\"},\"thumbnailUrl\":\"https:\/\/formacionejecutiva.com.ar\/empresas\/wp-content\/uploads\/2021\/08\/Foto-noticia-1-posada-del-sol.jpg\",\"datePublished\":\"2021-08-17T16:03:14+00:00\",\"dateModified\":\"2021-08-17T16:03:14+00:00\",\"breadcrumb\":{\"@id\":\"https:\/\/formacionejecutiva.com.ar\/empresas\/noticias-y-novedades\/carrera-coaching-pnl-salta-y-chaco\/#breadcrumb\"},\"inLanguage\":\"es\",\"potentialAction\":[{\"@type\":\"ReadAction\",\"target\":[\"https:\/\/formacionejecutiva.com.ar\/empresas\/noticias-y-novedades\/carrera-coaching-pnl-salta-y-chaco\/\"]}]},{\"@type\":\"ImageObject\",\"inLanguage\":\"es\",\"@id\":\"https:\/\/formacionejecutiva.com.ar\/empresas\/noticias-y-novedades\/carrera-coaching-pnl-salta-y-chaco\/#primaryimage\",\"url\":\"https:\/\/formacionejecutiva.com.ar\/empresas\/wp-content\/uploads\/2021\/08\/Foto-noticia-1-posada-del-sol.jpg\",\"contentUrl\":\"https:\/\/formacionejecutiva.com.ar\/empresas\/wp-content\/uploads\/2021\/08\/Foto-noticia-1-posada-del-sol.jpg\",\"width\":992,\"height\":1000},{\"@type\":\"BreadcrumbList\",\"@id\":\"https:\/\/formacionejecutiva.com.ar\/empresas\/noticias-y-novedades\/carrera-coaching-pnl-salta-y-chaco\/#breadcrumb\",\"itemListElement\":[{\"@type\":\"ListItem\",\"position\":1,\"name\":\"Portada\",\"item\":\"https:\/\/formacionejecutiva.com.ar\/empresas\/\"},{\"@type\":\"ListItem\",\"position\":2,\"name\":\"CARRERA COACHING &#038; PNL &#8211; SALTA Y CHACO\"}]},{\"@type\":\"WebSite\",\"@id\":\"https:\/\/formacionejecutiva.com.ar\/empresas\/#website\",\"url\":\"https:\/\/formacionejecutiva.com.ar\/empresas\/\",\"name\":\"Formaci\u00f3n Ejecutiva\",\"description\":\"Educaci\u00f3n para profesionales\",\"publisher\":{\"@id\":\"https:\/\/formacionejecutiva.com.ar\/empresas\/#organization\"},\"potentialAction\":[{\"@type\":\"SearchAction\",\"target\":{\"@type\":\"EntryPoint\",\"urlTemplate\":\"https:\/\/formacionejecutiva.com.ar\/empresas\/?s={search_term_string}\"},\"query-input\":{\"@type\":\"PropertyValueSpecification\",\"valueRequired\":true,\"valueName\":\"search_term_string\"}}],\"inLanguage\":\"es\"},{\"@type\":\"Organization\",\"@id\":\"https:\/\/formacionejecutiva.com.ar\/empresas\/#organization\",\"name\":\"Formaci\u00f3n Ejecutiva\",\"url\":\"https:\/\/formacionejecutiva.com.ar\/empresas\/\",\"logo\":{\"@type\":\"ImageObject\",\"inLanguage\":\"es\",\"@id\":\"https:\/\/formacionejecutiva.com.ar\/empresas\/#\/schema\/logo\/image\/\",\"url\":\"https:\/\/formacionejecutiva.com.ar\/empresas\/wp-content\/uploads\/2018\/12\/cropped-logo-empresas.png\",\"contentUrl\":\"https:\/\/formacionejecutiva.com.ar\/empresas\/wp-content\/uploads\/2018\/12\/cropped-logo-empresas.png\",\"width\":255,\"height\":85,\"caption\":\"Formaci\u00f3n Ejecutiva\"},\"image\":{\"@id\":\"https:\/\/formacionejecutiva.com.ar\/empresas\/#\/schema\/logo\/image\/\"}},{\"@type\":\"Person\",\"@id\":\"https:\/\/formacionejecutiva.com.ar\/empresas\/#\/schema\/person\/222d86c959c3db84eda961c48a5f2cb9\",\"name\":\"Daniel\",\"image\":{\"@type\":\"ImageObject\",\"inLanguage\":\"es\",\"@id\":\"https:\/\/formacionejecutiva.com.ar\/empresas\/#\/schema\/person\/image\/\",\"url\":\"https:\/\/secure.gravatar.com\/avatar\/f59506f69051255e04c867db012d50fc?s=96&d=mm&r=g\",\"contentUrl\":\"https:\/\/secure.gravatar.com\/avatar\/f59506f69051255e04c867db012d50fc?s=96&d=mm&r=g\",\"caption\":\"Daniel\"},\"url\":\"https:\/\/formacionejecutiva.com.ar\/empresas\/author\/daniel\/\"}]}<\/script>\n<!-- \/ Yoast SEO plugin. -->","yoast_head_json":{"title":"CARRERA COACHING & PNL - SALTA Y CHACO  - Formaci\u00f3n Ejecutiva","robots":{"index":"index","follow":"follow","max-snippet":"max-snippet:-1","max-image-preview":"max-image-preview:large","max-video-preview":"max-video-preview:-1"},"canonical":"https:\/\/formacionejecutiva.com.ar\/empresas\/noticias-y-novedades\/carrera-coaching-pnl-salta-y-chaco\/","og_locale":"es_ES","og_type":"article","og_title":"CARRERA COACHING & PNL - SALTA Y CHACO  - Formaci\u00f3n Ejecutiva","og_description":"CARRERA COACHING &amp; PNL. PRESENCIAL EN SALTA Y CHACO\u00a0 Dictado por: Dra. Mar\u00eda Gabriela Gonz\u00e1lez Vendrell. SEPTIEMBRE 2021*1 Dictado por:\u00a0Dra. Mar\u00eda Gabriela Gonz\u00e1lez Vendrell. PROGRAMAS Carrera de Coaching Profesional Ontol\u00f3gico &amp; Empresarial PNL ( Practittioner &amp; Master) CERTIFICACIONES Avalada por ICF International Coach Federation Formacion Ejecutiva Consultores en Capacitaci\u00f3n &amp; Desarrollo Instituto Universitario de Estudios [&hellip;]","og_url":"https:\/\/formacionejecutiva.com.ar\/empresas\/noticias-y-novedades\/carrera-coaching-pnl-salta-y-chaco\/","og_site_name":"Formaci\u00f3n Ejecutiva","article_published_time":"2021-08-17T16:03:14+00:00","og_image":[{"width":992,"height":1000,"url":"https:\/\/formacionejecutiva.com.ar\/empresas\/wp-content\/uploads\/2021\/08\/Foto-noticia-1-posada-del-sol.jpg","type":"image\/jpeg"}],"author":"Daniel","twitter_card":"summary_large_image","twitter_misc":{"Escrito por":"Daniel","Tiempo de lectura":"3 minutos"},"schema":{"@context":"https:\/\/schema.org","@graph":[{"@type":"Article","@id":"https:\/\/formacionejecutiva.com.ar\/empresas\/noticias-y-novedades\/carrera-coaching-pnl-salta-y-chaco\/#article","isPartOf":{"@id":"https:\/\/formacionejecutiva.com.ar\/empresas\/noticias-y-novedades\/carrera-coaching-pnl-salta-y-chaco\/"},"author":{"name":"Daniel","@id":"https:\/\/formacionejecutiva.com.ar\/empresas\/#\/schema\/person\/222d86c959c3db84eda961c48a5f2cb9"},"headline":"CARRERA COACHING &#038; PNL &#8211; SALTA Y CHACO","datePublished":"2021-08-17T16:03:14+00:00","dateModified":"2021-08-17T16:03:14+00:00","mainEntityOfPage":{"@id":"https:\/\/formacionejecutiva.com.ar\/empresas\/noticias-y-novedades\/carrera-coaching-pnl-salta-y-chaco\/"},"wordCount":541,"commentCount":0,"publisher":{"@id":"https:\/\/formacionejecutiva.com.ar\/empresas\/#organization"},"image":{"@id":"https:\/\/formacionejecutiva.com.ar\/empresas\/noticias-y-novedades\/carrera-coaching-pnl-salta-y-chaco\/#primaryimage"},"thumbnailUrl":"https:\/\/formacionejecutiva.com.ar\/empresas\/wp-content\/uploads\/2021\/08\/Foto-noticia-1-posada-del-sol.jpg","articleSection":["Noticias y Novedades"],"inLanguage":"es","potentialAction":[{"@type":"CommentAction","name":"Comment","target":["https:\/\/formacionejecutiva.com.ar\/empresas\/noticias-y-novedades\/carrera-coaching-pnl-salta-y-chaco\/#respond"]}]},{"@type":"WebPage","@id":"https:\/\/formacionejecutiva.com.ar\/empresas\/noticias-y-novedades\/carrera-coaching-pnl-salta-y-chaco\/","url":"https:\/\/formacionejecutiva.com.ar\/empresas\/noticias-y-novedades\/carrera-coaching-pnl-salta-y-chaco\/","name":"CARRERA COACHING & PNL - SALTA Y CHACO - Formaci\u00f3n Ejecutiva","isPartOf":{"@id":"https:\/\/formacionejecutiva.com.ar\/empresas\/#website"},"primaryImageOfPage":{"@id":"https:\/\/formacionejecutiva.com.ar\/empresas\/noticias-y-novedades\/carrera-coaching-pnl-salta-y-chaco\/#primaryimage"},"image":{"@id":"https:\/\/formacionejecutiva.com.ar\/empresas\/noticias-y-novedades\/carrera-coaching-pnl-salta-y-chaco\/#primaryimage"},"thumbnailUrl":"https:\/\/formacionejecutiva.com.ar\/empresas\/wp-content\/uploads\/2021\/08\/Foto-noticia-1-posada-del-sol.jpg","datePublished":"2021-08-17T16:03:14+00:00","dateModified":"2021-08-17T16:03:14+00:00","breadcrumb":{"@id":"https:\/\/formacionejecutiva.com.ar\/empresas\/noticias-y-novedades\/carrera-coaching-pnl-salta-y-chaco\/#breadcrumb"},"inLanguage":"es","potentialAction":[{"@type":"ReadAction","target":["https:\/\/formacionejecutiva.com.ar\/empresas\/noticias-y-novedades\/carrera-coaching-pnl-salta-y-chaco\/"]}]},{"@type":"ImageObject","inLanguage":"es","@id":"https:\/\/formacionejecutiva.com.ar\/empresas\/noticias-y-novedades\/carrera-coaching-pnl-salta-y-chaco\/#primaryimage","url":"https:\/\/formacionejecutiva.com.ar\/empresas\/wp-content\/uploads\/2021\/08\/Foto-noticia-1-posada-del-sol.jpg","contentUrl":"https:\/\/formacionejecutiva.com.ar\/empresas\/wp-content\/uploads\/2021\/08\/Foto-noticia-1-posada-del-sol.jpg","width":992,"height":1000},{"@type":"BreadcrumbList","@id":"https:\/\/formacionejecutiva.com.ar\/empresas\/noticias-y-novedades\/carrera-coaching-pnl-salta-y-chaco\/#breadcrumb","itemListElement":[{"@type":"ListItem","position":1,"name":"Portada","item":"https:\/\/formacionejecutiva.com.ar\/empresas\/"},{"@type":"ListItem","position":2,"name":"CARRERA COACHING &#038; PNL &#8211; SALTA Y CHACO"}]},{"@type":"WebSite","@id":"https:\/\/formacionejecutiva.com.ar\/empresas\/#website","url":"https:\/\/formacionejecutiva.com.ar\/empresas\/","name":"Formaci\u00f3n Ejecutiva","description":"Educaci\u00f3n para profesionales","publisher":{"@id":"https:\/\/formacionejecutiva.com.ar\/empresas\/#organization"},"potentialAction":[{"@type":"SearchAction","target":{"@type":"EntryPoint","urlTemplate":"https:\/\/formacionejecutiva.com.ar\/empresas\/?s={search_term_string}"},"query-input":{"@type":"PropertyValueSpecification","valueRequired":true,"valueName":"search_term_string"}}],"inLanguage":"es"},{"@type":"Organization","@id":"https:\/\/formacionejecutiva.com.ar\/empresas\/#organization","name":"Formaci\u00f3n Ejecutiva","url":"https:\/\/formacionejecutiva.com.ar\/empresas\/","logo":{"@type":"ImageObject","inLanguage":"es","@id":"https:\/\/formacionejecutiva.com.ar\/empresas\/#\/schema\/logo\/image\/","url":"https:\/\/formacionejecutiva.com.ar\/empresas\/wp-content\/uploads\/2018\/12\/cropped-logo-empresas.png","contentUrl":"https:\/\/formacionejecutiva.com.ar\/empresas\/wp-content\/uploads\/2018\/12\/cropped-logo-empresas.png","width":255,"height":85,"caption":"Formaci\u00f3n Ejecutiva"},"image":{"@id":"https:\/\/formacionejecutiva.com.ar\/empresas\/#\/schema\/logo\/image\/"}},{"@type":"Person","@id":"https:\/\/formacionejecutiva.com.ar\/empresas\/#\/schema\/person\/222d86c959c3db84eda961c48a5f2cb9","name":"Daniel","image":{"@type":"ImageObject","inLanguage":"es","@id":"https:\/\/formacionejecutiva.com.ar\/empresas\/#\/schema\/person\/image\/","url":"https:\/\/secure.gravatar.com\/avatar\/f59506f69051255e04c867db012d50fc?s=96&d=mm&r=g","contentUrl":"https:\/\/secure.gravatar.com\/avatar\/f59506f69051255e04c867db012d50fc?s=96&d=mm&r=g","caption":"Daniel"},"url":"https:\/\/formacionejecutiva.com.ar\/empresas\/author\/daniel\/"}]}},"_links":{"self":[{"href":"https:\/\/formacionejecutiva.com.ar\/empresas\/wp-json\/wp\/v2\/posts\/2145","targetHints":{"allow":["GET"]}}],"collection":[{"href":"https:\/\/formacionejecutiva.com.ar\/empresas\/wp-json\/wp\/v2\/posts"}],"about":[{"href":"https:\/\/formacionejecutiva.com.ar\/empresas\/wp-json\/wp\/v2\/types\/post"}],"author":[{"embeddable":true,"href":"https:\/\/formacionejecutiva.com.ar\/empresas\/wp-json\/wp\/v2\/users\/3"}],"replies":[{"embeddable":true,"href":"https:\/\/formacionejecutiva.com.ar\/empresas\/wp-json\/wp\/v2\/comments?post=2145"}],"version-history":[{"count":1,"href":"https:\/\/formacionejecutiva.com.ar\/empresas\/wp-json\/wp\/v2\/posts\/2145\/revisions"}],"predecessor-version":[{"id":2147,"href":"https:\/\/formacionejecutiva.com.ar\/empresas\/wp-json\/wp\/v2\/posts\/2145\/revisions\/2147"}],"wp:featuredmedia":[{"embeddable":true,"href":"https:\/\/formacionejecutiva.com.ar\/empresas\/wp-json\/wp\/v2\/media\/2146"}],"wp:attachment":[{"href":"https:\/\/formacionejecutiva.com.ar\/empresas\/wp-json\/wp\/v2\/media?parent=2145"}],"wp:term":[{"taxonomy":"category","embeddable":true,"href":"https:\/\/formacionejecutiva.com.ar\/empresas\/wp-json\/wp\/v2\/categories?post=2145"},{"taxonomy":"post_tag","embeddable":true,"href":"https:\/\/formacionejecutiva.com.ar\/empresas\/wp-json\/wp\/v2\/tags?post=2145"}],"curies":[{"name":"wp","href":"https:\/\/api.w.org\/{rel}","templated":true}]}}