{"id":2148,"date":"2021-08-17T16:04:51","date_gmt":"2021-08-17T16:04:51","guid":{"rendered":"https:\/\/formacionejecutiva.com.ar\/empresas\/?p=2148"},"modified":"2021-08-17T16:04:51","modified_gmt":"2021-08-17T16:04:51","slug":"vivenciando-las-8-competencias-clave-icf","status":"publish","type":"post","link":"https:\/\/formacionejecutiva.com.ar\/empresas\/noticias-y-novedades\/vivenciando-las-8-competencias-clave-icf\/","title":{"rendered":"<b>Vivenciando las 8 competencias clave ICF<\/b>"},"content":{"rendered":"<h2><span style=\"font-weight: 400;\">Estimados Socios<\/span><\/h2>\n<p><span style=\"font-weight: 400;\">Como ustedes saben la International Coaching Federation ha anunciado, tras un riguroso an\u00e1lisis de pr\u00e1ctica de coaching de 24 meses, un modelo de 8 Competencias Claves de Coaching ICF actualizado. Este modelo de competencias se basa en evidencia recopilada entre m\u00e1s de 1.300 coaches de alrededor del mundo, los cuales representan un diverso rango de modelos de coaching, antecedentes de capacitaci\u00f3n, estilos de coaching, experiencia y niveles de acreditaci\u00f3n, al igual que miembros y no miembros de la ICF. Esta iniciativa de estudio a gran escala valid\u00f3 gran parte del Modelo de Competencias Claves de ICF que estaba en vigencia, desarrollado hace casi 25 a\u00f1os, y que sigue siendo importante para la pr\u00e1ctica del coaching hoy.<\/span><\/p>\n<p><span style=\"font-weight: 400;\">En este marco desde nuestro cap\u00edtulo hemos organizado\u00a0<\/span><b>4 jornadas<\/b><span style=\"font-weight: 400;\">\u00a0en donde trabajaremos en las nuevas competencias claves. Estos espacios son gratuitos para los miembros del cap\u00edtulo y la participaci\u00f3n en cada evento otorga\u00a0<\/span><b>2 CCE<\/b><span style=\"font-weight: 400;\">\u00a0en Competencias\u00a0Claves para Coaches con credencial vigente.<\/span><\/p>\n<p><span style=\"font-weight: 400;\">Las jornadas estar\u00e1n coordinadas por\u00a0<\/span><b>Sandra Munk, coach PCC<\/b><span style=\"font-weight: 400;\">\u00a0y en cada encuentro estar\u00e1 acompa\u00f1ada de destacados colegas que nos compartir\u00e1n sus miradas y experiencias.<\/span><\/p>\n<p><b>Cronograma<\/b><\/p>\n<p><b>1)\u00a0Demuestra pr\u00e1cticas \u00e9ticas y encarna una mentalidad de coaching<\/b><\/p>\n<ul>\n<li style=\"font-weight: 400;\" aria-level=\"1\"><span style=\"font-weight: 400;\">CO COORDINACI\u00d3N: Teresa Sacco, MCC \u2013 Sandra Gutterman, MCC<\/span><\/li>\n<li style=\"font-weight: 400;\" aria-level=\"1\"><span style=\"font-weight: 400;\">FECHA: mi\u00e9rcoles 25 de agosto de 2021<\/span><\/li>\n<li style=\"font-weight: 400;\" aria-level=\"1\"><span style=\"font-weight: 400;\">HORARIO: 18 a 20 hs<\/span><\/li>\n<li style=\"font-weight: 400;\" aria-level=\"1\"><span style=\"font-weight: 400;\">Link de inscripci\u00f3n:\u00a0<\/span><a href=\"https:\/\/www.icf-events.org\/register\/?event=203fbce4ed572742477e112f5992c3b2\"><span style=\"font-weight: 400;\">https:\/\/www.icf-events.org\/register\/?event=203fbce4ed572742477e112f5992c3b2<\/span><\/a><\/li>\n<\/ul>\n<p><b><i>En el marco del ciclo organizado por el Capitulo Argentina denominado \u00abVivenciando las 8 competencias claves de la ICF\u00bb Teresa Sacco, MCC y Sandra Gutterman, MCC nos comparten su miradas sobre estas competencias claves.<\/i><\/b><\/p>\n<p><b><i>Este evento es coordinado por Sandra Munk, PCC y otorga 2 CCE en Competencias Claves para Coach con credencial vigente.<\/i><\/b><\/p>\n<p><span style=\"font-weight: 400;\">Inscripci\u00f3n solo socios\/as ICF<\/span><\/p>\n<p>&nbsp;<\/p>\n","protected":false},"excerpt":{"rendered":"<p>Estimados Socios Como ustedes saben la International Coaching Federation ha anunciado, tras un riguroso an\u00e1lisis de pr\u00e1ctica de coaching de 24 meses, un modelo de 8 Competencias Claves de Coaching ICF actualizado. Este modelo de competencias se basa en evidencia recopilada entre m\u00e1s de 1.300 coaches de alrededor del mundo, los cuales representan un diverso [&hellip;]<\/p>\n","protected":false},"author":3,"featured_media":2149,"comment_status":"open","ping_status":"open","sticky":false,"template":"","format":"standard","meta":{"site-sidebar-layout":"default","site-content-layout":"default","ast-site-content-layout":"","site-content-style":"default","site-sidebar-style":"default","ast-global-header-display":"","ast-banner-title-visibility":"","ast-main-header-display":"","ast-hfb-above-header-display":"","ast-hfb-below-header-display":"","ast-hfb-mobile-header-display":"","site-post-title":"","ast-breadcrumbs-content":"","ast-featured-img":"","footer-sml-layout":"","theme-transparent-header-meta":"default","adv-header-id-meta":"","stick-header-meta":"","header-above-stick-meta":"","header-main-stick-meta":"","header-below-stick-meta":"","astra-migrate-meta-layouts":"default","ast-page-background-enabled":"default","ast-page-background-meta":{"desktop":{"background-color":"","background-image":"","background-repeat":"repeat","background-position":"center center","background-size":"auto","background-attachment":"scroll","background-type":"","background-media":"","overlay-type":"","overlay-color":"","overlay-opacity":"","overlay-gradient":""},"tablet":{"background-color":"","background-image":"","background-repeat":"repeat","background-position":"center center","background-size":"auto","background-attachment":"scroll","background-type":"","background-media":"","overlay-type":"","overlay-color":"","overlay-opacity":"","overlay-gradient":""},"mobile":{"background-color":"","background-image":"","background-repeat":"repeat","background-position":"center center","background-size":"auto","background-attachment":"scroll","background-type":"","background-media":"","overlay-type":"","overlay-color":"","overlay-opacity":"","overlay-gradient":""}},"ast-content-background-meta":{"desktop":{"background-color":"var(--ast-global-color-5)","background-image":"","background-repeat":"repeat","background-position":"center center","background-size":"auto","background-attachment":"scroll","background-type":"","background-media":"","overlay-type":"","overlay-color":"","overlay-opacity":"","overlay-gradient":""},"tablet":{"background-color":"var(--ast-global-color-5)","background-image":"","background-repeat":"repeat","background-position":"center center","background-size":"auto","background-attachment":"scroll","background-type":"","background-media":"","overlay-type":"","overlay-color":"","overlay-opacity":"","overlay-gradient":""},"mobile":{"background-color":"var(--ast-global-color-5)","background-image":"","background-repeat":"repeat","background-position":"center center","background-size":"auto","background-attachment":"scroll","background-type":"","background-media":"","overlay-type":"","overlay-color":"","overlay-opacity":"","overlay-gradient":""}},"_joinchat":[],"footnotes":""},"categories":[5],"tags":[],"class_list":["post-2148","post","type-post","status-publish","format-standard","has-post-thumbnail","hentry","category-noticias-y-novedades"],"yoast_head":"<!-- This site is optimized with the Yoast SEO plugin v23.5 - https:\/\/yoast.com\/wordpress\/plugins\/seo\/ -->\n<title>Vivenciando las 8 competencias clave ICF - Formaci\u00f3n Ejecutiva<\/title>\n<meta name=\"robots\" content=\"index, follow, max-snippet:-1, max-image-preview:large, max-video-preview:-1\" \/>\n<link rel=\"canonical\" href=\"https:\/\/formacionejecutiva.com.ar\/empresas\/noticias-y-novedades\/vivenciando-las-8-competencias-clave-icf\/\" \/>\n<meta property=\"og:locale\" content=\"es_ES\" \/>\n<meta property=\"og:type\" content=\"article\" \/>\n<meta property=\"og:title\" content=\"Vivenciando las 8 competencias clave ICF - Formaci\u00f3n Ejecutiva\" \/>\n<meta property=\"og:description\" content=\"Estimados Socios Como ustedes saben la International Coaching Federation ha anunciado, tras un riguroso an\u00e1lisis de pr\u00e1ctica de coaching de 24 meses, un modelo de 8 Competencias Claves de Coaching ICF actualizado. Este modelo de competencias se basa en evidencia recopilada entre m\u00e1s de 1.300 coaches de alrededor del mundo, los cuales representan un diverso [&hellip;]\" \/>\n<meta property=\"og:url\" content=\"https:\/\/formacionejecutiva.com.ar\/empresas\/noticias-y-novedades\/vivenciando-las-8-competencias-clave-icf\/\" \/>\n<meta property=\"og:site_name\" content=\"Formaci\u00f3n Ejecutiva\" \/>\n<meta property=\"article:published_time\" content=\"2021-08-17T16:04:51+00:00\" \/>\n<meta property=\"og:image\" content=\"https:\/\/formacionejecutiva.com.ar\/empresas\/wp-content\/uploads\/2021\/08\/Foto-noticia-2.jpg\" \/>\n\t<meta property=\"og:image:width\" content=\"900\" \/>\n\t<meta property=\"og:image:height\" content=\"900\" \/>\n\t<meta property=\"og:image:type\" content=\"image\/jpeg\" \/>\n<meta name=\"author\" content=\"Daniel\" \/>\n<meta name=\"twitter:card\" content=\"summary_large_image\" \/>\n<meta name=\"twitter:label1\" content=\"Escrito por\" \/>\n\t<meta name=\"twitter:data1\" content=\"Daniel\" \/>\n\t<meta name=\"twitter:label2\" content=\"Tiempo de lectura\" \/>\n\t<meta name=\"twitter:data2\" content=\"2 minutos\" \/>\n<script type=\"application\/ld+json\" class=\"yoast-schema-graph\">{\"@context\":\"https:\/\/schema.org\",\"@graph\":[{\"@type\":\"Article\",\"@id\":\"https:\/\/formacionejecutiva.com.ar\/empresas\/noticias-y-novedades\/vivenciando-las-8-competencias-clave-icf\/#article\",\"isPartOf\":{\"@id\":\"https:\/\/formacionejecutiva.com.ar\/empresas\/noticias-y-novedades\/vivenciando-las-8-competencias-clave-icf\/\"},\"author\":{\"name\":\"Daniel\",\"@id\":\"https:\/\/formacionejecutiva.com.ar\/empresas\/#\/schema\/person\/222d86c959c3db84eda961c48a5f2cb9\"},\"headline\":\"Vivenciando las 8 competencias clave ICF\",\"datePublished\":\"2021-08-17T16:04:51+00:00\",\"dateModified\":\"2021-08-17T16:04:51+00:00\",\"mainEntityOfPage\":{\"@id\":\"https:\/\/formacionejecutiva.com.ar\/empresas\/noticias-y-novedades\/vivenciando-las-8-competencias-clave-icf\/\"},\"wordCount\":303,\"commentCount\":0,\"publisher\":{\"@id\":\"https:\/\/formacionejecutiva.com.ar\/empresas\/#organization\"},\"image\":{\"@id\":\"https:\/\/formacionejecutiva.com.ar\/empresas\/noticias-y-novedades\/vivenciando-las-8-competencias-clave-icf\/#primaryimage\"},\"thumbnailUrl\":\"https:\/\/formacionejecutiva.com.ar\/empresas\/wp-content\/uploads\/2021\/08\/Foto-noticia-2.jpg\",\"articleSection\":[\"Noticias y Novedades\"],\"inLanguage\":\"es\",\"potentialAction\":[{\"@type\":\"CommentAction\",\"name\":\"Comment\",\"target\":[\"https:\/\/formacionejecutiva.com.ar\/empresas\/noticias-y-novedades\/vivenciando-las-8-competencias-clave-icf\/#respond\"]}]},{\"@type\":\"WebPage\",\"@id\":\"https:\/\/formacionejecutiva.com.ar\/empresas\/noticias-y-novedades\/vivenciando-las-8-competencias-clave-icf\/\",\"url\":\"https:\/\/formacionejecutiva.com.ar\/empresas\/noticias-y-novedades\/vivenciando-las-8-competencias-clave-icf\/\",\"name\":\"Vivenciando las 8 competencias clave ICF - Formaci\u00f3n Ejecutiva\",\"isPartOf\":{\"@id\":\"https:\/\/formacionejecutiva.com.ar\/empresas\/#website\"},\"primaryImageOfPage\":{\"@id\":\"https:\/\/formacionejecutiva.com.ar\/empresas\/noticias-y-novedades\/vivenciando-las-8-competencias-clave-icf\/#primaryimage\"},\"image\":{\"@id\":\"https:\/\/formacionejecutiva.com.ar\/empresas\/noticias-y-novedades\/vivenciando-las-8-competencias-clave-icf\/#primaryimage\"},\"thumbnailUrl\":\"https:\/\/formacionejecutiva.com.ar\/empresas\/wp-content\/uploads\/2021\/08\/Foto-noticia-2.jpg\",\"datePublished\":\"2021-08-17T16:04:51+00:00\",\"dateModified\":\"2021-08-17T16:04:51+00:00\",\"breadcrumb\":{\"@id\":\"https:\/\/formacionejecutiva.com.ar\/empresas\/noticias-y-novedades\/vivenciando-las-8-competencias-clave-icf\/#breadcrumb\"},\"inLanguage\":\"es\",\"potentialAction\":[{\"@type\":\"ReadAction\",\"target\":[\"https:\/\/formacionejecutiva.com.ar\/empresas\/noticias-y-novedades\/vivenciando-las-8-competencias-clave-icf\/\"]}]},{\"@type\":\"ImageObject\",\"inLanguage\":\"es\",\"@id\":\"https:\/\/formacionejecutiva.com.ar\/empresas\/noticias-y-novedades\/vivenciando-las-8-competencias-clave-icf\/#primaryimage\",\"url\":\"https:\/\/formacionejecutiva.com.ar\/empresas\/wp-content\/uploads\/2021\/08\/Foto-noticia-2.jpg\",\"contentUrl\":\"https:\/\/formacionejecutiva.com.ar\/empresas\/wp-content\/uploads\/2021\/08\/Foto-noticia-2.jpg\",\"width\":900,\"height\":900},{\"@type\":\"BreadcrumbList\",\"@id\":\"https:\/\/formacionejecutiva.com.ar\/empresas\/noticias-y-novedades\/vivenciando-las-8-competencias-clave-icf\/#breadcrumb\",\"itemListElement\":[{\"@type\":\"ListItem\",\"position\":1,\"name\":\"Portada\",\"item\":\"https:\/\/formacionejecutiva.com.ar\/empresas\/\"},{\"@type\":\"ListItem\",\"position\":2,\"name\":\"Vivenciando las 8 competencias clave ICF\"}]},{\"@type\":\"WebSite\",\"@id\":\"https:\/\/formacionejecutiva.com.ar\/empresas\/#website\",\"url\":\"https:\/\/formacionejecutiva.com.ar\/empresas\/\",\"name\":\"Formaci\u00f3n Ejecutiva\",\"description\":\"Educaci\u00f3n para profesionales\",\"publisher\":{\"@id\":\"https:\/\/formacionejecutiva.com.ar\/empresas\/#organization\"},\"potentialAction\":[{\"@type\":\"SearchAction\",\"target\":{\"@type\":\"EntryPoint\",\"urlTemplate\":\"https:\/\/formacionejecutiva.com.ar\/empresas\/?s={search_term_string}\"},\"query-input\":{\"@type\":\"PropertyValueSpecification\",\"valueRequired\":true,\"valueName\":\"search_term_string\"}}],\"inLanguage\":\"es\"},{\"@type\":\"Organization\",\"@id\":\"https:\/\/formacionejecutiva.com.ar\/empresas\/#organization\",\"name\":\"Formaci\u00f3n Ejecutiva\",\"url\":\"https:\/\/formacionejecutiva.com.ar\/empresas\/\",\"logo\":{\"@type\":\"ImageObject\",\"inLanguage\":\"es\",\"@id\":\"https:\/\/formacionejecutiva.com.ar\/empresas\/#\/schema\/logo\/image\/\",\"url\":\"https:\/\/formacionejecutiva.com.ar\/empresas\/wp-content\/uploads\/2018\/12\/cropped-logo-empresas.png\",\"contentUrl\":\"https:\/\/formacionejecutiva.com.ar\/empresas\/wp-content\/uploads\/2018\/12\/cropped-logo-empresas.png\",\"width\":255,\"height\":85,\"caption\":\"Formaci\u00f3n Ejecutiva\"},\"image\":{\"@id\":\"https:\/\/formacionejecutiva.com.ar\/empresas\/#\/schema\/logo\/image\/\"}},{\"@type\":\"Person\",\"@id\":\"https:\/\/formacionejecutiva.com.ar\/empresas\/#\/schema\/person\/222d86c959c3db84eda961c48a5f2cb9\",\"name\":\"Daniel\",\"image\":{\"@type\":\"ImageObject\",\"inLanguage\":\"es\",\"@id\":\"https:\/\/formacionejecutiva.com.ar\/empresas\/#\/schema\/person\/image\/\",\"url\":\"https:\/\/secure.gravatar.com\/avatar\/f59506f69051255e04c867db012d50fc?s=96&d=mm&r=g\",\"contentUrl\":\"https:\/\/secure.gravatar.com\/avatar\/f59506f69051255e04c867db012d50fc?s=96&d=mm&r=g\",\"caption\":\"Daniel\"},\"url\":\"https:\/\/formacionejecutiva.com.ar\/empresas\/author\/daniel\/\"}]}<\/script>\n<!-- \/ Yoast SEO plugin. -->","yoast_head_json":{"title":"Vivenciando las 8 competencias clave ICF - Formaci\u00f3n Ejecutiva","robots":{"index":"index","follow":"follow","max-snippet":"max-snippet:-1","max-image-preview":"max-image-preview:large","max-video-preview":"max-video-preview:-1"},"canonical":"https:\/\/formacionejecutiva.com.ar\/empresas\/noticias-y-novedades\/vivenciando-las-8-competencias-clave-icf\/","og_locale":"es_ES","og_type":"article","og_title":"Vivenciando las 8 competencias clave ICF - Formaci\u00f3n Ejecutiva","og_description":"Estimados Socios Como ustedes saben la International Coaching Federation ha anunciado, tras un riguroso an\u00e1lisis de pr\u00e1ctica de coaching de 24 meses, un modelo de 8 Competencias Claves de Coaching ICF actualizado. Este modelo de competencias se basa en evidencia recopilada entre m\u00e1s de 1.300 coaches de alrededor del mundo, los cuales representan un diverso [&hellip;]","og_url":"https:\/\/formacionejecutiva.com.ar\/empresas\/noticias-y-novedades\/vivenciando-las-8-competencias-clave-icf\/","og_site_name":"Formaci\u00f3n Ejecutiva","article_published_time":"2021-08-17T16:04:51+00:00","og_image":[{"width":900,"height":900,"url":"https:\/\/formacionejecutiva.com.ar\/empresas\/wp-content\/uploads\/2021\/08\/Foto-noticia-2.jpg","type":"image\/jpeg"}],"author":"Daniel","twitter_card":"summary_large_image","twitter_misc":{"Escrito por":"Daniel","Tiempo de lectura":"2 minutos"},"schema":{"@context":"https:\/\/schema.org","@graph":[{"@type":"Article","@id":"https:\/\/formacionejecutiva.com.ar\/empresas\/noticias-y-novedades\/vivenciando-las-8-competencias-clave-icf\/#article","isPartOf":{"@id":"https:\/\/formacionejecutiva.com.ar\/empresas\/noticias-y-novedades\/vivenciando-las-8-competencias-clave-icf\/"},"author":{"name":"Daniel","@id":"https:\/\/formacionejecutiva.com.ar\/empresas\/#\/schema\/person\/222d86c959c3db84eda961c48a5f2cb9"},"headline":"Vivenciando las 8 competencias clave ICF","datePublished":"2021-08-17T16:04:51+00:00","dateModified":"2021-08-17T16:04:51+00:00","mainEntityOfPage":{"@id":"https:\/\/formacionejecutiva.com.ar\/empresas\/noticias-y-novedades\/vivenciando-las-8-competencias-clave-icf\/"},"wordCount":303,"commentCount":0,"publisher":{"@id":"https:\/\/formacionejecutiva.com.ar\/empresas\/#organization"},"image":{"@id":"https:\/\/formacionejecutiva.com.ar\/empresas\/noticias-y-novedades\/vivenciando-las-8-competencias-clave-icf\/#primaryimage"},"thumbnailUrl":"https:\/\/formacionejecutiva.com.ar\/empresas\/wp-content\/uploads\/2021\/08\/Foto-noticia-2.jpg","articleSection":["Noticias y Novedades"],"inLanguage":"es","potentialAction":[{"@type":"CommentAction","name":"Comment","target":["https:\/\/formacionejecutiva.com.ar\/empresas\/noticias-y-novedades\/vivenciando-las-8-competencias-clave-icf\/#respond"]}]},{"@type":"WebPage","@id":"https:\/\/formacionejecutiva.com.ar\/empresas\/noticias-y-novedades\/vivenciando-las-8-competencias-clave-icf\/","url":"https:\/\/formacionejecutiva.com.ar\/empresas\/noticias-y-novedades\/vivenciando-las-8-competencias-clave-icf\/","name":"Vivenciando las 8 competencias clave ICF - Formaci\u00f3n Ejecutiva","isPartOf":{"@id":"https:\/\/formacionejecutiva.com.ar\/empresas\/#website"},"primaryImageOfPage":{"@id":"https:\/\/formacionejecutiva.com.ar\/empresas\/noticias-y-novedades\/vivenciando-las-8-competencias-clave-icf\/#primaryimage"},"image":{"@id":"https:\/\/formacionejecutiva.com.ar\/empresas\/noticias-y-novedades\/vivenciando-las-8-competencias-clave-icf\/#primaryimage"},"thumbnailUrl":"https:\/\/formacionejecutiva.com.ar\/empresas\/wp-content\/uploads\/2021\/08\/Foto-noticia-2.jpg","datePublished":"2021-08-17T16:04:51+00:00","dateModified":"2021-08-17T16:04:51+00:00","breadcrumb":{"@id":"https:\/\/formacionejecutiva.com.ar\/empresas\/noticias-y-novedades\/vivenciando-las-8-competencias-clave-icf\/#breadcrumb"},"inLanguage":"es","potentialAction":[{"@type":"ReadAction","target":["https:\/\/formacionejecutiva.com.ar\/empresas\/noticias-y-novedades\/vivenciando-las-8-competencias-clave-icf\/"]}]},{"@type":"ImageObject","inLanguage":"es","@id":"https:\/\/formacionejecutiva.com.ar\/empresas\/noticias-y-novedades\/vivenciando-las-8-competencias-clave-icf\/#primaryimage","url":"https:\/\/formacionejecutiva.com.ar\/empresas\/wp-content\/uploads\/2021\/08\/Foto-noticia-2.jpg","contentUrl":"https:\/\/formacionejecutiva.com.ar\/empresas\/wp-content\/uploads\/2021\/08\/Foto-noticia-2.jpg","width":900,"height":900},{"@type":"BreadcrumbList","@id":"https:\/\/formacionejecutiva.com.ar\/empresas\/noticias-y-novedades\/vivenciando-las-8-competencias-clave-icf\/#breadcrumb","itemListElement":[{"@type":"ListItem","position":1,"name":"Portada","item":"https:\/\/formacionejecutiva.com.ar\/empresas\/"},{"@type":"ListItem","position":2,"name":"Vivenciando las 8 competencias clave ICF"}]},{"@type":"WebSite","@id":"https:\/\/formacionejecutiva.com.ar\/empresas\/#website","url":"https:\/\/formacionejecutiva.com.ar\/empresas\/","name":"Formaci\u00f3n Ejecutiva","description":"Educaci\u00f3n para profesionales","publisher":{"@id":"https:\/\/formacionejecutiva.com.ar\/empresas\/#organization"},"potentialAction":[{"@type":"SearchAction","target":{"@type":"EntryPoint","urlTemplate":"https:\/\/formacionejecutiva.com.ar\/empresas\/?s={search_term_string}"},"query-input":{"@type":"PropertyValueSpecification","valueRequired":true,"valueName":"search_term_string"}}],"inLanguage":"es"},{"@type":"Organization","@id":"https:\/\/formacionejecutiva.com.ar\/empresas\/#organization","name":"Formaci\u00f3n Ejecutiva","url":"https:\/\/formacionejecutiva.com.ar\/empresas\/","logo":{"@type":"ImageObject","inLanguage":"es","@id":"https:\/\/formacionejecutiva.com.ar\/empresas\/#\/schema\/logo\/image\/","url":"https:\/\/formacionejecutiva.com.ar\/empresas\/wp-content\/uploads\/2018\/12\/cropped-logo-empresas.png","contentUrl":"https:\/\/formacionejecutiva.com.ar\/empresas\/wp-content\/uploads\/2018\/12\/cropped-logo-empresas.png","width":255,"height":85,"caption":"Formaci\u00f3n Ejecutiva"},"image":{"@id":"https:\/\/formacionejecutiva.com.ar\/empresas\/#\/schema\/logo\/image\/"}},{"@type":"Person","@id":"https:\/\/formacionejecutiva.com.ar\/empresas\/#\/schema\/person\/222d86c959c3db84eda961c48a5f2cb9","name":"Daniel","image":{"@type":"ImageObject","inLanguage":"es","@id":"https:\/\/formacionejecutiva.com.ar\/empresas\/#\/schema\/person\/image\/","url":"https:\/\/secure.gravatar.com\/avatar\/f59506f69051255e04c867db012d50fc?s=96&d=mm&r=g","contentUrl":"https:\/\/secure.gravatar.com\/avatar\/f59506f69051255e04c867db012d50fc?s=96&d=mm&r=g","caption":"Daniel"},"url":"https:\/\/formacionejecutiva.com.ar\/empresas\/author\/daniel\/"}]}},"_links":{"self":[{"href":"https:\/\/formacionejecutiva.com.ar\/empresas\/wp-json\/wp\/v2\/posts\/2148","targetHints":{"allow":["GET"]}}],"collection":[{"href":"https:\/\/formacionejecutiva.com.ar\/empresas\/wp-json\/wp\/v2\/posts"}],"about":[{"href":"https:\/\/formacionejecutiva.com.ar\/empresas\/wp-json\/wp\/v2\/types\/post"}],"author":[{"embeddable":true,"href":"https:\/\/formacionejecutiva.com.ar\/empresas\/wp-json\/wp\/v2\/users\/3"}],"replies":[{"embeddable":true,"href":"https:\/\/formacionejecutiva.com.ar\/empresas\/wp-json\/wp\/v2\/comments?post=2148"}],"version-history":[{"count":1,"href":"https:\/\/formacionejecutiva.com.ar\/empresas\/wp-json\/wp\/v2\/posts\/2148\/revisions"}],"predecessor-version":[{"id":2150,"href":"https:\/\/formacionejecutiva.com.ar\/empresas\/wp-json\/wp\/v2\/posts\/2148\/revisions\/2150"}],"wp:featuredmedia":[{"embeddable":true,"href":"https:\/\/formacionejecutiva.com.ar\/empresas\/wp-json\/wp\/v2\/media\/2149"}],"wp:attachment":[{"href":"https:\/\/formacionejecutiva.com.ar\/empresas\/wp-json\/wp\/v2\/media?parent=2148"}],"wp:term":[{"taxonomy":"category","embeddable":true,"href":"https:\/\/formacionejecutiva.com.ar\/empresas\/wp-json\/wp\/v2\/categories?post=2148"},{"taxonomy":"post_tag","embeddable":true,"href":"https:\/\/formacionejecutiva.com.ar\/empresas\/wp-json\/wp\/v2\/tags?post=2148"}],"curies":[{"name":"wp","href":"https:\/\/api.w.org\/{rel}","templated":true}]}}