{"id":2151,"date":"2021-08-17T16:06:14","date_gmt":"2021-08-17T16:06:14","guid":{"rendered":"https:\/\/formacionejecutiva.com.ar\/empresas\/?p=2151"},"modified":"2021-08-17T16:06:14","modified_gmt":"2021-08-17T16:06:14","slug":"mediacion-salta-chaco","status":"publish","type":"post","link":"https:\/\/formacionejecutiva.com.ar\/empresas\/noticias-y-novedades\/mediacion-salta-chaco\/","title":{"rendered":"<b>Mediaci\u00f3n, Salta &#038; Chaco<\/b>"},"content":{"rendered":"<p><b>PROGRAMAS<\/b><\/p>\n<ul>\n<li style=\"font-weight: 400;\" aria-level=\"1\"><span style=\"font-weight: 400;\">Especializaci\u00f3n en Mediaci\u00f3n Familiar<\/span><\/li>\n<li style=\"font-weight: 400;\" aria-level=\"1\"><span style=\"font-weight: 400;\">Mediaci\u00f3n B\u00e1sica Inicial (Introductorio, Entrenamiento y Pasant\u00edas)<\/span><\/li>\n<\/ul>\n<p>&nbsp;<\/p>\n<p><b>CERTIFICACIONES<\/b><\/p>\n<ul>\n<li style=\"font-weight: 400;\" aria-level=\"1\"><span style=\"font-weight: 400;\">Avalada por la Asociaci\u00f3n Argentina de Mediaci\u00f3n interdisciplinaria como Especialista en Mediaci\u00f3n en la rama que el alumno haya seleccionado \u2013<\/span><\/li>\n<li style=\"font-weight: 400;\" aria-level=\"1\"><span style=\"font-weight: 400;\">Homologada por el Ministerio de Justicia y Derechos Humanos de la Naci\u00f3n otorgado por Instituci\u00f3n Nro. 12 Formaci\u00f3n Ejecutiva Instituto del Registro de entidades formadoras de la DNMYMPRC.\u00a0\u00a0<\/span><b>Esta certificaci\u00f3n se otorgar\u00e1 \u00fanicamente a quienes hayan cursado Especializaci\u00f3n en Mediaci\u00f3n Familiar bajo modalidad Presencial, Ad Hoc Presencia<\/b><\/li>\n<li style=\"font-weight: 400;\" aria-level=\"1\"><span style=\"font-weight: 400;\">Homologada por el Ministerio de Justicia y Derechos Humanos de la Naci\u00f3n otorgado por Instituci\u00f3n Nro. 19 Conciliar Centro de Mediaci\u00f3n del Registro de entidades formadoras de la DNMYMPRC.\u00a0\u00a0<\/span><b>Esta certificaci\u00f3n se otorgar\u00e1 \u00fanicamente a quienes hayan cursado la Formaci\u00f3n Inicial en Mediaci\u00f3n (Introductorio, Entrenamiento y<\/b><span style=\"font-weight: 400;\">\u00a0Pasant\u00edas) bajo modalidad Presencial Regular, Ad Hoc Presencial.<\/span><\/li>\n<li style=\"font-weight: 400;\" aria-level=\"1\"><span style=\"font-weight: 400;\">Homologada por el Ministerio de Justicia y Derechos Humanos de la Naci\u00f3n otorgado por Instituci\u00f3n Nro. 9 Ethikos Centro de Mediaci\u00f3n del Registro de entidades formadoras de la DNMYMPRC.\u00a0\u00a0<\/span><b>Esta certificaci\u00f3n se otorgar\u00e1 \u00fanicamente a quienes hayan cursado la Formaci\u00f3n Inicial en Mediaci\u00f3n (Introductorio, Entrenamiento y Pasant\u00edas) bajo modalidad Presencial Regular, Ad Hoc Presencia<\/b><\/li>\n<\/ul>\n<p><b>CARGA HORARIA\u00a0<\/b><\/p>\n<ul>\n<li style=\"font-weight: 400;\" aria-level=\"1\"><span style=\"font-weight: 400;\">Especializaci\u00f3n en Mediaci\u00f3n Familiar \u2013 Curso de Especializaci\u00f3n \u2013 Homologa 60hrs<\/span><\/li>\n<li style=\"font-weight: 400;\" aria-level=\"1\"><span style=\"font-weight: 400;\">Formaci\u00f3n B\u00e1sica en Mediaci\u00f3n (Introductorio, Entrenamiento y Pasant\u00edas) Homologa 100 hrs<\/span><\/li>\n<\/ul>\n<p><b>DOCENTES A CARGO<\/b><\/p>\n<p><b>Dra. Gabriela Vendrell<\/b><span style=\"font-weight: 400;\"><br \/>\n<\/span><span style=\"font-weight: 400;\">(Especializaci\u00f3n Familia, Mediaci\u00f3n Penal y Justicia Restaurativa, Mediaci\u00f3n Comunitaria, Mediaci\u00f3n Escolar)<\/span><span style=\"font-weight: 400;\"><br \/>\n<\/span><b>Dra. Rosa Fern\u00e1ndez Lemoine<\/b><span style=\"font-weight: 400;\"><br \/>\n<\/span><span style=\"font-weight: 400;\">(Formaci\u00f3n Inicial en Mediaci\u00f3n: Introductorio, Entrenamiento y Pasant\u00edas por Conciliar Instituci\u00f3n formadora Nro. 19)<\/span><span style=\"font-weight: 400;\"><br \/>\n<\/span><b>Dr. Carlos Silva<\/b><span style=\"font-weight: 400;\"><br \/>\n<\/span><span style=\"font-weight: 400;\">(Formaci\u00f3n Inicial en Mediaci\u00f3n: Introductorio, Entrenamiento y Pasant\u00edas por Ethikos Instituci\u00f3n formadora Nro. 9)<\/span><\/p>\n<p><b>OBJETIVOS GENERALES<\/b><span style=\"font-weight: 400;\">:<\/span><\/p>\n<ul>\n<li style=\"font-weight: 400;\" aria-level=\"1\"><span style=\"font-weight: 400;\">Formar Profesionales con conocimientos, destrezas y habilidades en la resoluci\u00f3n pac\u00edfica de conflictos. Brindar una formaci\u00f3n interdisciplinaria para intervenir en la prevenci\u00f3n, gesti\u00f3n y resoluci\u00f3n de conflictos familiares\/ penales\/ patrimoniales.<\/span><\/li>\n<li style=\"font-weight: 400;\" aria-level=\"1\"><span style=\"font-weight: 400;\">Impulsar la mediaci\u00f3n como v\u00eda de resoluci\u00f3n de conflictos en el \u00e1mbito familiar\/ comunitario, etc., como alternativa extrajudicial de resoluci\u00f3n de conflictos y como herramienta de prevenci\u00f3n de conflictos y control de riesgos.<\/span><\/li>\n<li style=\"font-weight: 400;\" aria-level=\"1\"><span style=\"font-weight: 400;\">Sensibilizar a los participantes de la necesidad de buscar nuevas v\u00edas de soluci\u00f3n de conflictos. Conseguir que en un futuro se pueda hablar de la cultura del acuerdo, abandonando la mentalidad del litigio y la confrontaci\u00f3n.<\/span><\/li>\n<\/ul>\n<p><b>DESTINATARIOS<\/b><span style=\"font-weight: 400;\">:<\/span><\/p>\n<p><span style=\"font-weight: 400;\">Profesionales de todas las disciplina Universitarios o Terciarios.<\/span><span style=\"font-weight: 400;\"><br \/>\n<\/span><span style=\"font-weight: 400;\">Mediadores interesados en la capacitaci\u00f3n continua.<\/span><span style=\"font-weight: 400;\"><br \/>\n<\/span><span style=\"font-weight: 400;\">Responsables de Instituciones educativas, empresas y cualquier interesado en adquirir t\u00e9cnicas y herramientas de gesti\u00f3n y prevenci\u00f3n de conflictos.<\/span><\/p>\n<p><span style=\"font-weight: 400;\">*Incluye todos los materiales de estudio.<\/span><span style=\"font-weight: 400;\"><br \/>\n<\/span><span style=\"font-weight: 400;\">Acceso al Campus Virtual (Plataforma educativa) Y Coffee break.<\/span><\/p>\n<p><b>MODALIDAD<\/b><\/p>\n<ul>\n<li style=\"font-weight: 400;\" aria-level=\"1\"><span style=\"font-weight: 400;\">Horas sincr\u00f3nicas:\u00a0 Docente tiene contacto con los estudiantes a trav\u00e9s de clases presenciales *consulte cronograma sujeto a variaci\u00f3n por Covid19<\/span><\/li>\n<li style=\"font-weight: 400;\" aria-level=\"1\"><span style=\"font-weight: 400;\">Horas Asincr\u00f3nicas: Plataforma educativa: (Campus Virtual)<\/span><\/li>\n<\/ul>\n<p><b>LUGAR DE IMPLEMENTACION<\/b><\/p>\n<p><b>Salta:\u00a0<\/b><span style=\"font-weight: 400;\">Sal\u00f3n de eventos en el \u201cHotel Posada del Sol\u201d, Alvarado 646, A4400 Salta.<\/span><\/p>\n<p><b>Chaco:\u00a0<\/b><span style=\"font-weight: 400;\">Am\u00e9rian Hotel Casino Gala<\/span><span style=\"font-weight: 400;\">. <\/span><span style=\"font-weight: 400;\">Juan Domingo Per\u00f3n 330, Resistencia, Chaco<\/span><\/p>\n<p>&nbsp;<\/p>\n<h2><\/h2>\n","protected":false},"excerpt":{"rendered":"<p>PROGRAMAS Especializaci\u00f3n en Mediaci\u00f3n Familiar Mediaci\u00f3n B\u00e1sica Inicial (Introductorio, Entrenamiento y Pasant\u00edas) &nbsp; CERTIFICACIONES Avalada por la Asociaci\u00f3n Argentina de Mediaci\u00f3n interdisciplinaria como Especialista en Mediaci\u00f3n en la rama que el alumno haya seleccionado \u2013 Homologada por el Ministerio de Justicia y Derechos Humanos de la Naci\u00f3n otorgado por Instituci\u00f3n Nro. 12 Formaci\u00f3n Ejecutiva Instituto [&hellip;]<\/p>\n","protected":false},"author":3,"featured_media":2152,"comment_status":"open","ping_status":"open","sticky":false,"template":"","format":"standard","meta":{"site-sidebar-layout":"default","site-content-layout":"default","ast-site-content-layout":"","site-content-style":"default","site-sidebar-style":"default","ast-global-header-display":"","ast-banner-title-visibility":"","ast-main-header-display":"","ast-hfb-above-header-display":"","ast-hfb-below-header-display":"","ast-hfb-mobile-header-display":"","site-post-title":"","ast-breadcrumbs-content":"","ast-featured-img":"","footer-sml-layout":"","theme-transparent-header-meta":"default","adv-header-id-meta":"","stick-header-meta":"","header-above-stick-meta":"","header-main-stick-meta":"","header-below-stick-meta":"","astra-migrate-meta-layouts":"default","ast-page-background-enabled":"default","ast-page-background-meta":{"desktop":{"background-color":"","background-image":"","background-repeat":"repeat","background-position":"center center","background-size":"auto","background-attachment":"scroll","background-type":"","background-media":"","overlay-type":"","overlay-color":"","overlay-opacity":"","overlay-gradient":""},"tablet":{"background-color":"","background-image":"","background-repeat":"repeat","background-position":"center center","background-size":"auto","background-attachment":"scroll","background-type":"","background-media":"","overlay-type":"","overlay-color":"","overlay-opacity":"","overlay-gradient":""},"mobile":{"background-color":"","background-image":"","background-repeat":"repeat","background-position":"center center","background-size":"auto","background-attachment":"scroll","background-type":"","background-media":"","overlay-type":"","overlay-color":"","overlay-opacity":"","overlay-gradient":""}},"ast-content-background-meta":{"desktop":{"background-color":"var(--ast-global-color-5)","background-image":"","background-repeat":"repeat","background-position":"center center","background-size":"auto","background-attachment":"scroll","background-type":"","background-media":"","overlay-type":"","overlay-color":"","overlay-opacity":"","overlay-gradient":""},"tablet":{"background-color":"var(--ast-global-color-5)","background-image":"","background-repeat":"repeat","background-position":"center center","background-size":"auto","background-attachment":"scroll","background-type":"","background-media":"","overlay-type":"","overlay-color":"","overlay-opacity":"","overlay-gradient":""},"mobile":{"background-color":"var(--ast-global-color-5)","background-image":"","background-repeat":"repeat","background-position":"center center","background-size":"auto","background-attachment":"scroll","background-type":"","background-media":"","overlay-type":"","overlay-color":"","overlay-opacity":"","overlay-gradient":""}},"_joinchat":[],"footnotes":""},"categories":[5],"tags":[],"class_list":["post-2151","post","type-post","status-publish","format-standard","has-post-thumbnail","hentry","category-noticias-y-novedades"],"yoast_head":"<!-- This site is optimized with the Yoast SEO plugin v23.5 - https:\/\/yoast.com\/wordpress\/plugins\/seo\/ -->\n<title>Mediaci\u00f3n, Salta &amp; Chaco - Formaci\u00f3n Ejecutiva<\/title>\n<meta name=\"robots\" content=\"index, follow, max-snippet:-1, max-image-preview:large, max-video-preview:-1\" \/>\n<link rel=\"canonical\" href=\"https:\/\/formacionejecutiva.com.ar\/empresas\/noticias-y-novedades\/mediacion-salta-chaco\/\" \/>\n<meta property=\"og:locale\" content=\"es_ES\" \/>\n<meta property=\"og:type\" content=\"article\" \/>\n<meta property=\"og:title\" content=\"Mediaci\u00f3n, Salta &amp; Chaco - Formaci\u00f3n Ejecutiva\" \/>\n<meta property=\"og:description\" content=\"PROGRAMAS Especializaci\u00f3n en Mediaci\u00f3n Familiar Mediaci\u00f3n B\u00e1sica Inicial (Introductorio, Entrenamiento y Pasant\u00edas) &nbsp; CERTIFICACIONES Avalada por la Asociaci\u00f3n Argentina de Mediaci\u00f3n interdisciplinaria como Especialista en Mediaci\u00f3n en la rama que el alumno haya seleccionado \u2013 Homologada por el Ministerio de Justicia y Derechos Humanos de la Naci\u00f3n otorgado por Instituci\u00f3n Nro. 12 Formaci\u00f3n Ejecutiva Instituto [&hellip;]\" \/>\n<meta property=\"og:url\" content=\"https:\/\/formacionejecutiva.com.ar\/empresas\/noticias-y-novedades\/mediacion-salta-chaco\/\" \/>\n<meta property=\"og:site_name\" content=\"Formaci\u00f3n Ejecutiva\" \/>\n<meta property=\"article:published_time\" content=\"2021-08-17T16:06:14+00:00\" \/>\n<meta property=\"og:image\" content=\"https:\/\/formacionejecutiva.com.ar\/empresas\/wp-content\/uploads\/2021\/08\/Foto-noticia-3-Amerian.jpg\" \/>\n\t<meta property=\"og:image:width\" content=\"1280\" \/>\n\t<meta property=\"og:image:height\" content=\"853\" \/>\n\t<meta property=\"og:image:type\" content=\"image\/jpeg\" \/>\n<meta name=\"author\" content=\"Daniel\" \/>\n<meta name=\"twitter:card\" content=\"summary_large_image\" \/>\n<meta name=\"twitter:label1\" content=\"Escrito por\" \/>\n\t<meta name=\"twitter:data1\" content=\"Daniel\" \/>\n\t<meta name=\"twitter:label2\" content=\"Tiempo de lectura\" \/>\n\t<meta name=\"twitter:data2\" content=\"3 minutos\" \/>\n<script type=\"application\/ld+json\" class=\"yoast-schema-graph\">{\"@context\":\"https:\/\/schema.org\",\"@graph\":[{\"@type\":\"Article\",\"@id\":\"https:\/\/formacionejecutiva.com.ar\/empresas\/noticias-y-novedades\/mediacion-salta-chaco\/#article\",\"isPartOf\":{\"@id\":\"https:\/\/formacionejecutiva.com.ar\/empresas\/noticias-y-novedades\/mediacion-salta-chaco\/\"},\"author\":{\"name\":\"Daniel\",\"@id\":\"https:\/\/formacionejecutiva.com.ar\/empresas\/#\/schema\/person\/222d86c959c3db84eda961c48a5f2cb9\"},\"headline\":\"Mediaci\u00f3n, Salta &#038; Chaco\",\"datePublished\":\"2021-08-17T16:06:14+00:00\",\"dateModified\":\"2021-08-17T16:06:14+00:00\",\"mainEntityOfPage\":{\"@id\":\"https:\/\/formacionejecutiva.com.ar\/empresas\/noticias-y-novedades\/mediacion-salta-chaco\/\"},\"wordCount\":538,\"commentCount\":0,\"publisher\":{\"@id\":\"https:\/\/formacionejecutiva.com.ar\/empresas\/#organization\"},\"image\":{\"@id\":\"https:\/\/formacionejecutiva.com.ar\/empresas\/noticias-y-novedades\/mediacion-salta-chaco\/#primaryimage\"},\"thumbnailUrl\":\"https:\/\/formacionejecutiva.com.ar\/empresas\/wp-content\/uploads\/2021\/08\/Foto-noticia-3-Amerian.jpg\",\"articleSection\":[\"Noticias y Novedades\"],\"inLanguage\":\"es\",\"potentialAction\":[{\"@type\":\"CommentAction\",\"name\":\"Comment\",\"target\":[\"https:\/\/formacionejecutiva.com.ar\/empresas\/noticias-y-novedades\/mediacion-salta-chaco\/#respond\"]}]},{\"@type\":\"WebPage\",\"@id\":\"https:\/\/formacionejecutiva.com.ar\/empresas\/noticias-y-novedades\/mediacion-salta-chaco\/\",\"url\":\"https:\/\/formacionejecutiva.com.ar\/empresas\/noticias-y-novedades\/mediacion-salta-chaco\/\",\"name\":\"Mediaci\u00f3n, Salta & Chaco - Formaci\u00f3n Ejecutiva\",\"isPartOf\":{\"@id\":\"https:\/\/formacionejecutiva.com.ar\/empresas\/#website\"},\"primaryImageOfPage\":{\"@id\":\"https:\/\/formacionejecutiva.com.ar\/empresas\/noticias-y-novedades\/mediacion-salta-chaco\/#primaryimage\"},\"image\":{\"@id\":\"https:\/\/formacionejecutiva.com.ar\/empresas\/noticias-y-novedades\/mediacion-salta-chaco\/#primaryimage\"},\"thumbnailUrl\":\"https:\/\/formacionejecutiva.com.ar\/empresas\/wp-content\/uploads\/2021\/08\/Foto-noticia-3-Amerian.jpg\",\"datePublished\":\"2021-08-17T16:06:14+00:00\",\"dateModified\":\"2021-08-17T16:06:14+00:00\",\"breadcrumb\":{\"@id\":\"https:\/\/formacionejecutiva.com.ar\/empresas\/noticias-y-novedades\/mediacion-salta-chaco\/#breadcrumb\"},\"inLanguage\":\"es\",\"potentialAction\":[{\"@type\":\"ReadAction\",\"target\":[\"https:\/\/formacionejecutiva.com.ar\/empresas\/noticias-y-novedades\/mediacion-salta-chaco\/\"]}]},{\"@type\":\"ImageObject\",\"inLanguage\":\"es\",\"@id\":\"https:\/\/formacionejecutiva.com.ar\/empresas\/noticias-y-novedades\/mediacion-salta-chaco\/#primaryimage\",\"url\":\"https:\/\/formacionejecutiva.com.ar\/empresas\/wp-content\/uploads\/2021\/08\/Foto-noticia-3-Amerian.jpg\",\"contentUrl\":\"https:\/\/formacionejecutiva.com.ar\/empresas\/wp-content\/uploads\/2021\/08\/Foto-noticia-3-Amerian.jpg\",\"width\":1280,\"height\":853},{\"@type\":\"BreadcrumbList\",\"@id\":\"https:\/\/formacionejecutiva.com.ar\/empresas\/noticias-y-novedades\/mediacion-salta-chaco\/#breadcrumb\",\"itemListElement\":[{\"@type\":\"ListItem\",\"position\":1,\"name\":\"Portada\",\"item\":\"https:\/\/formacionejecutiva.com.ar\/empresas\/\"},{\"@type\":\"ListItem\",\"position\":2,\"name\":\"Mediaci\u00f3n, Salta &#038; Chaco\"}]},{\"@type\":\"WebSite\",\"@id\":\"https:\/\/formacionejecutiva.com.ar\/empresas\/#website\",\"url\":\"https:\/\/formacionejecutiva.com.ar\/empresas\/\",\"name\":\"Formaci\u00f3n Ejecutiva\",\"description\":\"Educaci\u00f3n para profesionales\",\"publisher\":{\"@id\":\"https:\/\/formacionejecutiva.com.ar\/empresas\/#organization\"},\"potentialAction\":[{\"@type\":\"SearchAction\",\"target\":{\"@type\":\"EntryPoint\",\"urlTemplate\":\"https:\/\/formacionejecutiva.com.ar\/empresas\/?s={search_term_string}\"},\"query-input\":{\"@type\":\"PropertyValueSpecification\",\"valueRequired\":true,\"valueName\":\"search_term_string\"}}],\"inLanguage\":\"es\"},{\"@type\":\"Organization\",\"@id\":\"https:\/\/formacionejecutiva.com.ar\/empresas\/#organization\",\"name\":\"Formaci\u00f3n Ejecutiva\",\"url\":\"https:\/\/formacionejecutiva.com.ar\/empresas\/\",\"logo\":{\"@type\":\"ImageObject\",\"inLanguage\":\"es\",\"@id\":\"https:\/\/formacionejecutiva.com.ar\/empresas\/#\/schema\/logo\/image\/\",\"url\":\"https:\/\/formacionejecutiva.com.ar\/empresas\/wp-content\/uploads\/2018\/12\/cropped-logo-empresas.png\",\"contentUrl\":\"https:\/\/formacionejecutiva.com.ar\/empresas\/wp-content\/uploads\/2018\/12\/cropped-logo-empresas.png\",\"width\":255,\"height\":85,\"caption\":\"Formaci\u00f3n Ejecutiva\"},\"image\":{\"@id\":\"https:\/\/formacionejecutiva.com.ar\/empresas\/#\/schema\/logo\/image\/\"}},{\"@type\":\"Person\",\"@id\":\"https:\/\/formacionejecutiva.com.ar\/empresas\/#\/schema\/person\/222d86c959c3db84eda961c48a5f2cb9\",\"name\":\"Daniel\",\"image\":{\"@type\":\"ImageObject\",\"inLanguage\":\"es\",\"@id\":\"https:\/\/formacionejecutiva.com.ar\/empresas\/#\/schema\/person\/image\/\",\"url\":\"https:\/\/secure.gravatar.com\/avatar\/f59506f69051255e04c867db012d50fc?s=96&d=mm&r=g\",\"contentUrl\":\"https:\/\/secure.gravatar.com\/avatar\/f59506f69051255e04c867db012d50fc?s=96&d=mm&r=g\",\"caption\":\"Daniel\"},\"url\":\"https:\/\/formacionejecutiva.com.ar\/empresas\/author\/daniel\/\"}]}<\/script>\n<!-- \/ Yoast SEO plugin. -->","yoast_head_json":{"title":"Mediaci\u00f3n, Salta & Chaco - Formaci\u00f3n Ejecutiva","robots":{"index":"index","follow":"follow","max-snippet":"max-snippet:-1","max-image-preview":"max-image-preview:large","max-video-preview":"max-video-preview:-1"},"canonical":"https:\/\/formacionejecutiva.com.ar\/empresas\/noticias-y-novedades\/mediacion-salta-chaco\/","og_locale":"es_ES","og_type":"article","og_title":"Mediaci\u00f3n, Salta & Chaco - Formaci\u00f3n Ejecutiva","og_description":"PROGRAMAS Especializaci\u00f3n en Mediaci\u00f3n Familiar Mediaci\u00f3n B\u00e1sica Inicial (Introductorio, Entrenamiento y Pasant\u00edas) &nbsp; CERTIFICACIONES Avalada por la Asociaci\u00f3n Argentina de Mediaci\u00f3n interdisciplinaria como Especialista en Mediaci\u00f3n en la rama que el alumno haya seleccionado \u2013 Homologada por el Ministerio de Justicia y Derechos Humanos de la Naci\u00f3n otorgado por Instituci\u00f3n Nro. 12 Formaci\u00f3n Ejecutiva Instituto [&hellip;]","og_url":"https:\/\/formacionejecutiva.com.ar\/empresas\/noticias-y-novedades\/mediacion-salta-chaco\/","og_site_name":"Formaci\u00f3n Ejecutiva","article_published_time":"2021-08-17T16:06:14+00:00","og_image":[{"width":1280,"height":853,"url":"https:\/\/formacionejecutiva.com.ar\/empresas\/wp-content\/uploads\/2021\/08\/Foto-noticia-3-Amerian.jpg","type":"image\/jpeg"}],"author":"Daniel","twitter_card":"summary_large_image","twitter_misc":{"Escrito por":"Daniel","Tiempo de lectura":"3 minutos"},"schema":{"@context":"https:\/\/schema.org","@graph":[{"@type":"Article","@id":"https:\/\/formacionejecutiva.com.ar\/empresas\/noticias-y-novedades\/mediacion-salta-chaco\/#article","isPartOf":{"@id":"https:\/\/formacionejecutiva.com.ar\/empresas\/noticias-y-novedades\/mediacion-salta-chaco\/"},"author":{"name":"Daniel","@id":"https:\/\/formacionejecutiva.com.ar\/empresas\/#\/schema\/person\/222d86c959c3db84eda961c48a5f2cb9"},"headline":"Mediaci\u00f3n, Salta &#038; Chaco","datePublished":"2021-08-17T16:06:14+00:00","dateModified":"2021-08-17T16:06:14+00:00","mainEntityOfPage":{"@id":"https:\/\/formacionejecutiva.com.ar\/empresas\/noticias-y-novedades\/mediacion-salta-chaco\/"},"wordCount":538,"commentCount":0,"publisher":{"@id":"https:\/\/formacionejecutiva.com.ar\/empresas\/#organization"},"image":{"@id":"https:\/\/formacionejecutiva.com.ar\/empresas\/noticias-y-novedades\/mediacion-salta-chaco\/#primaryimage"},"thumbnailUrl":"https:\/\/formacionejecutiva.com.ar\/empresas\/wp-content\/uploads\/2021\/08\/Foto-noticia-3-Amerian.jpg","articleSection":["Noticias y Novedades"],"inLanguage":"es","potentialAction":[{"@type":"CommentAction","name":"Comment","target":["https:\/\/formacionejecutiva.com.ar\/empresas\/noticias-y-novedades\/mediacion-salta-chaco\/#respond"]}]},{"@type":"WebPage","@id":"https:\/\/formacionejecutiva.com.ar\/empresas\/noticias-y-novedades\/mediacion-salta-chaco\/","url":"https:\/\/formacionejecutiva.com.ar\/empresas\/noticias-y-novedades\/mediacion-salta-chaco\/","name":"Mediaci\u00f3n, Salta & Chaco - Formaci\u00f3n Ejecutiva","isPartOf":{"@id":"https:\/\/formacionejecutiva.com.ar\/empresas\/#website"},"primaryImageOfPage":{"@id":"https:\/\/formacionejecutiva.com.ar\/empresas\/noticias-y-novedades\/mediacion-salta-chaco\/#primaryimage"},"image":{"@id":"https:\/\/formacionejecutiva.com.ar\/empresas\/noticias-y-novedades\/mediacion-salta-chaco\/#primaryimage"},"thumbnailUrl":"https:\/\/formacionejecutiva.com.ar\/empresas\/wp-content\/uploads\/2021\/08\/Foto-noticia-3-Amerian.jpg","datePublished":"2021-08-17T16:06:14+00:00","dateModified":"2021-08-17T16:06:14+00:00","breadcrumb":{"@id":"https:\/\/formacionejecutiva.com.ar\/empresas\/noticias-y-novedades\/mediacion-salta-chaco\/#breadcrumb"},"inLanguage":"es","potentialAction":[{"@type":"ReadAction","target":["https:\/\/formacionejecutiva.com.ar\/empresas\/noticias-y-novedades\/mediacion-salta-chaco\/"]}]},{"@type":"ImageObject","inLanguage":"es","@id":"https:\/\/formacionejecutiva.com.ar\/empresas\/noticias-y-novedades\/mediacion-salta-chaco\/#primaryimage","url":"https:\/\/formacionejecutiva.com.ar\/empresas\/wp-content\/uploads\/2021\/08\/Foto-noticia-3-Amerian.jpg","contentUrl":"https:\/\/formacionejecutiva.com.ar\/empresas\/wp-content\/uploads\/2021\/08\/Foto-noticia-3-Amerian.jpg","width":1280,"height":853},{"@type":"BreadcrumbList","@id":"https:\/\/formacionejecutiva.com.ar\/empresas\/noticias-y-novedades\/mediacion-salta-chaco\/#breadcrumb","itemListElement":[{"@type":"ListItem","position":1,"name":"Portada","item":"https:\/\/formacionejecutiva.com.ar\/empresas\/"},{"@type":"ListItem","position":2,"name":"Mediaci\u00f3n, Salta &#038; Chaco"}]},{"@type":"WebSite","@id":"https:\/\/formacionejecutiva.com.ar\/empresas\/#website","url":"https:\/\/formacionejecutiva.com.ar\/empresas\/","name":"Formaci\u00f3n Ejecutiva","description":"Educaci\u00f3n para profesionales","publisher":{"@id":"https:\/\/formacionejecutiva.com.ar\/empresas\/#organization"},"potentialAction":[{"@type":"SearchAction","target":{"@type":"EntryPoint","urlTemplate":"https:\/\/formacionejecutiva.com.ar\/empresas\/?s={search_term_string}"},"query-input":{"@type":"PropertyValueSpecification","valueRequired":true,"valueName":"search_term_string"}}],"inLanguage":"es"},{"@type":"Organization","@id":"https:\/\/formacionejecutiva.com.ar\/empresas\/#organization","name":"Formaci\u00f3n Ejecutiva","url":"https:\/\/formacionejecutiva.com.ar\/empresas\/","logo":{"@type":"ImageObject","inLanguage":"es","@id":"https:\/\/formacionejecutiva.com.ar\/empresas\/#\/schema\/logo\/image\/","url":"https:\/\/formacionejecutiva.com.ar\/empresas\/wp-content\/uploads\/2018\/12\/cropped-logo-empresas.png","contentUrl":"https:\/\/formacionejecutiva.com.ar\/empresas\/wp-content\/uploads\/2018\/12\/cropped-logo-empresas.png","width":255,"height":85,"caption":"Formaci\u00f3n Ejecutiva"},"image":{"@id":"https:\/\/formacionejecutiva.com.ar\/empresas\/#\/schema\/logo\/image\/"}},{"@type":"Person","@id":"https:\/\/formacionejecutiva.com.ar\/empresas\/#\/schema\/person\/222d86c959c3db84eda961c48a5f2cb9","name":"Daniel","image":{"@type":"ImageObject","inLanguage":"es","@id":"https:\/\/formacionejecutiva.com.ar\/empresas\/#\/schema\/person\/image\/","url":"https:\/\/secure.gravatar.com\/avatar\/f59506f69051255e04c867db012d50fc?s=96&d=mm&r=g","contentUrl":"https:\/\/secure.gravatar.com\/avatar\/f59506f69051255e04c867db012d50fc?s=96&d=mm&r=g","caption":"Daniel"},"url":"https:\/\/formacionejecutiva.com.ar\/empresas\/author\/daniel\/"}]}},"_links":{"self":[{"href":"https:\/\/formacionejecutiva.com.ar\/empresas\/wp-json\/wp\/v2\/posts\/2151","targetHints":{"allow":["GET"]}}],"collection":[{"href":"https:\/\/formacionejecutiva.com.ar\/empresas\/wp-json\/wp\/v2\/posts"}],"about":[{"href":"https:\/\/formacionejecutiva.com.ar\/empresas\/wp-json\/wp\/v2\/types\/post"}],"author":[{"embeddable":true,"href":"https:\/\/formacionejecutiva.com.ar\/empresas\/wp-json\/wp\/v2\/users\/3"}],"replies":[{"embeddable":true,"href":"https:\/\/formacionejecutiva.com.ar\/empresas\/wp-json\/wp\/v2\/comments?post=2151"}],"version-history":[{"count":1,"href":"https:\/\/formacionejecutiva.com.ar\/empresas\/wp-json\/wp\/v2\/posts\/2151\/revisions"}],"predecessor-version":[{"id":2153,"href":"https:\/\/formacionejecutiva.com.ar\/empresas\/wp-json\/wp\/v2\/posts\/2151\/revisions\/2153"}],"wp:featuredmedia":[{"embeddable":true,"href":"https:\/\/formacionejecutiva.com.ar\/empresas\/wp-json\/wp\/v2\/media\/2152"}],"wp:attachment":[{"href":"https:\/\/formacionejecutiva.com.ar\/empresas\/wp-json\/wp\/v2\/media?parent=2151"}],"wp:term":[{"taxonomy":"category","embeddable":true,"href":"https:\/\/formacionejecutiva.com.ar\/empresas\/wp-json\/wp\/v2\/categories?post=2151"},{"taxonomy":"post_tag","embeddable":true,"href":"https:\/\/formacionejecutiva.com.ar\/empresas\/wp-json\/wp\/v2\/tags?post=2151"}],"curies":[{"name":"wp","href":"https:\/\/api.w.org\/{rel}","templated":true}]}}