{"id":2155,"date":"2021-09-13T16:58:35","date_gmt":"2021-09-13T16:58:35","guid":{"rendered":"https:\/\/formacionejecutiva.com.ar\/empresas\/?p=2155"},"modified":"2021-09-13T17:01:52","modified_gmt":"2021-09-13T17:01:52","slug":"nuevos-programas-de-capacitacion-continua-homologados-por-el-ministerio-de-justicia-y-derechos-humanos-de-la-nacion","status":"publish","type":"post","link":"https:\/\/formacionejecutiva.com.ar\/empresas\/noticias-y-novedades\/nuevos-programas-de-capacitacion-continua-homologados-por-el-ministerio-de-justicia-y-derechos-humanos-de-la-nacion\/","title":{"rendered":"<b>Nuevos Programas de capacitaci\u00f3n continua homologados por el Ministerio De Justicia y Derechos Humanos de la Naci\u00f3n<\/b>"},"content":{"rendered":"<p><span style=\"font-weight: 400;\">Nuevos Programas de capacitaci\u00f3n continua homologados por el Ministerio De Justicia y Derechos Humanos de la Naci\u00f3n<\/span><\/p>\n<p><span style=\"font-weight: 400;\">Apru\u00e9base los\u00a0 cursos de capacitaci\u00f3n continua :<\/span><\/p>\n<p><span style=\"font-weight: 400;\">\u201cMEDIACI\u00d3N Y RESOLUCI\u00d3N DE CONFLICTOS PARA ENTRENADORES Y ENTIDADES DEPORTIVAS\u201d, EX.2021-14377644-APN-DNMYMPRC#MJ<\/span><\/p>\n<p><span style=\"font-weight: 400;\">\u201cPREVENCI\u00d3N Y TRATAMIENTO DE LA VIOLENCIA FAMILIAR Y DE GENERO\u201dDI- 2021-15796777-<\/span> <span style=\"font-weight: 400;\">APN-DNMYMPRC#MJ<\/span><\/p>\n<p><span style=\"font-weight: 400;\">\u201cPREVENCI\u00d3N, IDENTIFICACI\u00d3N Y ABORDAJE DE LA VIOLENCIA PSICOLOGICA EN EL TRABAJO MOBBING\u201d EX2021-13647586-<\/span> <span style=\"font-weight: 400;\">APN-DNMYMPRC#MJ<\/span><\/p>\n<p><span style=\"font-weight: 400;\">\u201cMEDIACI\u00d3N PENAL Y JUSTICIA RESTAURATIVA\u201d EX 2021-14669158<\/span> <span style=\"font-weight: 400;\">APN-DNMYMPRC#MJ<\/span><\/p>\n<p><span style=\"font-weight: 400;\">\u201cMEDIACI\u00d3N PARA CORREDORES Y MARTILLEROS\u201d DI-2021-45742871-APN-<\/span> <span style=\"font-weight: 400;\">DNMYMPRC#MJ<\/span><\/p>\n<p><span style=\"font-weight: 400;\">\u201cNEGOCIACI\u00d3N SINDICAL&amp; GREMIAL\u201d DI- 2021-45739621<\/span><span style=\"font-weight: 400;\"> &#8211;<\/span><span style=\"font-weight: 400;\">APN-DNMYMPRC#MJ<\/span><\/p>\n<p><span style=\"font-weight: 400;\">presentado por la Entidad Formadora de car\u00e1cter no universitaria \u201cASOCIACI\u00d3N ARGENTINA DE MEDIACI\u00d3N INTERDISCIPLINARIA\u201d (Habilitaci\u00f3n REGEF N\u00b0 37),el cual podr\u00e1 dictarse durante los CUATRO (4) a\u00f1os posteriores a la fecha de su homologaci\u00f3n.<\/span><\/p>\n<p><a href=\"https:\/\/drive.google.com\/file\/d\/1XDGGRIK5he8M6D3jCdSeKoVC16o6tyBF\/view?usp=sharing\">DECRETO<\/a><\/p>\n<p>&nbsp;<\/p>\n","protected":false},"excerpt":{"rendered":"<p>Nuevos Programas de capacitaci\u00f3n continua homologados por el Ministerio De Justicia y Derechos Humanos de la Naci\u00f3n Apru\u00e9base los\u00a0 cursos de capacitaci\u00f3n continua : \u201cMEDIACI\u00d3N Y RESOLUCI\u00d3N DE CONFLICTOS PARA ENTRENADORES Y ENTIDADES DEPORTIVAS\u201d, EX.2021-14377644-APN-DNMYMPRC#MJ \u201cPREVENCI\u00d3N Y TRATAMIENTO DE LA VIOLENCIA FAMILIAR Y DE GENERO\u201dDI- 2021-15796777- APN-DNMYMPRC#MJ \u201cPREVENCI\u00d3N, IDENTIFICACI\u00d3N Y ABORDAJE DE LA VIOLENCIA PSICOLOGICA [&hellip;]<\/p>\n","protected":false},"author":3,"featured_media":2156,"comment_status":"open","ping_status":"open","sticky":false,"template":"","format":"standard","meta":{"site-sidebar-layout":"default","site-content-layout":"default","ast-site-content-layout":"","site-content-style":"default","site-sidebar-style":"default","ast-global-header-display":"","ast-banner-title-visibility":"","ast-main-header-display":"","ast-hfb-above-header-display":"","ast-hfb-below-header-display":"","ast-hfb-mobile-header-display":"","site-post-title":"","ast-breadcrumbs-content":"","ast-featured-img":"","footer-sml-layout":"","theme-transparent-header-meta":"default","adv-header-id-meta":"","stick-header-meta":"","header-above-stick-meta":"","header-main-stick-meta":"","header-below-stick-meta":"","astra-migrate-meta-layouts":"default","ast-page-background-enabled":"default","ast-page-background-meta":{"desktop":{"background-color":"","background-image":"","background-repeat":"repeat","background-position":"center center","background-size":"auto","background-attachment":"scroll","background-type":"","background-media":"","overlay-type":"","overlay-color":"","overlay-opacity":"","overlay-gradient":""},"tablet":{"background-color":"","background-image":"","background-repeat":"repeat","background-position":"center center","background-size":"auto","background-attachment":"scroll","background-type":"","background-media":"","overlay-type":"","overlay-color":"","overlay-opacity":"","overlay-gradient":""},"mobile":{"background-color":"","background-image":"","background-repeat":"repeat","background-position":"center center","background-size":"auto","background-attachment":"scroll","background-type":"","background-media":"","overlay-type":"","overlay-color":"","overlay-opacity":"","overlay-gradient":""}},"ast-content-background-meta":{"desktop":{"background-color":"var(--ast-global-color-5)","background-image":"","background-repeat":"repeat","background-position":"center center","background-size":"auto","background-attachment":"scroll","background-type":"","background-media":"","overlay-type":"","overlay-color":"","overlay-opacity":"","overlay-gradient":""},"tablet":{"background-color":"var(--ast-global-color-5)","background-image":"","background-repeat":"repeat","background-position":"center center","background-size":"auto","background-attachment":"scroll","background-type":"","background-media":"","overlay-type":"","overlay-color":"","overlay-opacity":"","overlay-gradient":""},"mobile":{"background-color":"var(--ast-global-color-5)","background-image":"","background-repeat":"repeat","background-position":"center center","background-size":"auto","background-attachment":"scroll","background-type":"","background-media":"","overlay-type":"","overlay-color":"","overlay-opacity":"","overlay-gradient":""}},"_joinchat":[],"footnotes":""},"categories":[5],"tags":[],"class_list":["post-2155","post","type-post","status-publish","format-standard","has-post-thumbnail","hentry","category-noticias-y-novedades"],"yoast_head":"<!-- This site is optimized with the Yoast SEO plugin v23.5 - https:\/\/yoast.com\/wordpress\/plugins\/seo\/ -->\n<title>Nuevos Programas de capacitaci\u00f3n continua homologados por el Ministerio De Justicia y Derechos Humanos de la Naci\u00f3n - Formaci\u00f3n Ejecutiva<\/title>\n<meta name=\"robots\" content=\"index, follow, max-snippet:-1, max-image-preview:large, max-video-preview:-1\" \/>\n<link rel=\"canonical\" href=\"https:\/\/formacionejecutiva.com.ar\/empresas\/noticias-y-novedades\/nuevos-programas-de-capacitacion-continua-homologados-por-el-ministerio-de-justicia-y-derechos-humanos-de-la-nacion\/\" \/>\n<meta property=\"og:locale\" content=\"es_ES\" \/>\n<meta property=\"og:type\" content=\"article\" \/>\n<meta property=\"og:title\" content=\"Nuevos Programas de capacitaci\u00f3n continua homologados por el Ministerio De Justicia y Derechos Humanos de la Naci\u00f3n - Formaci\u00f3n Ejecutiva\" \/>\n<meta property=\"og:description\" content=\"Nuevos Programas de capacitaci\u00f3n continua homologados por el Ministerio De Justicia y Derechos Humanos de la Naci\u00f3n Apru\u00e9base los\u00a0 cursos de capacitaci\u00f3n continua : \u201cMEDIACI\u00d3N Y RESOLUCI\u00d3N DE CONFLICTOS PARA ENTRENADORES Y ENTIDADES DEPORTIVAS\u201d, EX.2021-14377644-APN-DNMYMPRC#MJ \u201cPREVENCI\u00d3N Y TRATAMIENTO DE LA VIOLENCIA FAMILIAR Y DE GENERO\u201dDI- 2021-15796777- APN-DNMYMPRC#MJ \u201cPREVENCI\u00d3N, IDENTIFICACI\u00d3N Y ABORDAJE DE LA VIOLENCIA PSICOLOGICA [&hellip;]\" \/>\n<meta property=\"og:url\" content=\"https:\/\/formacionejecutiva.com.ar\/empresas\/noticias-y-novedades\/nuevos-programas-de-capacitacion-continua-homologados-por-el-ministerio-de-justicia-y-derechos-humanos-de-la-nacion\/\" \/>\n<meta property=\"og:site_name\" content=\"Formaci\u00f3n Ejecutiva\" \/>\n<meta property=\"article:published_time\" content=\"2021-09-13T16:58:35+00:00\" \/>\n<meta property=\"article:modified_time\" content=\"2021-09-13T17:01:52+00:00\" \/>\n<meta property=\"og:image\" content=\"https:\/\/formacionejecutiva.com.ar\/empresas\/wp-content\/uploads\/2021\/09\/foto-noticia-2.jpg\" \/>\n\t<meta property=\"og:image:width\" content=\"275\" \/>\n\t<meta property=\"og:image:height\" content=\"183\" \/>\n\t<meta property=\"og:image:type\" content=\"image\/jpeg\" \/>\n<meta name=\"author\" content=\"Daniel\" \/>\n<meta name=\"twitter:card\" content=\"summary_large_image\" \/>\n<meta name=\"twitter:label1\" content=\"Escrito por\" \/>\n\t<meta name=\"twitter:data1\" content=\"Daniel\" \/>\n\t<meta name=\"twitter:label2\" content=\"Tiempo de lectura\" \/>\n\t<meta name=\"twitter:data2\" content=\"1 minuto\" \/>\n<script type=\"application\/ld+json\" class=\"yoast-schema-graph\">{\"@context\":\"https:\/\/schema.org\",\"@graph\":[{\"@type\":\"Article\",\"@id\":\"https:\/\/formacionejecutiva.com.ar\/empresas\/noticias-y-novedades\/nuevos-programas-de-capacitacion-continua-homologados-por-el-ministerio-de-justicia-y-derechos-humanos-de-la-nacion\/#article\",\"isPartOf\":{\"@id\":\"https:\/\/formacionejecutiva.com.ar\/empresas\/noticias-y-novedades\/nuevos-programas-de-capacitacion-continua-homologados-por-el-ministerio-de-justicia-y-derechos-humanos-de-la-nacion\/\"},\"author\":{\"name\":\"Daniel\",\"@id\":\"https:\/\/formacionejecutiva.com.ar\/empresas\/#\/schema\/person\/222d86c959c3db84eda961c48a5f2cb9\"},\"headline\":\"Nuevos Programas de capacitaci\u00f3n continua homologados por el Ministerio De Justicia y Derechos Humanos de la Naci\u00f3n\",\"datePublished\":\"2021-09-13T16:58:35+00:00\",\"dateModified\":\"2021-09-13T17:01:52+00:00\",\"mainEntityOfPage\":{\"@id\":\"https:\/\/formacionejecutiva.com.ar\/empresas\/noticias-y-novedades\/nuevos-programas-de-capacitacion-continua-homologados-por-el-ministerio-de-justicia-y-derechos-humanos-de-la-nacion\/\"},\"wordCount\":168,\"commentCount\":0,\"publisher\":{\"@id\":\"https:\/\/formacionejecutiva.com.ar\/empresas\/#organization\"},\"image\":{\"@id\":\"https:\/\/formacionejecutiva.com.ar\/empresas\/noticias-y-novedades\/nuevos-programas-de-capacitacion-continua-homologados-por-el-ministerio-de-justicia-y-derechos-humanos-de-la-nacion\/#primaryimage\"},\"thumbnailUrl\":\"https:\/\/formacionejecutiva.com.ar\/empresas\/wp-content\/uploads\/2021\/09\/foto-noticia-2.jpg\",\"articleSection\":[\"Noticias y Novedades\"],\"inLanguage\":\"es\",\"potentialAction\":[{\"@type\":\"CommentAction\",\"name\":\"Comment\",\"target\":[\"https:\/\/formacionejecutiva.com.ar\/empresas\/noticias-y-novedades\/nuevos-programas-de-capacitacion-continua-homologados-por-el-ministerio-de-justicia-y-derechos-humanos-de-la-nacion\/#respond\"]}]},{\"@type\":\"WebPage\",\"@id\":\"https:\/\/formacionejecutiva.com.ar\/empresas\/noticias-y-novedades\/nuevos-programas-de-capacitacion-continua-homologados-por-el-ministerio-de-justicia-y-derechos-humanos-de-la-nacion\/\",\"url\":\"https:\/\/formacionejecutiva.com.ar\/empresas\/noticias-y-novedades\/nuevos-programas-de-capacitacion-continua-homologados-por-el-ministerio-de-justicia-y-derechos-humanos-de-la-nacion\/\",\"name\":\"Nuevos Programas de capacitaci\u00f3n continua homologados por el Ministerio De Justicia y Derechos Humanos de la Naci\u00f3n - Formaci\u00f3n Ejecutiva\",\"isPartOf\":{\"@id\":\"https:\/\/formacionejecutiva.com.ar\/empresas\/#website\"},\"primaryImageOfPage\":{\"@id\":\"https:\/\/formacionejecutiva.com.ar\/empresas\/noticias-y-novedades\/nuevos-programas-de-capacitacion-continua-homologados-por-el-ministerio-de-justicia-y-derechos-humanos-de-la-nacion\/#primaryimage\"},\"image\":{\"@id\":\"https:\/\/formacionejecutiva.com.ar\/empresas\/noticias-y-novedades\/nuevos-programas-de-capacitacion-continua-homologados-por-el-ministerio-de-justicia-y-derechos-humanos-de-la-nacion\/#primaryimage\"},\"thumbnailUrl\":\"https:\/\/formacionejecutiva.com.ar\/empresas\/wp-content\/uploads\/2021\/09\/foto-noticia-2.jpg\",\"datePublished\":\"2021-09-13T16:58:35+00:00\",\"dateModified\":\"2021-09-13T17:01:52+00:00\",\"breadcrumb\":{\"@id\":\"https:\/\/formacionejecutiva.com.ar\/empresas\/noticias-y-novedades\/nuevos-programas-de-capacitacion-continua-homologados-por-el-ministerio-de-justicia-y-derechos-humanos-de-la-nacion\/#breadcrumb\"},\"inLanguage\":\"es\",\"potentialAction\":[{\"@type\":\"ReadAction\",\"target\":[\"https:\/\/formacionejecutiva.com.ar\/empresas\/noticias-y-novedades\/nuevos-programas-de-capacitacion-continua-homologados-por-el-ministerio-de-justicia-y-derechos-humanos-de-la-nacion\/\"]}]},{\"@type\":\"ImageObject\",\"inLanguage\":\"es\",\"@id\":\"https:\/\/formacionejecutiva.com.ar\/empresas\/noticias-y-novedades\/nuevos-programas-de-capacitacion-continua-homologados-por-el-ministerio-de-justicia-y-derechos-humanos-de-la-nacion\/#primaryimage\",\"url\":\"https:\/\/formacionejecutiva.com.ar\/empresas\/wp-content\/uploads\/2021\/09\/foto-noticia-2.jpg\",\"contentUrl\":\"https:\/\/formacionejecutiva.com.ar\/empresas\/wp-content\/uploads\/2021\/09\/foto-noticia-2.jpg\",\"width\":275,\"height\":183},{\"@type\":\"BreadcrumbList\",\"@id\":\"https:\/\/formacionejecutiva.com.ar\/empresas\/noticias-y-novedades\/nuevos-programas-de-capacitacion-continua-homologados-por-el-ministerio-de-justicia-y-derechos-humanos-de-la-nacion\/#breadcrumb\",\"itemListElement\":[{\"@type\":\"ListItem\",\"position\":1,\"name\":\"Portada\",\"item\":\"https:\/\/formacionejecutiva.com.ar\/empresas\/\"},{\"@type\":\"ListItem\",\"position\":2,\"name\":\"Nuevos Programas de capacitaci\u00f3n continua homologados por el Ministerio De Justicia y Derechos Humanos de la Naci\u00f3n\"}]},{\"@type\":\"WebSite\",\"@id\":\"https:\/\/formacionejecutiva.com.ar\/empresas\/#website\",\"url\":\"https:\/\/formacionejecutiva.com.ar\/empresas\/\",\"name\":\"Formaci\u00f3n Ejecutiva\",\"description\":\"Educaci\u00f3n para profesionales\",\"publisher\":{\"@id\":\"https:\/\/formacionejecutiva.com.ar\/empresas\/#organization\"},\"potentialAction\":[{\"@type\":\"SearchAction\",\"target\":{\"@type\":\"EntryPoint\",\"urlTemplate\":\"https:\/\/formacionejecutiva.com.ar\/empresas\/?s={search_term_string}\"},\"query-input\":{\"@type\":\"PropertyValueSpecification\",\"valueRequired\":true,\"valueName\":\"search_term_string\"}}],\"inLanguage\":\"es\"},{\"@type\":\"Organization\",\"@id\":\"https:\/\/formacionejecutiva.com.ar\/empresas\/#organization\",\"name\":\"Formaci\u00f3n Ejecutiva\",\"url\":\"https:\/\/formacionejecutiva.com.ar\/empresas\/\",\"logo\":{\"@type\":\"ImageObject\",\"inLanguage\":\"es\",\"@id\":\"https:\/\/formacionejecutiva.com.ar\/empresas\/#\/schema\/logo\/image\/\",\"url\":\"https:\/\/formacionejecutiva.com.ar\/empresas\/wp-content\/uploads\/2018\/12\/cropped-logo-empresas.png\",\"contentUrl\":\"https:\/\/formacionejecutiva.com.ar\/empresas\/wp-content\/uploads\/2018\/12\/cropped-logo-empresas.png\",\"width\":255,\"height\":85,\"caption\":\"Formaci\u00f3n Ejecutiva\"},\"image\":{\"@id\":\"https:\/\/formacionejecutiva.com.ar\/empresas\/#\/schema\/logo\/image\/\"}},{\"@type\":\"Person\",\"@id\":\"https:\/\/formacionejecutiva.com.ar\/empresas\/#\/schema\/person\/222d86c959c3db84eda961c48a5f2cb9\",\"name\":\"Daniel\",\"image\":{\"@type\":\"ImageObject\",\"inLanguage\":\"es\",\"@id\":\"https:\/\/formacionejecutiva.com.ar\/empresas\/#\/schema\/person\/image\/\",\"url\":\"https:\/\/secure.gravatar.com\/avatar\/f59506f69051255e04c867db012d50fc?s=96&d=mm&r=g\",\"contentUrl\":\"https:\/\/secure.gravatar.com\/avatar\/f59506f69051255e04c867db012d50fc?s=96&d=mm&r=g\",\"caption\":\"Daniel\"},\"url\":\"https:\/\/formacionejecutiva.com.ar\/empresas\/author\/daniel\/\"}]}<\/script>\n<!-- \/ Yoast SEO plugin. -->","yoast_head_json":{"title":"Nuevos Programas de capacitaci\u00f3n continua homologados por el Ministerio De Justicia y Derechos Humanos de la Naci\u00f3n - Formaci\u00f3n Ejecutiva","robots":{"index":"index","follow":"follow","max-snippet":"max-snippet:-1","max-image-preview":"max-image-preview:large","max-video-preview":"max-video-preview:-1"},"canonical":"https:\/\/formacionejecutiva.com.ar\/empresas\/noticias-y-novedades\/nuevos-programas-de-capacitacion-continua-homologados-por-el-ministerio-de-justicia-y-derechos-humanos-de-la-nacion\/","og_locale":"es_ES","og_type":"article","og_title":"Nuevos Programas de capacitaci\u00f3n continua homologados por el Ministerio De Justicia y Derechos Humanos de la Naci\u00f3n - Formaci\u00f3n Ejecutiva","og_description":"Nuevos Programas de capacitaci\u00f3n continua homologados por el Ministerio De Justicia y Derechos Humanos de la Naci\u00f3n Apru\u00e9base los\u00a0 cursos de capacitaci\u00f3n continua : \u201cMEDIACI\u00d3N Y RESOLUCI\u00d3N DE CONFLICTOS PARA ENTRENADORES Y ENTIDADES DEPORTIVAS\u201d, EX.2021-14377644-APN-DNMYMPRC#MJ \u201cPREVENCI\u00d3N Y TRATAMIENTO DE LA VIOLENCIA FAMILIAR Y DE GENERO\u201dDI- 2021-15796777- APN-DNMYMPRC#MJ \u201cPREVENCI\u00d3N, IDENTIFICACI\u00d3N Y ABORDAJE DE LA VIOLENCIA PSICOLOGICA [&hellip;]","og_url":"https:\/\/formacionejecutiva.com.ar\/empresas\/noticias-y-novedades\/nuevos-programas-de-capacitacion-continua-homologados-por-el-ministerio-de-justicia-y-derechos-humanos-de-la-nacion\/","og_site_name":"Formaci\u00f3n Ejecutiva","article_published_time":"2021-09-13T16:58:35+00:00","article_modified_time":"2021-09-13T17:01:52+00:00","og_image":[{"width":275,"height":183,"url":"https:\/\/formacionejecutiva.com.ar\/empresas\/wp-content\/uploads\/2021\/09\/foto-noticia-2.jpg","type":"image\/jpeg"}],"author":"Daniel","twitter_card":"summary_large_image","twitter_misc":{"Escrito por":"Daniel","Tiempo de lectura":"1 minuto"},"schema":{"@context":"https:\/\/schema.org","@graph":[{"@type":"Article","@id":"https:\/\/formacionejecutiva.com.ar\/empresas\/noticias-y-novedades\/nuevos-programas-de-capacitacion-continua-homologados-por-el-ministerio-de-justicia-y-derechos-humanos-de-la-nacion\/#article","isPartOf":{"@id":"https:\/\/formacionejecutiva.com.ar\/empresas\/noticias-y-novedades\/nuevos-programas-de-capacitacion-continua-homologados-por-el-ministerio-de-justicia-y-derechos-humanos-de-la-nacion\/"},"author":{"name":"Daniel","@id":"https:\/\/formacionejecutiva.com.ar\/empresas\/#\/schema\/person\/222d86c959c3db84eda961c48a5f2cb9"},"headline":"Nuevos Programas de capacitaci\u00f3n continua homologados por el Ministerio De Justicia y Derechos Humanos de la Naci\u00f3n","datePublished":"2021-09-13T16:58:35+00:00","dateModified":"2021-09-13T17:01:52+00:00","mainEntityOfPage":{"@id":"https:\/\/formacionejecutiva.com.ar\/empresas\/noticias-y-novedades\/nuevos-programas-de-capacitacion-continua-homologados-por-el-ministerio-de-justicia-y-derechos-humanos-de-la-nacion\/"},"wordCount":168,"commentCount":0,"publisher":{"@id":"https:\/\/formacionejecutiva.com.ar\/empresas\/#organization"},"image":{"@id":"https:\/\/formacionejecutiva.com.ar\/empresas\/noticias-y-novedades\/nuevos-programas-de-capacitacion-continua-homologados-por-el-ministerio-de-justicia-y-derechos-humanos-de-la-nacion\/#primaryimage"},"thumbnailUrl":"https:\/\/formacionejecutiva.com.ar\/empresas\/wp-content\/uploads\/2021\/09\/foto-noticia-2.jpg","articleSection":["Noticias y Novedades"],"inLanguage":"es","potentialAction":[{"@type":"CommentAction","name":"Comment","target":["https:\/\/formacionejecutiva.com.ar\/empresas\/noticias-y-novedades\/nuevos-programas-de-capacitacion-continua-homologados-por-el-ministerio-de-justicia-y-derechos-humanos-de-la-nacion\/#respond"]}]},{"@type":"WebPage","@id":"https:\/\/formacionejecutiva.com.ar\/empresas\/noticias-y-novedades\/nuevos-programas-de-capacitacion-continua-homologados-por-el-ministerio-de-justicia-y-derechos-humanos-de-la-nacion\/","url":"https:\/\/formacionejecutiva.com.ar\/empresas\/noticias-y-novedades\/nuevos-programas-de-capacitacion-continua-homologados-por-el-ministerio-de-justicia-y-derechos-humanos-de-la-nacion\/","name":"Nuevos Programas de capacitaci\u00f3n continua homologados por el Ministerio De Justicia y Derechos Humanos de la Naci\u00f3n - Formaci\u00f3n Ejecutiva","isPartOf":{"@id":"https:\/\/formacionejecutiva.com.ar\/empresas\/#website"},"primaryImageOfPage":{"@id":"https:\/\/formacionejecutiva.com.ar\/empresas\/noticias-y-novedades\/nuevos-programas-de-capacitacion-continua-homologados-por-el-ministerio-de-justicia-y-derechos-humanos-de-la-nacion\/#primaryimage"},"image":{"@id":"https:\/\/formacionejecutiva.com.ar\/empresas\/noticias-y-novedades\/nuevos-programas-de-capacitacion-continua-homologados-por-el-ministerio-de-justicia-y-derechos-humanos-de-la-nacion\/#primaryimage"},"thumbnailUrl":"https:\/\/formacionejecutiva.com.ar\/empresas\/wp-content\/uploads\/2021\/09\/foto-noticia-2.jpg","datePublished":"2021-09-13T16:58:35+00:00","dateModified":"2021-09-13T17:01:52+00:00","breadcrumb":{"@id":"https:\/\/formacionejecutiva.com.ar\/empresas\/noticias-y-novedades\/nuevos-programas-de-capacitacion-continua-homologados-por-el-ministerio-de-justicia-y-derechos-humanos-de-la-nacion\/#breadcrumb"},"inLanguage":"es","potentialAction":[{"@type":"ReadAction","target":["https:\/\/formacionejecutiva.com.ar\/empresas\/noticias-y-novedades\/nuevos-programas-de-capacitacion-continua-homologados-por-el-ministerio-de-justicia-y-derechos-humanos-de-la-nacion\/"]}]},{"@type":"ImageObject","inLanguage":"es","@id":"https:\/\/formacionejecutiva.com.ar\/empresas\/noticias-y-novedades\/nuevos-programas-de-capacitacion-continua-homologados-por-el-ministerio-de-justicia-y-derechos-humanos-de-la-nacion\/#primaryimage","url":"https:\/\/formacionejecutiva.com.ar\/empresas\/wp-content\/uploads\/2021\/09\/foto-noticia-2.jpg","contentUrl":"https:\/\/formacionejecutiva.com.ar\/empresas\/wp-content\/uploads\/2021\/09\/foto-noticia-2.jpg","width":275,"height":183},{"@type":"BreadcrumbList","@id":"https:\/\/formacionejecutiva.com.ar\/empresas\/noticias-y-novedades\/nuevos-programas-de-capacitacion-continua-homologados-por-el-ministerio-de-justicia-y-derechos-humanos-de-la-nacion\/#breadcrumb","itemListElement":[{"@type":"ListItem","position":1,"name":"Portada","item":"https:\/\/formacionejecutiva.com.ar\/empresas\/"},{"@type":"ListItem","position":2,"name":"Nuevos Programas de capacitaci\u00f3n continua homologados por el Ministerio De Justicia y Derechos Humanos de la Naci\u00f3n"}]},{"@type":"WebSite","@id":"https:\/\/formacionejecutiva.com.ar\/empresas\/#website","url":"https:\/\/formacionejecutiva.com.ar\/empresas\/","name":"Formaci\u00f3n Ejecutiva","description":"Educaci\u00f3n para profesionales","publisher":{"@id":"https:\/\/formacionejecutiva.com.ar\/empresas\/#organization"},"potentialAction":[{"@type":"SearchAction","target":{"@type":"EntryPoint","urlTemplate":"https:\/\/formacionejecutiva.com.ar\/empresas\/?s={search_term_string}"},"query-input":{"@type":"PropertyValueSpecification","valueRequired":true,"valueName":"search_term_string"}}],"inLanguage":"es"},{"@type":"Organization","@id":"https:\/\/formacionejecutiva.com.ar\/empresas\/#organization","name":"Formaci\u00f3n Ejecutiva","url":"https:\/\/formacionejecutiva.com.ar\/empresas\/","logo":{"@type":"ImageObject","inLanguage":"es","@id":"https:\/\/formacionejecutiva.com.ar\/empresas\/#\/schema\/logo\/image\/","url":"https:\/\/formacionejecutiva.com.ar\/empresas\/wp-content\/uploads\/2018\/12\/cropped-logo-empresas.png","contentUrl":"https:\/\/formacionejecutiva.com.ar\/empresas\/wp-content\/uploads\/2018\/12\/cropped-logo-empresas.png","width":255,"height":85,"caption":"Formaci\u00f3n Ejecutiva"},"image":{"@id":"https:\/\/formacionejecutiva.com.ar\/empresas\/#\/schema\/logo\/image\/"}},{"@type":"Person","@id":"https:\/\/formacionejecutiva.com.ar\/empresas\/#\/schema\/person\/222d86c959c3db84eda961c48a5f2cb9","name":"Daniel","image":{"@type":"ImageObject","inLanguage":"es","@id":"https:\/\/formacionejecutiva.com.ar\/empresas\/#\/schema\/person\/image\/","url":"https:\/\/secure.gravatar.com\/avatar\/f59506f69051255e04c867db012d50fc?s=96&d=mm&r=g","contentUrl":"https:\/\/secure.gravatar.com\/avatar\/f59506f69051255e04c867db012d50fc?s=96&d=mm&r=g","caption":"Daniel"},"url":"https:\/\/formacionejecutiva.com.ar\/empresas\/author\/daniel\/"}]}},"_links":{"self":[{"href":"https:\/\/formacionejecutiva.com.ar\/empresas\/wp-json\/wp\/v2\/posts\/2155","targetHints":{"allow":["GET"]}}],"collection":[{"href":"https:\/\/formacionejecutiva.com.ar\/empresas\/wp-json\/wp\/v2\/posts"}],"about":[{"href":"https:\/\/formacionejecutiva.com.ar\/empresas\/wp-json\/wp\/v2\/types\/post"}],"author":[{"embeddable":true,"href":"https:\/\/formacionejecutiva.com.ar\/empresas\/wp-json\/wp\/v2\/users\/3"}],"replies":[{"embeddable":true,"href":"https:\/\/formacionejecutiva.com.ar\/empresas\/wp-json\/wp\/v2\/comments?post=2155"}],"version-history":[{"count":1,"href":"https:\/\/formacionejecutiva.com.ar\/empresas\/wp-json\/wp\/v2\/posts\/2155\/revisions"}],"predecessor-version":[{"id":2157,"href":"https:\/\/formacionejecutiva.com.ar\/empresas\/wp-json\/wp\/v2\/posts\/2155\/revisions\/2157"}],"wp:featuredmedia":[{"embeddable":true,"href":"https:\/\/formacionejecutiva.com.ar\/empresas\/wp-json\/wp\/v2\/media\/2156"}],"wp:attachment":[{"href":"https:\/\/formacionejecutiva.com.ar\/empresas\/wp-json\/wp\/v2\/media?parent=2155"}],"wp:term":[{"taxonomy":"category","embeddable":true,"href":"https:\/\/formacionejecutiva.com.ar\/empresas\/wp-json\/wp\/v2\/categories?post=2155"},{"taxonomy":"post_tag","embeddable":true,"href":"https:\/\/formacionejecutiva.com.ar\/empresas\/wp-json\/wp\/v2\/tags?post=2155"}],"curies":[{"name":"wp","href":"https:\/\/api.w.org\/{rel}","templated":true}]}}