{"id":2158,"date":"2021-09-13T17:02:55","date_gmt":"2021-09-13T17:02:55","guid":{"rendered":"https:\/\/formacionejecutiva.com.ar\/empresas\/?p=2158"},"modified":"2021-09-13T17:02:55","modified_gmt":"2021-09-13T17:02:55","slug":"dra-gabriela-vendrell-evaluadora-universidad-catolica-del-uruguay","status":"publish","type":"post","link":"https:\/\/formacionejecutiva.com.ar\/empresas\/noticias-y-novedades\/dra-gabriela-vendrell-evaluadora-universidad-catolica-del-uruguay\/","title":{"rendered":"<b>Dra. Gabriela Vendrell &#8211; Evaluadora &#8211; Universidad Cat\u00f3lica del Uruguay<\/b>"},"content":{"rendered":"<p><b>El Consejo Consultivo de Ense\u00f1anza\u00a0 Privada del Ministerio de Educaci\u00f3n y Cultura de la Rep\u00fablica Oriental del Uruguay<\/b><span style=\"font-weight: 400;\">, ha designado como <\/span><b>evaluadora d<\/b><span style=\"font-weight: 400;\">e la carrera <\/span><b>Maestr\u00eda en Gesti\u00f3n de Conflictos, Negociaci\u00f3n y Mediaci\u00f3n <\/b><span style=\"font-weight: 400;\">de la <\/span><b>Universidad Cat\u00f3lica del Uruguay<\/b><span style=\"font-weight: 400;\"> a la Dra. Gabriela Vendrell.<\/span><\/p>\n<p><span style=\"font-weight: 400;\">Las pautas de asesoramiento para los evaluadores designados por el Consejo Consultivo de Ense\u00f1anza Privada (CCETP), como \u00f3rgano asesor del Poder Ejecutivo y del Ministerio de Educaci\u00f3n y Cultura. (Art\u00edculo 26)<\/span><\/p>\n<p><span style=\"font-weight: 400;\">El CCETP para emitir su dictamen \u201cdesignar\u00e1 uno o m\u00e1s evaluadores. Se entiende como evaluador al <\/span><b>experto destacado cuya trayectoria le otorga un grado de autoridad en la materia, a nivel profesional o acad\u00e9mico, suficiente como para emitir juicios de valor con independencia de criterio y solidez t\u00e9cnica<\/b><span style=\"font-weight: 400;\">. Los asesores, evaluadores o peritos designados por el Consejo Consultivo en cumplimiento de lo se\u00f1alado en el inciso anterior se comprometer\u00e1n a mantener la confidencialidad de la informaci\u00f3n recibida de las instituciones, as\u00ed como de los asesoramientos y peritajes que se produzcan.\u201d (Art\u00edculo 29)<\/span><\/p>\n","protected":false},"excerpt":{"rendered":"<p>El Consejo Consultivo de Ense\u00f1anza\u00a0 Privada del Ministerio de Educaci\u00f3n y Cultura de la Rep\u00fablica Oriental del Uruguay, ha designado como evaluadora de la carrera Maestr\u00eda en Gesti\u00f3n de Conflictos, Negociaci\u00f3n y Mediaci\u00f3n de la Universidad Cat\u00f3lica del Uruguay a la Dra. Gabriela Vendrell. Las pautas de asesoramiento para los evaluadores designados por el Consejo [&hellip;]<\/p>\n","protected":false},"author":3,"featured_media":2159,"comment_status":"open","ping_status":"open","sticky":false,"template":"","format":"standard","meta":{"site-sidebar-layout":"default","site-content-layout":"default","ast-site-content-layout":"","site-content-style":"default","site-sidebar-style":"default","ast-global-header-display":"","ast-banner-title-visibility":"","ast-main-header-display":"","ast-hfb-above-header-display":"","ast-hfb-below-header-display":"","ast-hfb-mobile-header-display":"","site-post-title":"","ast-breadcrumbs-content":"","ast-featured-img":"","footer-sml-layout":"","theme-transparent-header-meta":"default","adv-header-id-meta":"","stick-header-meta":"","header-above-stick-meta":"","header-main-stick-meta":"","header-below-stick-meta":"","astra-migrate-meta-layouts":"default","ast-page-background-enabled":"default","ast-page-background-meta":{"desktop":{"background-color":"","background-image":"","background-repeat":"repeat","background-position":"center center","background-size":"auto","background-attachment":"scroll","background-type":"","background-media":"","overlay-type":"","overlay-color":"","overlay-opacity":"","overlay-gradient":""},"tablet":{"background-color":"","background-image":"","background-repeat":"repeat","background-position":"center center","background-size":"auto","background-attachment":"scroll","background-type":"","background-media":"","overlay-type":"","overlay-color":"","overlay-opacity":"","overlay-gradient":""},"mobile":{"background-color":"","background-image":"","background-repeat":"repeat","background-position":"center center","background-size":"auto","background-attachment":"scroll","background-type":"","background-media":"","overlay-type":"","overlay-color":"","overlay-opacity":"","overlay-gradient":""}},"ast-content-background-meta":{"desktop":{"background-color":"var(--ast-global-color-5)","background-image":"","background-repeat":"repeat","background-position":"center center","background-size":"auto","background-attachment":"scroll","background-type":"","background-media":"","overlay-type":"","overlay-color":"","overlay-opacity":"","overlay-gradient":""},"tablet":{"background-color":"var(--ast-global-color-5)","background-image":"","background-repeat":"repeat","background-position":"center center","background-size":"auto","background-attachment":"scroll","background-type":"","background-media":"","overlay-type":"","overlay-color":"","overlay-opacity":"","overlay-gradient":""},"mobile":{"background-color":"var(--ast-global-color-5)","background-image":"","background-repeat":"repeat","background-position":"center center","background-size":"auto","background-attachment":"scroll","background-type":"","background-media":"","overlay-type":"","overlay-color":"","overlay-opacity":"","overlay-gradient":""}},"_joinchat":[],"footnotes":""},"categories":[5],"tags":[],"class_list":["post-2158","post","type-post","status-publish","format-standard","has-post-thumbnail","hentry","category-noticias-y-novedades"],"yoast_head":"<!-- This site is optimized with the Yoast SEO plugin v23.5 - https:\/\/yoast.com\/wordpress\/plugins\/seo\/ -->\n<title>Dra. Gabriela Vendrell - Evaluadora - Universidad Cat\u00f3lica del Uruguay - Formaci\u00f3n Ejecutiva<\/title>\n<meta name=\"robots\" content=\"index, follow, max-snippet:-1, max-image-preview:large, max-video-preview:-1\" \/>\n<link rel=\"canonical\" href=\"https:\/\/formacionejecutiva.com.ar\/empresas\/noticias-y-novedades\/dra-gabriela-vendrell-evaluadora-universidad-catolica-del-uruguay\/\" \/>\n<meta property=\"og:locale\" content=\"es_ES\" \/>\n<meta property=\"og:type\" content=\"article\" \/>\n<meta property=\"og:title\" content=\"Dra. Gabriela Vendrell - Evaluadora - Universidad Cat\u00f3lica del Uruguay - Formaci\u00f3n Ejecutiva\" \/>\n<meta property=\"og:description\" content=\"El Consejo Consultivo de Ense\u00f1anza\u00a0 Privada del Ministerio de Educaci\u00f3n y Cultura de la Rep\u00fablica Oriental del Uruguay, ha designado como evaluadora de la carrera Maestr\u00eda en Gesti\u00f3n de Conflictos, Negociaci\u00f3n y Mediaci\u00f3n de la Universidad Cat\u00f3lica del Uruguay a la Dra. Gabriela Vendrell. Las pautas de asesoramiento para los evaluadores designados por el Consejo [&hellip;]\" \/>\n<meta property=\"og:url\" content=\"https:\/\/formacionejecutiva.com.ar\/empresas\/noticias-y-novedades\/dra-gabriela-vendrell-evaluadora-universidad-catolica-del-uruguay\/\" \/>\n<meta property=\"og:site_name\" content=\"Formaci\u00f3n Ejecutiva\" \/>\n<meta property=\"article:published_time\" content=\"2021-09-13T17:02:55+00:00\" \/>\n<meta property=\"og:image\" content=\"https:\/\/formacionejecutiva.com.ar\/empresas\/wp-content\/uploads\/2021\/09\/gabriela-vendrell.jpg\" \/>\n\t<meta property=\"og:image:width\" content=\"959\" \/>\n\t<meta property=\"og:image:height\" content=\"815\" \/>\n\t<meta property=\"og:image:type\" content=\"image\/jpeg\" \/>\n<meta name=\"author\" content=\"Daniel\" \/>\n<meta name=\"twitter:card\" content=\"summary_large_image\" \/>\n<meta name=\"twitter:label1\" content=\"Escrito por\" \/>\n\t<meta name=\"twitter:data1\" content=\"Daniel\" \/>\n\t<meta name=\"twitter:label2\" content=\"Tiempo de lectura\" \/>\n\t<meta name=\"twitter:data2\" content=\"1 minuto\" \/>\n<script type=\"application\/ld+json\" class=\"yoast-schema-graph\">{\"@context\":\"https:\/\/schema.org\",\"@graph\":[{\"@type\":\"Article\",\"@id\":\"https:\/\/formacionejecutiva.com.ar\/empresas\/noticias-y-novedades\/dra-gabriela-vendrell-evaluadora-universidad-catolica-del-uruguay\/#article\",\"isPartOf\":{\"@id\":\"https:\/\/formacionejecutiva.com.ar\/empresas\/noticias-y-novedades\/dra-gabriela-vendrell-evaluadora-universidad-catolica-del-uruguay\/\"},\"author\":{\"name\":\"Daniel\",\"@id\":\"https:\/\/formacionejecutiva.com.ar\/empresas\/#\/schema\/person\/222d86c959c3db84eda961c48a5f2cb9\"},\"headline\":\"Dra. Gabriela Vendrell &#8211; Evaluadora &#8211; Universidad Cat\u00f3lica del Uruguay\",\"datePublished\":\"2021-09-13T17:02:55+00:00\",\"dateModified\":\"2021-09-13T17:02:55+00:00\",\"mainEntityOfPage\":{\"@id\":\"https:\/\/formacionejecutiva.com.ar\/empresas\/noticias-y-novedades\/dra-gabriela-vendrell-evaluadora-universidad-catolica-del-uruguay\/\"},\"wordCount\":195,\"commentCount\":0,\"publisher\":{\"@id\":\"https:\/\/formacionejecutiva.com.ar\/empresas\/#organization\"},\"image\":{\"@id\":\"https:\/\/formacionejecutiva.com.ar\/empresas\/noticias-y-novedades\/dra-gabriela-vendrell-evaluadora-universidad-catolica-del-uruguay\/#primaryimage\"},\"thumbnailUrl\":\"https:\/\/formacionejecutiva.com.ar\/empresas\/wp-content\/uploads\/2021\/09\/gabriela-vendrell.jpg\",\"articleSection\":[\"Noticias y Novedades\"],\"inLanguage\":\"es\",\"potentialAction\":[{\"@type\":\"CommentAction\",\"name\":\"Comment\",\"target\":[\"https:\/\/formacionejecutiva.com.ar\/empresas\/noticias-y-novedades\/dra-gabriela-vendrell-evaluadora-universidad-catolica-del-uruguay\/#respond\"]}]},{\"@type\":\"WebPage\",\"@id\":\"https:\/\/formacionejecutiva.com.ar\/empresas\/noticias-y-novedades\/dra-gabriela-vendrell-evaluadora-universidad-catolica-del-uruguay\/\",\"url\":\"https:\/\/formacionejecutiva.com.ar\/empresas\/noticias-y-novedades\/dra-gabriela-vendrell-evaluadora-universidad-catolica-del-uruguay\/\",\"name\":\"Dra. Gabriela Vendrell - Evaluadora - Universidad Cat\u00f3lica del Uruguay - Formaci\u00f3n Ejecutiva\",\"isPartOf\":{\"@id\":\"https:\/\/formacionejecutiva.com.ar\/empresas\/#website\"},\"primaryImageOfPage\":{\"@id\":\"https:\/\/formacionejecutiva.com.ar\/empresas\/noticias-y-novedades\/dra-gabriela-vendrell-evaluadora-universidad-catolica-del-uruguay\/#primaryimage\"},\"image\":{\"@id\":\"https:\/\/formacionejecutiva.com.ar\/empresas\/noticias-y-novedades\/dra-gabriela-vendrell-evaluadora-universidad-catolica-del-uruguay\/#primaryimage\"},\"thumbnailUrl\":\"https:\/\/formacionejecutiva.com.ar\/empresas\/wp-content\/uploads\/2021\/09\/gabriela-vendrell.jpg\",\"datePublished\":\"2021-09-13T17:02:55+00:00\",\"dateModified\":\"2021-09-13T17:02:55+00:00\",\"breadcrumb\":{\"@id\":\"https:\/\/formacionejecutiva.com.ar\/empresas\/noticias-y-novedades\/dra-gabriela-vendrell-evaluadora-universidad-catolica-del-uruguay\/#breadcrumb\"},\"inLanguage\":\"es\",\"potentialAction\":[{\"@type\":\"ReadAction\",\"target\":[\"https:\/\/formacionejecutiva.com.ar\/empresas\/noticias-y-novedades\/dra-gabriela-vendrell-evaluadora-universidad-catolica-del-uruguay\/\"]}]},{\"@type\":\"ImageObject\",\"inLanguage\":\"es\",\"@id\":\"https:\/\/formacionejecutiva.com.ar\/empresas\/noticias-y-novedades\/dra-gabriela-vendrell-evaluadora-universidad-catolica-del-uruguay\/#primaryimage\",\"url\":\"https:\/\/formacionejecutiva.com.ar\/empresas\/wp-content\/uploads\/2021\/09\/gabriela-vendrell.jpg\",\"contentUrl\":\"https:\/\/formacionejecutiva.com.ar\/empresas\/wp-content\/uploads\/2021\/09\/gabriela-vendrell.jpg\",\"width\":959,\"height\":815},{\"@type\":\"BreadcrumbList\",\"@id\":\"https:\/\/formacionejecutiva.com.ar\/empresas\/noticias-y-novedades\/dra-gabriela-vendrell-evaluadora-universidad-catolica-del-uruguay\/#breadcrumb\",\"itemListElement\":[{\"@type\":\"ListItem\",\"position\":1,\"name\":\"Portada\",\"item\":\"https:\/\/formacionejecutiva.com.ar\/empresas\/\"},{\"@type\":\"ListItem\",\"position\":2,\"name\":\"Dra. Gabriela Vendrell &#8211; Evaluadora &#8211; Universidad Cat\u00f3lica del Uruguay\"}]},{\"@type\":\"WebSite\",\"@id\":\"https:\/\/formacionejecutiva.com.ar\/empresas\/#website\",\"url\":\"https:\/\/formacionejecutiva.com.ar\/empresas\/\",\"name\":\"Formaci\u00f3n Ejecutiva\",\"description\":\"Educaci\u00f3n para profesionales\",\"publisher\":{\"@id\":\"https:\/\/formacionejecutiva.com.ar\/empresas\/#organization\"},\"potentialAction\":[{\"@type\":\"SearchAction\",\"target\":{\"@type\":\"EntryPoint\",\"urlTemplate\":\"https:\/\/formacionejecutiva.com.ar\/empresas\/?s={search_term_string}\"},\"query-input\":{\"@type\":\"PropertyValueSpecification\",\"valueRequired\":true,\"valueName\":\"search_term_string\"}}],\"inLanguage\":\"es\"},{\"@type\":\"Organization\",\"@id\":\"https:\/\/formacionejecutiva.com.ar\/empresas\/#organization\",\"name\":\"Formaci\u00f3n Ejecutiva\",\"url\":\"https:\/\/formacionejecutiva.com.ar\/empresas\/\",\"logo\":{\"@type\":\"ImageObject\",\"inLanguage\":\"es\",\"@id\":\"https:\/\/formacionejecutiva.com.ar\/empresas\/#\/schema\/logo\/image\/\",\"url\":\"https:\/\/formacionejecutiva.com.ar\/empresas\/wp-content\/uploads\/2018\/12\/cropped-logo-empresas.png\",\"contentUrl\":\"https:\/\/formacionejecutiva.com.ar\/empresas\/wp-content\/uploads\/2018\/12\/cropped-logo-empresas.png\",\"width\":255,\"height\":85,\"caption\":\"Formaci\u00f3n Ejecutiva\"},\"image\":{\"@id\":\"https:\/\/formacionejecutiva.com.ar\/empresas\/#\/schema\/logo\/image\/\"}},{\"@type\":\"Person\",\"@id\":\"https:\/\/formacionejecutiva.com.ar\/empresas\/#\/schema\/person\/222d86c959c3db84eda961c48a5f2cb9\",\"name\":\"Daniel\",\"image\":{\"@type\":\"ImageObject\",\"inLanguage\":\"es\",\"@id\":\"https:\/\/formacionejecutiva.com.ar\/empresas\/#\/schema\/person\/image\/\",\"url\":\"https:\/\/secure.gravatar.com\/avatar\/f59506f69051255e04c867db012d50fc?s=96&d=mm&r=g\",\"contentUrl\":\"https:\/\/secure.gravatar.com\/avatar\/f59506f69051255e04c867db012d50fc?s=96&d=mm&r=g\",\"caption\":\"Daniel\"},\"url\":\"https:\/\/formacionejecutiva.com.ar\/empresas\/author\/daniel\/\"}]}<\/script>\n<!-- \/ Yoast SEO plugin. -->","yoast_head_json":{"title":"Dra. Gabriela Vendrell - Evaluadora - Universidad Cat\u00f3lica del Uruguay - Formaci\u00f3n Ejecutiva","robots":{"index":"index","follow":"follow","max-snippet":"max-snippet:-1","max-image-preview":"max-image-preview:large","max-video-preview":"max-video-preview:-1"},"canonical":"https:\/\/formacionejecutiva.com.ar\/empresas\/noticias-y-novedades\/dra-gabriela-vendrell-evaluadora-universidad-catolica-del-uruguay\/","og_locale":"es_ES","og_type":"article","og_title":"Dra. Gabriela Vendrell - Evaluadora - Universidad Cat\u00f3lica del Uruguay - Formaci\u00f3n Ejecutiva","og_description":"El Consejo Consultivo de Ense\u00f1anza\u00a0 Privada del Ministerio de Educaci\u00f3n y Cultura de la Rep\u00fablica Oriental del Uruguay, ha designado como evaluadora de la carrera Maestr\u00eda en Gesti\u00f3n de Conflictos, Negociaci\u00f3n y Mediaci\u00f3n de la Universidad Cat\u00f3lica del Uruguay a la Dra. Gabriela Vendrell. Las pautas de asesoramiento para los evaluadores designados por el Consejo [&hellip;]","og_url":"https:\/\/formacionejecutiva.com.ar\/empresas\/noticias-y-novedades\/dra-gabriela-vendrell-evaluadora-universidad-catolica-del-uruguay\/","og_site_name":"Formaci\u00f3n Ejecutiva","article_published_time":"2021-09-13T17:02:55+00:00","og_image":[{"width":959,"height":815,"url":"https:\/\/formacionejecutiva.com.ar\/empresas\/wp-content\/uploads\/2021\/09\/gabriela-vendrell.jpg","type":"image\/jpeg"}],"author":"Daniel","twitter_card":"summary_large_image","twitter_misc":{"Escrito por":"Daniel","Tiempo de lectura":"1 minuto"},"schema":{"@context":"https:\/\/schema.org","@graph":[{"@type":"Article","@id":"https:\/\/formacionejecutiva.com.ar\/empresas\/noticias-y-novedades\/dra-gabriela-vendrell-evaluadora-universidad-catolica-del-uruguay\/#article","isPartOf":{"@id":"https:\/\/formacionejecutiva.com.ar\/empresas\/noticias-y-novedades\/dra-gabriela-vendrell-evaluadora-universidad-catolica-del-uruguay\/"},"author":{"name":"Daniel","@id":"https:\/\/formacionejecutiva.com.ar\/empresas\/#\/schema\/person\/222d86c959c3db84eda961c48a5f2cb9"},"headline":"Dra. Gabriela Vendrell &#8211; Evaluadora &#8211; Universidad Cat\u00f3lica del Uruguay","datePublished":"2021-09-13T17:02:55+00:00","dateModified":"2021-09-13T17:02:55+00:00","mainEntityOfPage":{"@id":"https:\/\/formacionejecutiva.com.ar\/empresas\/noticias-y-novedades\/dra-gabriela-vendrell-evaluadora-universidad-catolica-del-uruguay\/"},"wordCount":195,"commentCount":0,"publisher":{"@id":"https:\/\/formacionejecutiva.com.ar\/empresas\/#organization"},"image":{"@id":"https:\/\/formacionejecutiva.com.ar\/empresas\/noticias-y-novedades\/dra-gabriela-vendrell-evaluadora-universidad-catolica-del-uruguay\/#primaryimage"},"thumbnailUrl":"https:\/\/formacionejecutiva.com.ar\/empresas\/wp-content\/uploads\/2021\/09\/gabriela-vendrell.jpg","articleSection":["Noticias y Novedades"],"inLanguage":"es","potentialAction":[{"@type":"CommentAction","name":"Comment","target":["https:\/\/formacionejecutiva.com.ar\/empresas\/noticias-y-novedades\/dra-gabriela-vendrell-evaluadora-universidad-catolica-del-uruguay\/#respond"]}]},{"@type":"WebPage","@id":"https:\/\/formacionejecutiva.com.ar\/empresas\/noticias-y-novedades\/dra-gabriela-vendrell-evaluadora-universidad-catolica-del-uruguay\/","url":"https:\/\/formacionejecutiva.com.ar\/empresas\/noticias-y-novedades\/dra-gabriela-vendrell-evaluadora-universidad-catolica-del-uruguay\/","name":"Dra. Gabriela Vendrell - Evaluadora - Universidad Cat\u00f3lica del Uruguay - Formaci\u00f3n Ejecutiva","isPartOf":{"@id":"https:\/\/formacionejecutiva.com.ar\/empresas\/#website"},"primaryImageOfPage":{"@id":"https:\/\/formacionejecutiva.com.ar\/empresas\/noticias-y-novedades\/dra-gabriela-vendrell-evaluadora-universidad-catolica-del-uruguay\/#primaryimage"},"image":{"@id":"https:\/\/formacionejecutiva.com.ar\/empresas\/noticias-y-novedades\/dra-gabriela-vendrell-evaluadora-universidad-catolica-del-uruguay\/#primaryimage"},"thumbnailUrl":"https:\/\/formacionejecutiva.com.ar\/empresas\/wp-content\/uploads\/2021\/09\/gabriela-vendrell.jpg","datePublished":"2021-09-13T17:02:55+00:00","dateModified":"2021-09-13T17:02:55+00:00","breadcrumb":{"@id":"https:\/\/formacionejecutiva.com.ar\/empresas\/noticias-y-novedades\/dra-gabriela-vendrell-evaluadora-universidad-catolica-del-uruguay\/#breadcrumb"},"inLanguage":"es","potentialAction":[{"@type":"ReadAction","target":["https:\/\/formacionejecutiva.com.ar\/empresas\/noticias-y-novedades\/dra-gabriela-vendrell-evaluadora-universidad-catolica-del-uruguay\/"]}]},{"@type":"ImageObject","inLanguage":"es","@id":"https:\/\/formacionejecutiva.com.ar\/empresas\/noticias-y-novedades\/dra-gabriela-vendrell-evaluadora-universidad-catolica-del-uruguay\/#primaryimage","url":"https:\/\/formacionejecutiva.com.ar\/empresas\/wp-content\/uploads\/2021\/09\/gabriela-vendrell.jpg","contentUrl":"https:\/\/formacionejecutiva.com.ar\/empresas\/wp-content\/uploads\/2021\/09\/gabriela-vendrell.jpg","width":959,"height":815},{"@type":"BreadcrumbList","@id":"https:\/\/formacionejecutiva.com.ar\/empresas\/noticias-y-novedades\/dra-gabriela-vendrell-evaluadora-universidad-catolica-del-uruguay\/#breadcrumb","itemListElement":[{"@type":"ListItem","position":1,"name":"Portada","item":"https:\/\/formacionejecutiva.com.ar\/empresas\/"},{"@type":"ListItem","position":2,"name":"Dra. Gabriela Vendrell &#8211; Evaluadora &#8211; Universidad Cat\u00f3lica del Uruguay"}]},{"@type":"WebSite","@id":"https:\/\/formacionejecutiva.com.ar\/empresas\/#website","url":"https:\/\/formacionejecutiva.com.ar\/empresas\/","name":"Formaci\u00f3n Ejecutiva","description":"Educaci\u00f3n para profesionales","publisher":{"@id":"https:\/\/formacionejecutiva.com.ar\/empresas\/#organization"},"potentialAction":[{"@type":"SearchAction","target":{"@type":"EntryPoint","urlTemplate":"https:\/\/formacionejecutiva.com.ar\/empresas\/?s={search_term_string}"},"query-input":{"@type":"PropertyValueSpecification","valueRequired":true,"valueName":"search_term_string"}}],"inLanguage":"es"},{"@type":"Organization","@id":"https:\/\/formacionejecutiva.com.ar\/empresas\/#organization","name":"Formaci\u00f3n Ejecutiva","url":"https:\/\/formacionejecutiva.com.ar\/empresas\/","logo":{"@type":"ImageObject","inLanguage":"es","@id":"https:\/\/formacionejecutiva.com.ar\/empresas\/#\/schema\/logo\/image\/","url":"https:\/\/formacionejecutiva.com.ar\/empresas\/wp-content\/uploads\/2018\/12\/cropped-logo-empresas.png","contentUrl":"https:\/\/formacionejecutiva.com.ar\/empresas\/wp-content\/uploads\/2018\/12\/cropped-logo-empresas.png","width":255,"height":85,"caption":"Formaci\u00f3n Ejecutiva"},"image":{"@id":"https:\/\/formacionejecutiva.com.ar\/empresas\/#\/schema\/logo\/image\/"}},{"@type":"Person","@id":"https:\/\/formacionejecutiva.com.ar\/empresas\/#\/schema\/person\/222d86c959c3db84eda961c48a5f2cb9","name":"Daniel","image":{"@type":"ImageObject","inLanguage":"es","@id":"https:\/\/formacionejecutiva.com.ar\/empresas\/#\/schema\/person\/image\/","url":"https:\/\/secure.gravatar.com\/avatar\/f59506f69051255e04c867db012d50fc?s=96&d=mm&r=g","contentUrl":"https:\/\/secure.gravatar.com\/avatar\/f59506f69051255e04c867db012d50fc?s=96&d=mm&r=g","caption":"Daniel"},"url":"https:\/\/formacionejecutiva.com.ar\/empresas\/author\/daniel\/"}]}},"_links":{"self":[{"href":"https:\/\/formacionejecutiva.com.ar\/empresas\/wp-json\/wp\/v2\/posts\/2158","targetHints":{"allow":["GET"]}}],"collection":[{"href":"https:\/\/formacionejecutiva.com.ar\/empresas\/wp-json\/wp\/v2\/posts"}],"about":[{"href":"https:\/\/formacionejecutiva.com.ar\/empresas\/wp-json\/wp\/v2\/types\/post"}],"author":[{"embeddable":true,"href":"https:\/\/formacionejecutiva.com.ar\/empresas\/wp-json\/wp\/v2\/users\/3"}],"replies":[{"embeddable":true,"href":"https:\/\/formacionejecutiva.com.ar\/empresas\/wp-json\/wp\/v2\/comments?post=2158"}],"version-history":[{"count":1,"href":"https:\/\/formacionejecutiva.com.ar\/empresas\/wp-json\/wp\/v2\/posts\/2158\/revisions"}],"predecessor-version":[{"id":2160,"href":"https:\/\/formacionejecutiva.com.ar\/empresas\/wp-json\/wp\/v2\/posts\/2158\/revisions\/2160"}],"wp:featuredmedia":[{"embeddable":true,"href":"https:\/\/formacionejecutiva.com.ar\/empresas\/wp-json\/wp\/v2\/media\/2159"}],"wp:attachment":[{"href":"https:\/\/formacionejecutiva.com.ar\/empresas\/wp-json\/wp\/v2\/media?parent=2158"}],"wp:term":[{"taxonomy":"category","embeddable":true,"href":"https:\/\/formacionejecutiva.com.ar\/empresas\/wp-json\/wp\/v2\/categories?post=2158"},{"taxonomy":"post_tag","embeddable":true,"href":"https:\/\/formacionejecutiva.com.ar\/empresas\/wp-json\/wp\/v2\/tags?post=2158"}],"curies":[{"name":"wp","href":"https:\/\/api.w.org\/{rel}","templated":true}]}}