{"id":2166,"date":"2021-10-25T20:30:06","date_gmt":"2021-10-25T20:30:06","guid":{"rendered":"https:\/\/formacionejecutiva.com.ar\/empresas\/?p=2166"},"modified":"2021-12-01T13:24:00","modified_gmt":"2021-12-01T13:24:00","slug":"convenio-de-beneficios-exclusivos-para-asociados-de-osde","status":"publish","type":"post","link":"https:\/\/formacionejecutiva.com.ar\/empresas\/noticias-y-novedades\/convenio-de-beneficios-exclusivos-para-asociados-de-osde\/","title":{"rendered":"<b>Realizamos las jornadas de capacitaci\u00f3n en Mediaci\u00f3n  presenciales en C\u00f2rdoba.<\/b>"},"content":{"rendered":"<p>Realizamos las jornadas de capacitaci\u00f3n en Mediaci\u00f3n presenciales en C\u00f2rdoba.<br \/>\nLas mismas se llevaron a cabo en la sala de conferencias del Gran Victoria. En C\u00f3rdoba Capital del 18 al 29 de Octubre.<br \/>\nAgradecemos la participaci\u00f3n de todos los profesionales de la Mediaci\u00f3n que asistieron al evento y les compartimos las fotos, extractos de las jornadas y los testimonios.<img fetchpriority=\"high\" decoding=\"async\" class=\"alignnone size-medium wp-image-2170\" src=\"https:\/\/formacionejecutiva.com.ar\/empresas\/wp-content\/uploads\/2021\/10\/WhatsApp-Image-2021-10-26-at-12.13.25-1-225x300.jpg\" alt=\"\" width=\"225\" height=\"300\" srcset=\"https:\/\/formacionejecutiva.com.ar\/empresas\/wp-content\/uploads\/2021\/10\/WhatsApp-Image-2021-10-26-at-12.13.25-1-225x300.jpg 225w, https:\/\/formacionejecutiva.com.ar\/empresas\/wp-content\/uploads\/2021\/10\/WhatsApp-Image-2021-10-26-at-12.13.25-1-768x1024.jpg 768w, https:\/\/formacionejecutiva.com.ar\/empresas\/wp-content\/uploads\/2021\/10\/WhatsApp-Image-2021-10-26-at-12.13.25-1-1152x1536.jpg 1152w, https:\/\/formacionejecutiva.com.ar\/empresas\/wp-content\/uploads\/2021\/10\/WhatsApp-Image-2021-10-26-at-12.13.25-1.jpg 1200w\" sizes=\"(max-width: 225px) 100vw, 225px\" \/> <img decoding=\"async\" class=\"alignnone size-medium wp-image-2172\" src=\"https:\/\/formacionejecutiva.com.ar\/empresas\/wp-content\/uploads\/2021\/10\/WhatsApp-Image-2021-10-26-at-12.13.26-3-225x300.jpg\" alt=\"\" width=\"225\" height=\"300\" srcset=\"https:\/\/formacionejecutiva.com.ar\/empresas\/wp-content\/uploads\/2021\/10\/WhatsApp-Image-2021-10-26-at-12.13.26-3-225x300.jpg 225w, https:\/\/formacionejecutiva.com.ar\/empresas\/wp-content\/uploads\/2021\/10\/WhatsApp-Image-2021-10-26-at-12.13.26-3-768x1024.jpg 768w, https:\/\/formacionejecutiva.com.ar\/empresas\/wp-content\/uploads\/2021\/10\/WhatsApp-Image-2021-10-26-at-12.13.26-3-1152x1536.jpg 1152w, https:\/\/formacionejecutiva.com.ar\/empresas\/wp-content\/uploads\/2021\/10\/WhatsApp-Image-2021-10-26-at-12.13.26-3.jpg 1200w\" sizes=\"(max-width: 225px) 100vw, 225px\" \/> <img decoding=\"async\" class=\"alignnone size-medium wp-image-2173\" src=\"https:\/\/formacionejecutiva.com.ar\/empresas\/wp-content\/uploads\/2021\/10\/WhatsApp-Image-2021-10-26-at-12.13.26-225x300.jpg\" alt=\"\" width=\"225\" height=\"300\" srcset=\"https:\/\/formacionejecutiva.com.ar\/empresas\/wp-content\/uploads\/2021\/10\/WhatsApp-Image-2021-10-26-at-12.13.26-225x300.jpg 225w, https:\/\/formacionejecutiva.com.ar\/empresas\/wp-content\/uploads\/2021\/10\/WhatsApp-Image-2021-10-26-at-12.13.26-768x1024.jpg 768w, https:\/\/formacionejecutiva.com.ar\/empresas\/wp-content\/uploads\/2021\/10\/WhatsApp-Image-2021-10-26-at-12.13.26-1152x1536.jpg 1152w, https:\/\/formacionejecutiva.com.ar\/empresas\/wp-content\/uploads\/2021\/10\/WhatsApp-Image-2021-10-26-at-12.13.26.jpg 1200w\" sizes=\"(max-width: 225px) 100vw, 225px\" \/> <img loading=\"lazy\" decoding=\"async\" class=\"alignnone size-medium wp-image-2174\" src=\"https:\/\/formacionejecutiva.com.ar\/empresas\/wp-content\/uploads\/2021\/10\/WhatsApp-Image-2021-10-28-at-10.33.04-4-225x300.jpg\" alt=\"\" width=\"225\" height=\"300\" srcset=\"https:\/\/formacionejecutiva.com.ar\/empresas\/wp-content\/uploads\/2021\/10\/WhatsApp-Image-2021-10-28-at-10.33.04-4-225x300.jpg 225w, https:\/\/formacionejecutiva.com.ar\/empresas\/wp-content\/uploads\/2021\/10\/WhatsApp-Image-2021-10-28-at-10.33.04-4-768x1024.jpg 768w, https:\/\/formacionejecutiva.com.ar\/empresas\/wp-content\/uploads\/2021\/10\/WhatsApp-Image-2021-10-28-at-10.33.04-4-1152x1536.jpg 1152w, https:\/\/formacionejecutiva.com.ar\/empresas\/wp-content\/uploads\/2021\/10\/WhatsApp-Image-2021-10-28-at-10.33.04-4.jpg 1200w\" sizes=\"(max-width: 225px) 100vw, 225px\" \/> <img loading=\"lazy\" decoding=\"async\" class=\"alignnone size-medium wp-image-2175\" src=\"https:\/\/formacionejecutiva.com.ar\/empresas\/wp-content\/uploads\/2021\/10\/WhatsApp-Image-2021-10-28-at-10.33.04-7-300x225.jpg\" alt=\"\" width=\"300\" height=\"225\" srcset=\"https:\/\/formacionejecutiva.com.ar\/empresas\/wp-content\/uploads\/2021\/10\/WhatsApp-Image-2021-10-28-at-10.33.04-7-300x225.jpg 300w, https:\/\/formacionejecutiva.com.ar\/empresas\/wp-content\/uploads\/2021\/10\/WhatsApp-Image-2021-10-28-at-10.33.04-7-1024x768.jpg 1024w, https:\/\/formacionejecutiva.com.ar\/empresas\/wp-content\/uploads\/2021\/10\/WhatsApp-Image-2021-10-28-at-10.33.04-7-768x576.jpg 768w, https:\/\/formacionejecutiva.com.ar\/empresas\/wp-content\/uploads\/2021\/10\/WhatsApp-Image-2021-10-28-at-10.33.04-7-1536x1152.jpg 1536w, https:\/\/formacionejecutiva.com.ar\/empresas\/wp-content\/uploads\/2021\/10\/WhatsApp-Image-2021-10-28-at-10.33.04-7.jpg 1600w\" sizes=\"(max-width: 300px) 100vw, 300px\" \/> <img loading=\"lazy\" decoding=\"async\" class=\"alignnone size-medium wp-image-2176\" src=\"https:\/\/formacionejecutiva.com.ar\/empresas\/wp-content\/uploads\/2021\/10\/20211029_125129-225x300.jpg\" alt=\"\" width=\"225\" height=\"300\" srcset=\"https:\/\/formacionejecutiva.com.ar\/empresas\/wp-content\/uploads\/2021\/10\/20211029_125129-225x300.jpg 225w, https:\/\/formacionejecutiva.com.ar\/empresas\/wp-content\/uploads\/2021\/10\/20211029_125129-768x1024.jpg 768w, https:\/\/formacionejecutiva.com.ar\/empresas\/wp-content\/uploads\/2021\/10\/20211029_125129-1152x1536.jpg 1152w, https:\/\/formacionejecutiva.com.ar\/empresas\/wp-content\/uploads\/2021\/10\/20211029_125129-1536x2048.jpg 1536w, https:\/\/formacionejecutiva.com.ar\/empresas\/wp-content\/uploads\/2021\/10\/20211029_125129-scaled.jpg 1920w\" sizes=\"(max-width: 225px) 100vw, 225px\" \/> <img loading=\"lazy\" decoding=\"async\" class=\"alignnone size-medium wp-image-2177\" src=\"https:\/\/formacionejecutiva.com.ar\/empresas\/wp-content\/uploads\/2021\/10\/20211029_130616-225x300.jpg\" alt=\"\" width=\"225\" height=\"300\" srcset=\"https:\/\/formacionejecutiva.com.ar\/empresas\/wp-content\/uploads\/2021\/10\/20211029_130616-225x300.jpg 225w, https:\/\/formacionejecutiva.com.ar\/empresas\/wp-content\/uploads\/2021\/10\/20211029_130616-768x1024.jpg 768w, https:\/\/formacionejecutiva.com.ar\/empresas\/wp-content\/uploads\/2021\/10\/20211029_130616-1152x1536.jpg 1152w, https:\/\/formacionejecutiva.com.ar\/empresas\/wp-content\/uploads\/2021\/10\/20211029_130616-1536x2048.jpg 1536w, https:\/\/formacionejecutiva.com.ar\/empresas\/wp-content\/uploads\/2021\/10\/20211029_130616-scaled.jpg 1920w\" sizes=\"(max-width: 225px) 100vw, 225px\" \/> <img loading=\"lazy\" decoding=\"async\" class=\"alignnone size-medium wp-image-2178\" src=\"https:\/\/formacionejecutiva.com.ar\/empresas\/wp-content\/uploads\/2021\/10\/WhatsApp-Image-2021-10-26-at-10.17.11-1-225x300.jpg\" alt=\"\" width=\"225\" height=\"300\" \/><\/p>\n","protected":false},"excerpt":{"rendered":"<p>Realizamos las jornadas de capacitaci\u00f3n en Mediaci\u00f3n presenciales en C\u00f2rdoba. Las mismas se llevaron a cabo en la sala de conferencias del Gran Victoria. En C\u00f3rdoba Capital del 18 al 29 de Octubre. Agradecemos la participaci\u00f3n de todos los profesionales de la Mediaci\u00f3n que asistieron al evento y les compartimos las fotos, extractos de las [&hellip;]<\/p>\n","protected":false},"author":3,"featured_media":2178,"comment_status":"open","ping_status":"open","sticky":false,"template":"","format":"standard","meta":{"site-sidebar-layout":"default","site-content-layout":"default","ast-site-content-layout":"","site-content-style":"default","site-sidebar-style":"default","ast-global-header-display":"","ast-banner-title-visibility":"","ast-main-header-display":"","ast-hfb-above-header-display":"","ast-hfb-below-header-display":"","ast-hfb-mobile-header-display":"","site-post-title":"","ast-breadcrumbs-content":"","ast-featured-img":"","footer-sml-layout":"","theme-transparent-header-meta":"default","adv-header-id-meta":"","stick-header-meta":"","header-above-stick-meta":"","header-main-stick-meta":"","header-below-stick-meta":"","astra-migrate-meta-layouts":"default","ast-page-background-enabled":"default","ast-page-background-meta":{"desktop":{"background-color":"","background-image":"","background-repeat":"repeat","background-position":"center center","background-size":"auto","background-attachment":"scroll","background-type":"","background-media":"","overlay-type":"","overlay-color":"","overlay-opacity":"","overlay-gradient":""},"tablet":{"background-color":"","background-image":"","background-repeat":"repeat","background-position":"center center","background-size":"auto","background-attachment":"scroll","background-type":"","background-media":"","overlay-type":"","overlay-color":"","overlay-opacity":"","overlay-gradient":""},"mobile":{"background-color":"","background-image":"","background-repeat":"repeat","background-position":"center center","background-size":"auto","background-attachment":"scroll","background-type":"","background-media":"","overlay-type":"","overlay-color":"","overlay-opacity":"","overlay-gradient":""}},"ast-content-background-meta":{"desktop":{"background-color":"var(--ast-global-color-5)","background-image":"","background-repeat":"repeat","background-position":"center center","background-size":"auto","background-attachment":"scroll","background-type":"","background-media":"","overlay-type":"","overlay-color":"","overlay-opacity":"","overlay-gradient":""},"tablet":{"background-color":"var(--ast-global-color-5)","background-image":"","background-repeat":"repeat","background-position":"center center","background-size":"auto","background-attachment":"scroll","background-type":"","background-media":"","overlay-type":"","overlay-color":"","overlay-opacity":"","overlay-gradient":""},"mobile":{"background-color":"var(--ast-global-color-5)","background-image":"","background-repeat":"repeat","background-position":"center center","background-size":"auto","background-attachment":"scroll","background-type":"","background-media":"","overlay-type":"","overlay-color":"","overlay-opacity":"","overlay-gradient":""}},"_joinchat":[],"footnotes":""},"categories":[5],"tags":[],"class_list":["post-2166","post","type-post","status-publish","format-standard","has-post-thumbnail","hentry","category-noticias-y-novedades"],"yoast_head":"<!-- This site is optimized with the Yoast SEO plugin v23.5 - https:\/\/yoast.com\/wordpress\/plugins\/seo\/ -->\n<title>Realizamos las jornadas de capacitaci\u00f3n en Mediaci\u00f3n presenciales en C\u00f2rdoba. - Formaci\u00f3n Ejecutiva<\/title>\n<meta name=\"robots\" content=\"index, follow, max-snippet:-1, max-image-preview:large, max-video-preview:-1\" \/>\n<link rel=\"canonical\" href=\"https:\/\/formacionejecutiva.com.ar\/empresas\/noticias-y-novedades\/convenio-de-beneficios-exclusivos-para-asociados-de-osde\/\" \/>\n<meta property=\"og:locale\" content=\"es_ES\" \/>\n<meta property=\"og:type\" content=\"article\" \/>\n<meta property=\"og:title\" content=\"Realizamos las jornadas de capacitaci\u00f3n en Mediaci\u00f3n presenciales en C\u00f2rdoba. - Formaci\u00f3n Ejecutiva\" \/>\n<meta property=\"og:description\" content=\"Realizamos las jornadas de capacitaci\u00f3n en Mediaci\u00f3n presenciales en C\u00f2rdoba. Las mismas se llevaron a cabo en la sala de conferencias del Gran Victoria. En C\u00f3rdoba Capital del 18 al 29 de Octubre. Agradecemos la participaci\u00f3n de todos los profesionales de la Mediaci\u00f3n que asistieron al evento y les compartimos las fotos, extractos de las [&hellip;]\" \/>\n<meta property=\"og:url\" content=\"https:\/\/formacionejecutiva.com.ar\/empresas\/noticias-y-novedades\/convenio-de-beneficios-exclusivos-para-asociados-de-osde\/\" \/>\n<meta property=\"og:site_name\" content=\"Formaci\u00f3n Ejecutiva\" \/>\n<meta property=\"article:published_time\" content=\"2021-10-25T20:30:06+00:00\" \/>\n<meta property=\"article:modified_time\" content=\"2021-12-01T13:24:00+00:00\" \/>\n<meta property=\"og:image\" content=\"https:\/\/formacionejecutiva.com.ar\/empresas\/wp-content\/uploads\/2021\/10\/WhatsApp-Image-2021-10-26-at-10.17.11-1-e1638365030596.jpg\" \/>\n\t<meta property=\"og:image:width\" content=\"1200\" \/>\n\t<meta property=\"og:image:height\" content=\"992\" \/>\n\t<meta property=\"og:image:type\" content=\"image\/jpeg\" \/>\n<meta name=\"author\" content=\"Daniel\" \/>\n<meta name=\"twitter:card\" content=\"summary_large_image\" \/>\n<meta name=\"twitter:label1\" content=\"Escrito por\" \/>\n\t<meta name=\"twitter:data1\" content=\"Daniel\" \/>\n\t<meta name=\"twitter:label2\" content=\"Tiempo de lectura\" \/>\n\t<meta name=\"twitter:data2\" content=\"2 minutos\" \/>\n<script type=\"application\/ld+json\" class=\"yoast-schema-graph\">{\"@context\":\"https:\/\/schema.org\",\"@graph\":[{\"@type\":\"Article\",\"@id\":\"https:\/\/formacionejecutiva.com.ar\/empresas\/noticias-y-novedades\/convenio-de-beneficios-exclusivos-para-asociados-de-osde\/#article\",\"isPartOf\":{\"@id\":\"https:\/\/formacionejecutiva.com.ar\/empresas\/noticias-y-novedades\/convenio-de-beneficios-exclusivos-para-asociados-de-osde\/\"},\"author\":{\"name\":\"Daniel\",\"@id\":\"https:\/\/formacionejecutiva.com.ar\/empresas\/#\/schema\/person\/222d86c959c3db84eda961c48a5f2cb9\"},\"headline\":\"Realizamos las jornadas de capacitaci\u00f3n en Mediaci\u00f3n presenciales en C\u00f2rdoba.\",\"datePublished\":\"2021-10-25T20:30:06+00:00\",\"dateModified\":\"2021-12-01T13:24:00+00:00\",\"mainEntityOfPage\":{\"@id\":\"https:\/\/formacionejecutiva.com.ar\/empresas\/noticias-y-novedades\/convenio-de-beneficios-exclusivos-para-asociados-de-osde\/\"},\"wordCount\":76,\"commentCount\":0,\"publisher\":{\"@id\":\"https:\/\/formacionejecutiva.com.ar\/empresas\/#organization\"},\"image\":{\"@id\":\"https:\/\/formacionejecutiva.com.ar\/empresas\/noticias-y-novedades\/convenio-de-beneficios-exclusivos-para-asociados-de-osde\/#primaryimage\"},\"thumbnailUrl\":\"https:\/\/formacionejecutiva.com.ar\/empresas\/wp-content\/uploads\/2021\/10\/WhatsApp-Image-2021-10-26-at-10.17.11-1-e1638365030596.jpg\",\"articleSection\":[\"Noticias y Novedades\"],\"inLanguage\":\"es\",\"potentialAction\":[{\"@type\":\"CommentAction\",\"name\":\"Comment\",\"target\":[\"https:\/\/formacionejecutiva.com.ar\/empresas\/noticias-y-novedades\/convenio-de-beneficios-exclusivos-para-asociados-de-osde\/#respond\"]}]},{\"@type\":\"WebPage\",\"@id\":\"https:\/\/formacionejecutiva.com.ar\/empresas\/noticias-y-novedades\/convenio-de-beneficios-exclusivos-para-asociados-de-osde\/\",\"url\":\"https:\/\/formacionejecutiva.com.ar\/empresas\/noticias-y-novedades\/convenio-de-beneficios-exclusivos-para-asociados-de-osde\/\",\"name\":\"Realizamos las jornadas de capacitaci\u00f3n en Mediaci\u00f3n presenciales en C\u00f2rdoba. - Formaci\u00f3n Ejecutiva\",\"isPartOf\":{\"@id\":\"https:\/\/formacionejecutiva.com.ar\/empresas\/#website\"},\"primaryImageOfPage\":{\"@id\":\"https:\/\/formacionejecutiva.com.ar\/empresas\/noticias-y-novedades\/convenio-de-beneficios-exclusivos-para-asociados-de-osde\/#primaryimage\"},\"image\":{\"@id\":\"https:\/\/formacionejecutiva.com.ar\/empresas\/noticias-y-novedades\/convenio-de-beneficios-exclusivos-para-asociados-de-osde\/#primaryimage\"},\"thumbnailUrl\":\"https:\/\/formacionejecutiva.com.ar\/empresas\/wp-content\/uploads\/2021\/10\/WhatsApp-Image-2021-10-26-at-10.17.11-1-e1638365030596.jpg\",\"datePublished\":\"2021-10-25T20:30:06+00:00\",\"dateModified\":\"2021-12-01T13:24:00+00:00\",\"breadcrumb\":{\"@id\":\"https:\/\/formacionejecutiva.com.ar\/empresas\/noticias-y-novedades\/convenio-de-beneficios-exclusivos-para-asociados-de-osde\/#breadcrumb\"},\"inLanguage\":\"es\",\"potentialAction\":[{\"@type\":\"ReadAction\",\"target\":[\"https:\/\/formacionejecutiva.com.ar\/empresas\/noticias-y-novedades\/convenio-de-beneficios-exclusivos-para-asociados-de-osde\/\"]}]},{\"@type\":\"ImageObject\",\"inLanguage\":\"es\",\"@id\":\"https:\/\/formacionejecutiva.com.ar\/empresas\/noticias-y-novedades\/convenio-de-beneficios-exclusivos-para-asociados-de-osde\/#primaryimage\",\"url\":\"https:\/\/formacionejecutiva.com.ar\/empresas\/wp-content\/uploads\/2021\/10\/WhatsApp-Image-2021-10-26-at-10.17.11-1-e1638365030596.jpg\",\"contentUrl\":\"https:\/\/formacionejecutiva.com.ar\/empresas\/wp-content\/uploads\/2021\/10\/WhatsApp-Image-2021-10-26-at-10.17.11-1-e1638365030596.jpg\",\"width\":1200,\"height\":992},{\"@type\":\"BreadcrumbList\",\"@id\":\"https:\/\/formacionejecutiva.com.ar\/empresas\/noticias-y-novedades\/convenio-de-beneficios-exclusivos-para-asociados-de-osde\/#breadcrumb\",\"itemListElement\":[{\"@type\":\"ListItem\",\"position\":1,\"name\":\"Portada\",\"item\":\"https:\/\/formacionejecutiva.com.ar\/empresas\/\"},{\"@type\":\"ListItem\",\"position\":2,\"name\":\"Realizamos las jornadas de capacitaci\u00f3n en Mediaci\u00f3n presenciales en C\u00f2rdoba.\"}]},{\"@type\":\"WebSite\",\"@id\":\"https:\/\/formacionejecutiva.com.ar\/empresas\/#website\",\"url\":\"https:\/\/formacionejecutiva.com.ar\/empresas\/\",\"name\":\"Formaci\u00f3n Ejecutiva\",\"description\":\"Educaci\u00f3n para profesionales\",\"publisher\":{\"@id\":\"https:\/\/formacionejecutiva.com.ar\/empresas\/#organization\"},\"potentialAction\":[{\"@type\":\"SearchAction\",\"target\":{\"@type\":\"EntryPoint\",\"urlTemplate\":\"https:\/\/formacionejecutiva.com.ar\/empresas\/?s={search_term_string}\"},\"query-input\":{\"@type\":\"PropertyValueSpecification\",\"valueRequired\":true,\"valueName\":\"search_term_string\"}}],\"inLanguage\":\"es\"},{\"@type\":\"Organization\",\"@id\":\"https:\/\/formacionejecutiva.com.ar\/empresas\/#organization\",\"name\":\"Formaci\u00f3n Ejecutiva\",\"url\":\"https:\/\/formacionejecutiva.com.ar\/empresas\/\",\"logo\":{\"@type\":\"ImageObject\",\"inLanguage\":\"es\",\"@id\":\"https:\/\/formacionejecutiva.com.ar\/empresas\/#\/schema\/logo\/image\/\",\"url\":\"https:\/\/formacionejecutiva.com.ar\/empresas\/wp-content\/uploads\/2018\/12\/cropped-logo-empresas.png\",\"contentUrl\":\"https:\/\/formacionejecutiva.com.ar\/empresas\/wp-content\/uploads\/2018\/12\/cropped-logo-empresas.png\",\"width\":255,\"height\":85,\"caption\":\"Formaci\u00f3n Ejecutiva\"},\"image\":{\"@id\":\"https:\/\/formacionejecutiva.com.ar\/empresas\/#\/schema\/logo\/image\/\"}},{\"@type\":\"Person\",\"@id\":\"https:\/\/formacionejecutiva.com.ar\/empresas\/#\/schema\/person\/222d86c959c3db84eda961c48a5f2cb9\",\"name\":\"Daniel\",\"image\":{\"@type\":\"ImageObject\",\"inLanguage\":\"es\",\"@id\":\"https:\/\/formacionejecutiva.com.ar\/empresas\/#\/schema\/person\/image\/\",\"url\":\"https:\/\/secure.gravatar.com\/avatar\/f59506f69051255e04c867db012d50fc?s=96&d=mm&r=g\",\"contentUrl\":\"https:\/\/secure.gravatar.com\/avatar\/f59506f69051255e04c867db012d50fc?s=96&d=mm&r=g\",\"caption\":\"Daniel\"},\"url\":\"https:\/\/formacionejecutiva.com.ar\/empresas\/author\/daniel\/\"}]}<\/script>\n<!-- \/ Yoast SEO plugin. -->","yoast_head_json":{"title":"Realizamos las jornadas de capacitaci\u00f3n en Mediaci\u00f3n presenciales en C\u00f2rdoba. - Formaci\u00f3n Ejecutiva","robots":{"index":"index","follow":"follow","max-snippet":"max-snippet:-1","max-image-preview":"max-image-preview:large","max-video-preview":"max-video-preview:-1"},"canonical":"https:\/\/formacionejecutiva.com.ar\/empresas\/noticias-y-novedades\/convenio-de-beneficios-exclusivos-para-asociados-de-osde\/","og_locale":"es_ES","og_type":"article","og_title":"Realizamos las jornadas de capacitaci\u00f3n en Mediaci\u00f3n presenciales en C\u00f2rdoba. - Formaci\u00f3n Ejecutiva","og_description":"Realizamos las jornadas de capacitaci\u00f3n en Mediaci\u00f3n presenciales en C\u00f2rdoba. Las mismas se llevaron a cabo en la sala de conferencias del Gran Victoria. En C\u00f3rdoba Capital del 18 al 29 de Octubre. Agradecemos la participaci\u00f3n de todos los profesionales de la Mediaci\u00f3n que asistieron al evento y les compartimos las fotos, extractos de las [&hellip;]","og_url":"https:\/\/formacionejecutiva.com.ar\/empresas\/noticias-y-novedades\/convenio-de-beneficios-exclusivos-para-asociados-de-osde\/","og_site_name":"Formaci\u00f3n Ejecutiva","article_published_time":"2021-10-25T20:30:06+00:00","article_modified_time":"2021-12-01T13:24:00+00:00","og_image":[{"width":1200,"height":992,"url":"https:\/\/formacionejecutiva.com.ar\/empresas\/wp-content\/uploads\/2021\/10\/WhatsApp-Image-2021-10-26-at-10.17.11-1-e1638365030596.jpg","type":"image\/jpeg"}],"author":"Daniel","twitter_card":"summary_large_image","twitter_misc":{"Escrito por":"Daniel","Tiempo de lectura":"2 minutos"},"schema":{"@context":"https:\/\/schema.org","@graph":[{"@type":"Article","@id":"https:\/\/formacionejecutiva.com.ar\/empresas\/noticias-y-novedades\/convenio-de-beneficios-exclusivos-para-asociados-de-osde\/#article","isPartOf":{"@id":"https:\/\/formacionejecutiva.com.ar\/empresas\/noticias-y-novedades\/convenio-de-beneficios-exclusivos-para-asociados-de-osde\/"},"author":{"name":"Daniel","@id":"https:\/\/formacionejecutiva.com.ar\/empresas\/#\/schema\/person\/222d86c959c3db84eda961c48a5f2cb9"},"headline":"Realizamos las jornadas de capacitaci\u00f3n en Mediaci\u00f3n presenciales en C\u00f2rdoba.","datePublished":"2021-10-25T20:30:06+00:00","dateModified":"2021-12-01T13:24:00+00:00","mainEntityOfPage":{"@id":"https:\/\/formacionejecutiva.com.ar\/empresas\/noticias-y-novedades\/convenio-de-beneficios-exclusivos-para-asociados-de-osde\/"},"wordCount":76,"commentCount":0,"publisher":{"@id":"https:\/\/formacionejecutiva.com.ar\/empresas\/#organization"},"image":{"@id":"https:\/\/formacionejecutiva.com.ar\/empresas\/noticias-y-novedades\/convenio-de-beneficios-exclusivos-para-asociados-de-osde\/#primaryimage"},"thumbnailUrl":"https:\/\/formacionejecutiva.com.ar\/empresas\/wp-content\/uploads\/2021\/10\/WhatsApp-Image-2021-10-26-at-10.17.11-1-e1638365030596.jpg","articleSection":["Noticias y Novedades"],"inLanguage":"es","potentialAction":[{"@type":"CommentAction","name":"Comment","target":["https:\/\/formacionejecutiva.com.ar\/empresas\/noticias-y-novedades\/convenio-de-beneficios-exclusivos-para-asociados-de-osde\/#respond"]}]},{"@type":"WebPage","@id":"https:\/\/formacionejecutiva.com.ar\/empresas\/noticias-y-novedades\/convenio-de-beneficios-exclusivos-para-asociados-de-osde\/","url":"https:\/\/formacionejecutiva.com.ar\/empresas\/noticias-y-novedades\/convenio-de-beneficios-exclusivos-para-asociados-de-osde\/","name":"Realizamos las jornadas de capacitaci\u00f3n en Mediaci\u00f3n presenciales en C\u00f2rdoba. - Formaci\u00f3n Ejecutiva","isPartOf":{"@id":"https:\/\/formacionejecutiva.com.ar\/empresas\/#website"},"primaryImageOfPage":{"@id":"https:\/\/formacionejecutiva.com.ar\/empresas\/noticias-y-novedades\/convenio-de-beneficios-exclusivos-para-asociados-de-osde\/#primaryimage"},"image":{"@id":"https:\/\/formacionejecutiva.com.ar\/empresas\/noticias-y-novedades\/convenio-de-beneficios-exclusivos-para-asociados-de-osde\/#primaryimage"},"thumbnailUrl":"https:\/\/formacionejecutiva.com.ar\/empresas\/wp-content\/uploads\/2021\/10\/WhatsApp-Image-2021-10-26-at-10.17.11-1-e1638365030596.jpg","datePublished":"2021-10-25T20:30:06+00:00","dateModified":"2021-12-01T13:24:00+00:00","breadcrumb":{"@id":"https:\/\/formacionejecutiva.com.ar\/empresas\/noticias-y-novedades\/convenio-de-beneficios-exclusivos-para-asociados-de-osde\/#breadcrumb"},"inLanguage":"es","potentialAction":[{"@type":"ReadAction","target":["https:\/\/formacionejecutiva.com.ar\/empresas\/noticias-y-novedades\/convenio-de-beneficios-exclusivos-para-asociados-de-osde\/"]}]},{"@type":"ImageObject","inLanguage":"es","@id":"https:\/\/formacionejecutiva.com.ar\/empresas\/noticias-y-novedades\/convenio-de-beneficios-exclusivos-para-asociados-de-osde\/#primaryimage","url":"https:\/\/formacionejecutiva.com.ar\/empresas\/wp-content\/uploads\/2021\/10\/WhatsApp-Image-2021-10-26-at-10.17.11-1-e1638365030596.jpg","contentUrl":"https:\/\/formacionejecutiva.com.ar\/empresas\/wp-content\/uploads\/2021\/10\/WhatsApp-Image-2021-10-26-at-10.17.11-1-e1638365030596.jpg","width":1200,"height":992},{"@type":"BreadcrumbList","@id":"https:\/\/formacionejecutiva.com.ar\/empresas\/noticias-y-novedades\/convenio-de-beneficios-exclusivos-para-asociados-de-osde\/#breadcrumb","itemListElement":[{"@type":"ListItem","position":1,"name":"Portada","item":"https:\/\/formacionejecutiva.com.ar\/empresas\/"},{"@type":"ListItem","position":2,"name":"Realizamos las jornadas de capacitaci\u00f3n en Mediaci\u00f3n presenciales en C\u00f2rdoba."}]},{"@type":"WebSite","@id":"https:\/\/formacionejecutiva.com.ar\/empresas\/#website","url":"https:\/\/formacionejecutiva.com.ar\/empresas\/","name":"Formaci\u00f3n Ejecutiva","description":"Educaci\u00f3n para profesionales","publisher":{"@id":"https:\/\/formacionejecutiva.com.ar\/empresas\/#organization"},"potentialAction":[{"@type":"SearchAction","target":{"@type":"EntryPoint","urlTemplate":"https:\/\/formacionejecutiva.com.ar\/empresas\/?s={search_term_string}"},"query-input":{"@type":"PropertyValueSpecification","valueRequired":true,"valueName":"search_term_string"}}],"inLanguage":"es"},{"@type":"Organization","@id":"https:\/\/formacionejecutiva.com.ar\/empresas\/#organization","name":"Formaci\u00f3n Ejecutiva","url":"https:\/\/formacionejecutiva.com.ar\/empresas\/","logo":{"@type":"ImageObject","inLanguage":"es","@id":"https:\/\/formacionejecutiva.com.ar\/empresas\/#\/schema\/logo\/image\/","url":"https:\/\/formacionejecutiva.com.ar\/empresas\/wp-content\/uploads\/2018\/12\/cropped-logo-empresas.png","contentUrl":"https:\/\/formacionejecutiva.com.ar\/empresas\/wp-content\/uploads\/2018\/12\/cropped-logo-empresas.png","width":255,"height":85,"caption":"Formaci\u00f3n Ejecutiva"},"image":{"@id":"https:\/\/formacionejecutiva.com.ar\/empresas\/#\/schema\/logo\/image\/"}},{"@type":"Person","@id":"https:\/\/formacionejecutiva.com.ar\/empresas\/#\/schema\/person\/222d86c959c3db84eda961c48a5f2cb9","name":"Daniel","image":{"@type":"ImageObject","inLanguage":"es","@id":"https:\/\/formacionejecutiva.com.ar\/empresas\/#\/schema\/person\/image\/","url":"https:\/\/secure.gravatar.com\/avatar\/f59506f69051255e04c867db012d50fc?s=96&d=mm&r=g","contentUrl":"https:\/\/secure.gravatar.com\/avatar\/f59506f69051255e04c867db012d50fc?s=96&d=mm&r=g","caption":"Daniel"},"url":"https:\/\/formacionejecutiva.com.ar\/empresas\/author\/daniel\/"}]}},"_links":{"self":[{"href":"https:\/\/formacionejecutiva.com.ar\/empresas\/wp-json\/wp\/v2\/posts\/2166","targetHints":{"allow":["GET"]}}],"collection":[{"href":"https:\/\/formacionejecutiva.com.ar\/empresas\/wp-json\/wp\/v2\/posts"}],"about":[{"href":"https:\/\/formacionejecutiva.com.ar\/empresas\/wp-json\/wp\/v2\/types\/post"}],"author":[{"embeddable":true,"href":"https:\/\/formacionejecutiva.com.ar\/empresas\/wp-json\/wp\/v2\/users\/3"}],"replies":[{"embeddable":true,"href":"https:\/\/formacionejecutiva.com.ar\/empresas\/wp-json\/wp\/v2\/comments?post=2166"}],"version-history":[{"count":3,"href":"https:\/\/formacionejecutiva.com.ar\/empresas\/wp-json\/wp\/v2\/posts\/2166\/revisions"}],"predecessor-version":[{"id":2179,"href":"https:\/\/formacionejecutiva.com.ar\/empresas\/wp-json\/wp\/v2\/posts\/2166\/revisions\/2179"}],"wp:featuredmedia":[{"embeddable":true,"href":"https:\/\/formacionejecutiva.com.ar\/empresas\/wp-json\/wp\/v2\/media\/2178"}],"wp:attachment":[{"href":"https:\/\/formacionejecutiva.com.ar\/empresas\/wp-json\/wp\/v2\/media?parent=2166"}],"wp:term":[{"taxonomy":"category","embeddable":true,"href":"https:\/\/formacionejecutiva.com.ar\/empresas\/wp-json\/wp\/v2\/categories?post=2166"},{"taxonomy":"post_tag","embeddable":true,"href":"https:\/\/formacionejecutiva.com.ar\/empresas\/wp-json\/wp\/v2\/tags?post=2166"}],"curies":[{"name":"wp","href":"https:\/\/api.w.org\/{rel}","templated":true}]}}