{"id":2181,"date":"2022-01-11T20:47:07","date_gmt":"2022-01-11T20:47:07","guid":{"rendered":"https:\/\/formacionejecutiva.com.ar\/empresas\/?p=2181"},"modified":"2022-01-11T20:47:48","modified_gmt":"2022-01-11T20:47:48","slug":"febrero-tierra-de-fuego-mediacion-negociacion-y-tecnicas-de-resolucion-de-conflictos-y-coaching-ontologico-y-organizacional","status":"publish","type":"post","link":"https:\/\/formacionejecutiva.com.ar\/empresas\/noticias-y-novedades\/febrero-tierra-de-fuego-mediacion-negociacion-y-tecnicas-de-resolucion-de-conflictos-y-coaching-ontologico-y-organizacional\/","title":{"rendered":"<b>FEBRERO &#8211; Tierra de Fuego: Mediaci\u00f3n , Negociaci\u00f3n y T\u00e9cnicas de Resoluci\u00f3n de conflictos y Coaching Ontol\u00f3gico y Organizacional.<\/b>"},"content":{"rendered":"<p><img decoding=\"async\" class=\"alignnone wp-image-1519\" src=\"https:\/\/aami.org.ar\/wp-content\/uploads\/2019\/01\/logo-aami-1-300x89.jpg\" alt=\"\" width=\"209\" height=\"62\" \/>\u00a0 \u00a0 \u00a0<img decoding=\"async\" class=\"alignnone wp-image-2337\" src=\"https:\/\/aami.org.ar\/wp-content\/uploads\/2020\/06\/5.jpg\" alt=\"\" width=\"193\" height=\"193\" \/><\/p>\n<p><span style=\"font-weight: 400;\">En Febrero viajamos a capacitar en Mediaci\u00f3n , Negociaci\u00f3n y T\u00e9cnicas de Resoluci\u00f3n de conflictos y Coaching Ontol\u00f3gico y Organizacional\u00a0 a Tierra de Fuego. Ushuahia. Con el patrocino de la ICF ( International Coach Federation, AAMI Asociaci\u00f3n Argentina de Mediaci\u00f3n Interdisciplinaria y la homologaci\u00f3n de los programas de la Direccion Nacional de M\u00e9todos Participativos de Resoluci\u00f3n de Conflictos del Ministerio De Justicia y Derechos Humanos de la Naci\u00f3n.<\/span><\/p>\n<p><iframe src=\"https:\/\/drive.google.com\/file\/d\/11-PMy6cBF-5LTjv17yLbpyviHu9Xzcxh\/preview\" width=\"640\" height=\"480\" data-mce-fragment=\"1\"><\/iframe><\/p>\n","protected":false},"excerpt":{"rendered":"<p>\u00a0 \u00a0 \u00a0 En Febrero viajamos a capacitar en Mediaci\u00f3n , Negociaci\u00f3n y T\u00e9cnicas de Resoluci\u00f3n de conflictos y Coaching Ontol\u00f3gico y Organizacional\u00a0 a Tierra de Fuego. Ushuahia. Con el patrocino de la ICF ( International Coach Federation, AAMI Asociaci\u00f3n Argentina de Mediaci\u00f3n Interdisciplinaria y la homologaci\u00f3n de los programas de la Direccion Nacional de [&hellip;]<\/p>\n","protected":false},"author":3,"featured_media":2226,"comment_status":"open","ping_status":"open","sticky":false,"template":"","format":"standard","meta":{"site-sidebar-layout":"default","site-content-layout":"default","ast-site-content-layout":"","site-content-style":"default","site-sidebar-style":"default","ast-global-header-display":"","ast-banner-title-visibility":"","ast-main-header-display":"","ast-hfb-above-header-display":"","ast-hfb-below-header-display":"","ast-hfb-mobile-header-display":"","site-post-title":"","ast-breadcrumbs-content":"","ast-featured-img":"","footer-sml-layout":"","theme-transparent-header-meta":"default","adv-header-id-meta":"","stick-header-meta":"","header-above-stick-meta":"","header-main-stick-meta":"","header-below-stick-meta":"","astra-migrate-meta-layouts":"default","ast-page-background-enabled":"default","ast-page-background-meta":{"desktop":{"background-color":"","background-image":"","background-repeat":"repeat","background-position":"center center","background-size":"auto","background-attachment":"scroll","background-type":"","background-media":"","overlay-type":"","overlay-color":"","overlay-opacity":"","overlay-gradient":""},"tablet":{"background-color":"","background-image":"","background-repeat":"repeat","background-position":"center center","background-size":"auto","background-attachment":"scroll","background-type":"","background-media":"","overlay-type":"","overlay-color":"","overlay-opacity":"","overlay-gradient":""},"mobile":{"background-color":"","background-image":"","background-repeat":"repeat","background-position":"center center","background-size":"auto","background-attachment":"scroll","background-type":"","background-media":"","overlay-type":"","overlay-color":"","overlay-opacity":"","overlay-gradient":""}},"ast-content-background-meta":{"desktop":{"background-color":"var(--ast-global-color-5)","background-image":"","background-repeat":"repeat","background-position":"center center","background-size":"auto","background-attachment":"scroll","background-type":"","background-media":"","overlay-type":"","overlay-color":"","overlay-opacity":"","overlay-gradient":""},"tablet":{"background-color":"var(--ast-global-color-5)","background-image":"","background-repeat":"repeat","background-position":"center center","background-size":"auto","background-attachment":"scroll","background-type":"","background-media":"","overlay-type":"","overlay-color":"","overlay-opacity":"","overlay-gradient":""},"mobile":{"background-color":"var(--ast-global-color-5)","background-image":"","background-repeat":"repeat","background-position":"center center","background-size":"auto","background-attachment":"scroll","background-type":"","background-media":"","overlay-type":"","overlay-color":"","overlay-opacity":"","overlay-gradient":""}},"_joinchat":[],"footnotes":""},"categories":[5],"tags":[],"class_list":["post-2181","post","type-post","status-publish","format-standard","has-post-thumbnail","hentry","category-noticias-y-novedades"],"yoast_head":"<!-- This site is optimized with the Yoast SEO plugin v23.5 - https:\/\/yoast.com\/wordpress\/plugins\/seo\/ -->\n<title>FEBRERO - Tierra de Fuego: Mediaci\u00f3n , Negociaci\u00f3n y T\u00e9cnicas de Resoluci\u00f3n de conflictos y Coaching Ontol\u00f3gico y Organizacional. - Formaci\u00f3n Ejecutiva<\/title>\n<meta name=\"robots\" content=\"index, follow, max-snippet:-1, max-image-preview:large, max-video-preview:-1\" \/>\n<link rel=\"canonical\" href=\"https:\/\/formacionejecutiva.com.ar\/empresas\/noticias-y-novedades\/febrero-tierra-de-fuego-mediacion-negociacion-y-tecnicas-de-resolucion-de-conflictos-y-coaching-ontologico-y-organizacional\/\" \/>\n<meta property=\"og:locale\" content=\"es_ES\" \/>\n<meta property=\"og:type\" content=\"article\" \/>\n<meta property=\"og:title\" content=\"FEBRERO - Tierra de Fuego: Mediaci\u00f3n , Negociaci\u00f3n y T\u00e9cnicas de Resoluci\u00f3n de conflictos y Coaching Ontol\u00f3gico y Organizacional. - Formaci\u00f3n Ejecutiva\" \/>\n<meta property=\"og:description\" content=\"\u00a0 \u00a0 \u00a0 En Febrero viajamos a capacitar en Mediaci\u00f3n , Negociaci\u00f3n y T\u00e9cnicas de Resoluci\u00f3n de conflictos y Coaching Ontol\u00f3gico y Organizacional\u00a0 a Tierra de Fuego. Ushuahia. Con el patrocino de la ICF ( International Coach Federation, AAMI Asociaci\u00f3n Argentina de Mediaci\u00f3n Interdisciplinaria y la homologaci\u00f3n de los programas de la Direccion Nacional de [&hellip;]\" \/>\n<meta property=\"og:url\" content=\"https:\/\/formacionejecutiva.com.ar\/empresas\/noticias-y-novedades\/febrero-tierra-de-fuego-mediacion-negociacion-y-tecnicas-de-resolucion-de-conflictos-y-coaching-ontologico-y-organizacional\/\" \/>\n<meta property=\"og:site_name\" content=\"Formaci\u00f3n Ejecutiva\" \/>\n<meta property=\"article:published_time\" content=\"2022-01-11T20:47:07+00:00\" \/>\n<meta property=\"article:modified_time\" content=\"2022-01-11T20:47:48+00:00\" \/>\n<meta property=\"og:image\" content=\"https:\/\/formacionejecutiva.com.ar\/empresas\/wp-content\/uploads\/2022\/01\/20211130_104527-scaled.jpg\" \/>\n\t<meta property=\"og:image:width\" content=\"1920\" \/>\n\t<meta property=\"og:image:height\" content=\"2560\" \/>\n\t<meta property=\"og:image:type\" content=\"image\/jpeg\" \/>\n<meta name=\"author\" content=\"Daniel\" \/>\n<meta name=\"twitter:card\" content=\"summary_large_image\" \/>\n<meta name=\"twitter:label1\" content=\"Escrito por\" \/>\n\t<meta name=\"twitter:data1\" content=\"Daniel\" \/>\n\t<meta name=\"twitter:label2\" content=\"Tiempo de lectura\" \/>\n\t<meta name=\"twitter:data2\" content=\"1 minuto\" \/>\n<script type=\"application\/ld+json\" class=\"yoast-schema-graph\">{\"@context\":\"https:\/\/schema.org\",\"@graph\":[{\"@type\":\"Article\",\"@id\":\"https:\/\/formacionejecutiva.com.ar\/empresas\/noticias-y-novedades\/febrero-tierra-de-fuego-mediacion-negociacion-y-tecnicas-de-resolucion-de-conflictos-y-coaching-ontologico-y-organizacional\/#article\",\"isPartOf\":{\"@id\":\"https:\/\/formacionejecutiva.com.ar\/empresas\/noticias-y-novedades\/febrero-tierra-de-fuego-mediacion-negociacion-y-tecnicas-de-resolucion-de-conflictos-y-coaching-ontologico-y-organizacional\/\"},\"author\":{\"name\":\"Daniel\",\"@id\":\"https:\/\/formacionejecutiva.com.ar\/empresas\/#\/schema\/person\/222d86c959c3db84eda961c48a5f2cb9\"},\"headline\":\"FEBRERO &#8211; Tierra de Fuego: Mediaci\u00f3n , Negociaci\u00f3n y T\u00e9cnicas de Resoluci\u00f3n de conflictos y Coaching Ontol\u00f3gico y Organizacional.\",\"datePublished\":\"2022-01-11T20:47:07+00:00\",\"dateModified\":\"2022-01-11T20:47:48+00:00\",\"mainEntityOfPage\":{\"@id\":\"https:\/\/formacionejecutiva.com.ar\/empresas\/noticias-y-novedades\/febrero-tierra-de-fuego-mediacion-negociacion-y-tecnicas-de-resolucion-de-conflictos-y-coaching-ontologico-y-organizacional\/\"},\"wordCount\":100,\"commentCount\":0,\"publisher\":{\"@id\":\"https:\/\/formacionejecutiva.com.ar\/empresas\/#organization\"},\"image\":{\"@id\":\"https:\/\/formacionejecutiva.com.ar\/empresas\/noticias-y-novedades\/febrero-tierra-de-fuego-mediacion-negociacion-y-tecnicas-de-resolucion-de-conflictos-y-coaching-ontologico-y-organizacional\/#primaryimage\"},\"thumbnailUrl\":\"https:\/\/formacionejecutiva.com.ar\/empresas\/wp-content\/uploads\/2022\/01\/20211130_104527-scaled.jpg\",\"articleSection\":[\"Noticias y Novedades\"],\"inLanguage\":\"es\",\"potentialAction\":[{\"@type\":\"CommentAction\",\"name\":\"Comment\",\"target\":[\"https:\/\/formacionejecutiva.com.ar\/empresas\/noticias-y-novedades\/febrero-tierra-de-fuego-mediacion-negociacion-y-tecnicas-de-resolucion-de-conflictos-y-coaching-ontologico-y-organizacional\/#respond\"]}]},{\"@type\":\"WebPage\",\"@id\":\"https:\/\/formacionejecutiva.com.ar\/empresas\/noticias-y-novedades\/febrero-tierra-de-fuego-mediacion-negociacion-y-tecnicas-de-resolucion-de-conflictos-y-coaching-ontologico-y-organizacional\/\",\"url\":\"https:\/\/formacionejecutiva.com.ar\/empresas\/noticias-y-novedades\/febrero-tierra-de-fuego-mediacion-negociacion-y-tecnicas-de-resolucion-de-conflictos-y-coaching-ontologico-y-organizacional\/\",\"name\":\"FEBRERO - Tierra de Fuego: Mediaci\u00f3n , Negociaci\u00f3n y T\u00e9cnicas de Resoluci\u00f3n de conflictos y Coaching Ontol\u00f3gico y Organizacional. - Formaci\u00f3n Ejecutiva\",\"isPartOf\":{\"@id\":\"https:\/\/formacionejecutiva.com.ar\/empresas\/#website\"},\"primaryImageOfPage\":{\"@id\":\"https:\/\/formacionejecutiva.com.ar\/empresas\/noticias-y-novedades\/febrero-tierra-de-fuego-mediacion-negociacion-y-tecnicas-de-resolucion-de-conflictos-y-coaching-ontologico-y-organizacional\/#primaryimage\"},\"image\":{\"@id\":\"https:\/\/formacionejecutiva.com.ar\/empresas\/noticias-y-novedades\/febrero-tierra-de-fuego-mediacion-negociacion-y-tecnicas-de-resolucion-de-conflictos-y-coaching-ontologico-y-organizacional\/#primaryimage\"},\"thumbnailUrl\":\"https:\/\/formacionejecutiva.com.ar\/empresas\/wp-content\/uploads\/2022\/01\/20211130_104527-scaled.jpg\",\"datePublished\":\"2022-01-11T20:47:07+00:00\",\"dateModified\":\"2022-01-11T20:47:48+00:00\",\"breadcrumb\":{\"@id\":\"https:\/\/formacionejecutiva.com.ar\/empresas\/noticias-y-novedades\/febrero-tierra-de-fuego-mediacion-negociacion-y-tecnicas-de-resolucion-de-conflictos-y-coaching-ontologico-y-organizacional\/#breadcrumb\"},\"inLanguage\":\"es\",\"potentialAction\":[{\"@type\":\"ReadAction\",\"target\":[\"https:\/\/formacionejecutiva.com.ar\/empresas\/noticias-y-novedades\/febrero-tierra-de-fuego-mediacion-negociacion-y-tecnicas-de-resolucion-de-conflictos-y-coaching-ontologico-y-organizacional\/\"]}]},{\"@type\":\"ImageObject\",\"inLanguage\":\"es\",\"@id\":\"https:\/\/formacionejecutiva.com.ar\/empresas\/noticias-y-novedades\/febrero-tierra-de-fuego-mediacion-negociacion-y-tecnicas-de-resolucion-de-conflictos-y-coaching-ontologico-y-organizacional\/#primaryimage\",\"url\":\"https:\/\/formacionejecutiva.com.ar\/empresas\/wp-content\/uploads\/2022\/01\/20211130_104527-scaled.jpg\",\"contentUrl\":\"https:\/\/formacionejecutiva.com.ar\/empresas\/wp-content\/uploads\/2022\/01\/20211130_104527-scaled.jpg\",\"width\":1920,\"height\":2560},{\"@type\":\"BreadcrumbList\",\"@id\":\"https:\/\/formacionejecutiva.com.ar\/empresas\/noticias-y-novedades\/febrero-tierra-de-fuego-mediacion-negociacion-y-tecnicas-de-resolucion-de-conflictos-y-coaching-ontologico-y-organizacional\/#breadcrumb\",\"itemListElement\":[{\"@type\":\"ListItem\",\"position\":1,\"name\":\"Portada\",\"item\":\"https:\/\/formacionejecutiva.com.ar\/empresas\/\"},{\"@type\":\"ListItem\",\"position\":2,\"name\":\"FEBRERO &#8211; Tierra de Fuego: Mediaci\u00f3n , Negociaci\u00f3n y T\u00e9cnicas de Resoluci\u00f3n de conflictos y Coaching Ontol\u00f3gico y Organizacional.\"}]},{\"@type\":\"WebSite\",\"@id\":\"https:\/\/formacionejecutiva.com.ar\/empresas\/#website\",\"url\":\"https:\/\/formacionejecutiva.com.ar\/empresas\/\",\"name\":\"Formaci\u00f3n Ejecutiva\",\"description\":\"Educaci\u00f3n para profesionales\",\"publisher\":{\"@id\":\"https:\/\/formacionejecutiva.com.ar\/empresas\/#organization\"},\"potentialAction\":[{\"@type\":\"SearchAction\",\"target\":{\"@type\":\"EntryPoint\",\"urlTemplate\":\"https:\/\/formacionejecutiva.com.ar\/empresas\/?s={search_term_string}\"},\"query-input\":{\"@type\":\"PropertyValueSpecification\",\"valueRequired\":true,\"valueName\":\"search_term_string\"}}],\"inLanguage\":\"es\"},{\"@type\":\"Organization\",\"@id\":\"https:\/\/formacionejecutiva.com.ar\/empresas\/#organization\",\"name\":\"Formaci\u00f3n Ejecutiva\",\"url\":\"https:\/\/formacionejecutiva.com.ar\/empresas\/\",\"logo\":{\"@type\":\"ImageObject\",\"inLanguage\":\"es\",\"@id\":\"https:\/\/formacionejecutiva.com.ar\/empresas\/#\/schema\/logo\/image\/\",\"url\":\"https:\/\/formacionejecutiva.com.ar\/empresas\/wp-content\/uploads\/2018\/12\/cropped-logo-empresas.png\",\"contentUrl\":\"https:\/\/formacionejecutiva.com.ar\/empresas\/wp-content\/uploads\/2018\/12\/cropped-logo-empresas.png\",\"width\":255,\"height\":85,\"caption\":\"Formaci\u00f3n Ejecutiva\"},\"image\":{\"@id\":\"https:\/\/formacionejecutiva.com.ar\/empresas\/#\/schema\/logo\/image\/\"}},{\"@type\":\"Person\",\"@id\":\"https:\/\/formacionejecutiva.com.ar\/empresas\/#\/schema\/person\/222d86c959c3db84eda961c48a5f2cb9\",\"name\":\"Daniel\",\"image\":{\"@type\":\"ImageObject\",\"inLanguage\":\"es\",\"@id\":\"https:\/\/formacionejecutiva.com.ar\/empresas\/#\/schema\/person\/image\/\",\"url\":\"https:\/\/secure.gravatar.com\/avatar\/f59506f69051255e04c867db012d50fc?s=96&d=mm&r=g\",\"contentUrl\":\"https:\/\/secure.gravatar.com\/avatar\/f59506f69051255e04c867db012d50fc?s=96&d=mm&r=g\",\"caption\":\"Daniel\"},\"url\":\"https:\/\/formacionejecutiva.com.ar\/empresas\/author\/daniel\/\"}]}<\/script>\n<!-- \/ Yoast SEO plugin. -->","yoast_head_json":{"title":"FEBRERO - Tierra de Fuego: Mediaci\u00f3n , Negociaci\u00f3n y T\u00e9cnicas de Resoluci\u00f3n de conflictos y Coaching Ontol\u00f3gico y Organizacional. - Formaci\u00f3n Ejecutiva","robots":{"index":"index","follow":"follow","max-snippet":"max-snippet:-1","max-image-preview":"max-image-preview:large","max-video-preview":"max-video-preview:-1"},"canonical":"https:\/\/formacionejecutiva.com.ar\/empresas\/noticias-y-novedades\/febrero-tierra-de-fuego-mediacion-negociacion-y-tecnicas-de-resolucion-de-conflictos-y-coaching-ontologico-y-organizacional\/","og_locale":"es_ES","og_type":"article","og_title":"FEBRERO - Tierra de Fuego: Mediaci\u00f3n , Negociaci\u00f3n y T\u00e9cnicas de Resoluci\u00f3n de conflictos y Coaching Ontol\u00f3gico y Organizacional. - Formaci\u00f3n Ejecutiva","og_description":"\u00a0 \u00a0 \u00a0 En Febrero viajamos a capacitar en Mediaci\u00f3n , Negociaci\u00f3n y T\u00e9cnicas de Resoluci\u00f3n de conflictos y Coaching Ontol\u00f3gico y Organizacional\u00a0 a Tierra de Fuego. Ushuahia. Con el patrocino de la ICF ( International Coach Federation, AAMI Asociaci\u00f3n Argentina de Mediaci\u00f3n Interdisciplinaria y la homologaci\u00f3n de los programas de la Direccion Nacional de [&hellip;]","og_url":"https:\/\/formacionejecutiva.com.ar\/empresas\/noticias-y-novedades\/febrero-tierra-de-fuego-mediacion-negociacion-y-tecnicas-de-resolucion-de-conflictos-y-coaching-ontologico-y-organizacional\/","og_site_name":"Formaci\u00f3n Ejecutiva","article_published_time":"2022-01-11T20:47:07+00:00","article_modified_time":"2022-01-11T20:47:48+00:00","og_image":[{"width":1920,"height":2560,"url":"https:\/\/formacionejecutiva.com.ar\/empresas\/wp-content\/uploads\/2022\/01\/20211130_104527-scaled.jpg","type":"image\/jpeg"}],"author":"Daniel","twitter_card":"summary_large_image","twitter_misc":{"Escrito por":"Daniel","Tiempo de lectura":"1 minuto"},"schema":{"@context":"https:\/\/schema.org","@graph":[{"@type":"Article","@id":"https:\/\/formacionejecutiva.com.ar\/empresas\/noticias-y-novedades\/febrero-tierra-de-fuego-mediacion-negociacion-y-tecnicas-de-resolucion-de-conflictos-y-coaching-ontologico-y-organizacional\/#article","isPartOf":{"@id":"https:\/\/formacionejecutiva.com.ar\/empresas\/noticias-y-novedades\/febrero-tierra-de-fuego-mediacion-negociacion-y-tecnicas-de-resolucion-de-conflictos-y-coaching-ontologico-y-organizacional\/"},"author":{"name":"Daniel","@id":"https:\/\/formacionejecutiva.com.ar\/empresas\/#\/schema\/person\/222d86c959c3db84eda961c48a5f2cb9"},"headline":"FEBRERO &#8211; Tierra de Fuego: Mediaci\u00f3n , Negociaci\u00f3n y T\u00e9cnicas de Resoluci\u00f3n de conflictos y Coaching Ontol\u00f3gico y Organizacional.","datePublished":"2022-01-11T20:47:07+00:00","dateModified":"2022-01-11T20:47:48+00:00","mainEntityOfPage":{"@id":"https:\/\/formacionejecutiva.com.ar\/empresas\/noticias-y-novedades\/febrero-tierra-de-fuego-mediacion-negociacion-y-tecnicas-de-resolucion-de-conflictos-y-coaching-ontologico-y-organizacional\/"},"wordCount":100,"commentCount":0,"publisher":{"@id":"https:\/\/formacionejecutiva.com.ar\/empresas\/#organization"},"image":{"@id":"https:\/\/formacionejecutiva.com.ar\/empresas\/noticias-y-novedades\/febrero-tierra-de-fuego-mediacion-negociacion-y-tecnicas-de-resolucion-de-conflictos-y-coaching-ontologico-y-organizacional\/#primaryimage"},"thumbnailUrl":"https:\/\/formacionejecutiva.com.ar\/empresas\/wp-content\/uploads\/2022\/01\/20211130_104527-scaled.jpg","articleSection":["Noticias y Novedades"],"inLanguage":"es","potentialAction":[{"@type":"CommentAction","name":"Comment","target":["https:\/\/formacionejecutiva.com.ar\/empresas\/noticias-y-novedades\/febrero-tierra-de-fuego-mediacion-negociacion-y-tecnicas-de-resolucion-de-conflictos-y-coaching-ontologico-y-organizacional\/#respond"]}]},{"@type":"WebPage","@id":"https:\/\/formacionejecutiva.com.ar\/empresas\/noticias-y-novedades\/febrero-tierra-de-fuego-mediacion-negociacion-y-tecnicas-de-resolucion-de-conflictos-y-coaching-ontologico-y-organizacional\/","url":"https:\/\/formacionejecutiva.com.ar\/empresas\/noticias-y-novedades\/febrero-tierra-de-fuego-mediacion-negociacion-y-tecnicas-de-resolucion-de-conflictos-y-coaching-ontologico-y-organizacional\/","name":"FEBRERO - Tierra de Fuego: Mediaci\u00f3n , Negociaci\u00f3n y T\u00e9cnicas de Resoluci\u00f3n de conflictos y Coaching Ontol\u00f3gico y Organizacional. - Formaci\u00f3n Ejecutiva","isPartOf":{"@id":"https:\/\/formacionejecutiva.com.ar\/empresas\/#website"},"primaryImageOfPage":{"@id":"https:\/\/formacionejecutiva.com.ar\/empresas\/noticias-y-novedades\/febrero-tierra-de-fuego-mediacion-negociacion-y-tecnicas-de-resolucion-de-conflictos-y-coaching-ontologico-y-organizacional\/#primaryimage"},"image":{"@id":"https:\/\/formacionejecutiva.com.ar\/empresas\/noticias-y-novedades\/febrero-tierra-de-fuego-mediacion-negociacion-y-tecnicas-de-resolucion-de-conflictos-y-coaching-ontologico-y-organizacional\/#primaryimage"},"thumbnailUrl":"https:\/\/formacionejecutiva.com.ar\/empresas\/wp-content\/uploads\/2022\/01\/20211130_104527-scaled.jpg","datePublished":"2022-01-11T20:47:07+00:00","dateModified":"2022-01-11T20:47:48+00:00","breadcrumb":{"@id":"https:\/\/formacionejecutiva.com.ar\/empresas\/noticias-y-novedades\/febrero-tierra-de-fuego-mediacion-negociacion-y-tecnicas-de-resolucion-de-conflictos-y-coaching-ontologico-y-organizacional\/#breadcrumb"},"inLanguage":"es","potentialAction":[{"@type":"ReadAction","target":["https:\/\/formacionejecutiva.com.ar\/empresas\/noticias-y-novedades\/febrero-tierra-de-fuego-mediacion-negociacion-y-tecnicas-de-resolucion-de-conflictos-y-coaching-ontologico-y-organizacional\/"]}]},{"@type":"ImageObject","inLanguage":"es","@id":"https:\/\/formacionejecutiva.com.ar\/empresas\/noticias-y-novedades\/febrero-tierra-de-fuego-mediacion-negociacion-y-tecnicas-de-resolucion-de-conflictos-y-coaching-ontologico-y-organizacional\/#primaryimage","url":"https:\/\/formacionejecutiva.com.ar\/empresas\/wp-content\/uploads\/2022\/01\/20211130_104527-scaled.jpg","contentUrl":"https:\/\/formacionejecutiva.com.ar\/empresas\/wp-content\/uploads\/2022\/01\/20211130_104527-scaled.jpg","width":1920,"height":2560},{"@type":"BreadcrumbList","@id":"https:\/\/formacionejecutiva.com.ar\/empresas\/noticias-y-novedades\/febrero-tierra-de-fuego-mediacion-negociacion-y-tecnicas-de-resolucion-de-conflictos-y-coaching-ontologico-y-organizacional\/#breadcrumb","itemListElement":[{"@type":"ListItem","position":1,"name":"Portada","item":"https:\/\/formacionejecutiva.com.ar\/empresas\/"},{"@type":"ListItem","position":2,"name":"FEBRERO &#8211; Tierra de Fuego: Mediaci\u00f3n , Negociaci\u00f3n y T\u00e9cnicas de Resoluci\u00f3n de conflictos y Coaching Ontol\u00f3gico y Organizacional."}]},{"@type":"WebSite","@id":"https:\/\/formacionejecutiva.com.ar\/empresas\/#website","url":"https:\/\/formacionejecutiva.com.ar\/empresas\/","name":"Formaci\u00f3n Ejecutiva","description":"Educaci\u00f3n para profesionales","publisher":{"@id":"https:\/\/formacionejecutiva.com.ar\/empresas\/#organization"},"potentialAction":[{"@type":"SearchAction","target":{"@type":"EntryPoint","urlTemplate":"https:\/\/formacionejecutiva.com.ar\/empresas\/?s={search_term_string}"},"query-input":{"@type":"PropertyValueSpecification","valueRequired":true,"valueName":"search_term_string"}}],"inLanguage":"es"},{"@type":"Organization","@id":"https:\/\/formacionejecutiva.com.ar\/empresas\/#organization","name":"Formaci\u00f3n Ejecutiva","url":"https:\/\/formacionejecutiva.com.ar\/empresas\/","logo":{"@type":"ImageObject","inLanguage":"es","@id":"https:\/\/formacionejecutiva.com.ar\/empresas\/#\/schema\/logo\/image\/","url":"https:\/\/formacionejecutiva.com.ar\/empresas\/wp-content\/uploads\/2018\/12\/cropped-logo-empresas.png","contentUrl":"https:\/\/formacionejecutiva.com.ar\/empresas\/wp-content\/uploads\/2018\/12\/cropped-logo-empresas.png","width":255,"height":85,"caption":"Formaci\u00f3n Ejecutiva"},"image":{"@id":"https:\/\/formacionejecutiva.com.ar\/empresas\/#\/schema\/logo\/image\/"}},{"@type":"Person","@id":"https:\/\/formacionejecutiva.com.ar\/empresas\/#\/schema\/person\/222d86c959c3db84eda961c48a5f2cb9","name":"Daniel","image":{"@type":"ImageObject","inLanguage":"es","@id":"https:\/\/formacionejecutiva.com.ar\/empresas\/#\/schema\/person\/image\/","url":"https:\/\/secure.gravatar.com\/avatar\/f59506f69051255e04c867db012d50fc?s=96&d=mm&r=g","contentUrl":"https:\/\/secure.gravatar.com\/avatar\/f59506f69051255e04c867db012d50fc?s=96&d=mm&r=g","caption":"Daniel"},"url":"https:\/\/formacionejecutiva.com.ar\/empresas\/author\/daniel\/"}]}},"_links":{"self":[{"href":"https:\/\/formacionejecutiva.com.ar\/empresas\/wp-json\/wp\/v2\/posts\/2181","targetHints":{"allow":["GET"]}}],"collection":[{"href":"https:\/\/formacionejecutiva.com.ar\/empresas\/wp-json\/wp\/v2\/posts"}],"about":[{"href":"https:\/\/formacionejecutiva.com.ar\/empresas\/wp-json\/wp\/v2\/types\/post"}],"author":[{"embeddable":true,"href":"https:\/\/formacionejecutiva.com.ar\/empresas\/wp-json\/wp\/v2\/users\/3"}],"replies":[{"embeddable":true,"href":"https:\/\/formacionejecutiva.com.ar\/empresas\/wp-json\/wp\/v2\/comments?post=2181"}],"version-history":[{"count":1,"href":"https:\/\/formacionejecutiva.com.ar\/empresas\/wp-json\/wp\/v2\/posts\/2181\/revisions"}],"predecessor-version":[{"id":2238,"href":"https:\/\/formacionejecutiva.com.ar\/empresas\/wp-json\/wp\/v2\/posts\/2181\/revisions\/2238"}],"wp:featuredmedia":[{"embeddable":true,"href":"https:\/\/formacionejecutiva.com.ar\/empresas\/wp-json\/wp\/v2\/media\/2226"}],"wp:attachment":[{"href":"https:\/\/formacionejecutiva.com.ar\/empresas\/wp-json\/wp\/v2\/media?parent=2181"}],"wp:term":[{"taxonomy":"category","embeddable":true,"href":"https:\/\/formacionejecutiva.com.ar\/empresas\/wp-json\/wp\/v2\/categories?post=2181"},{"taxonomy":"post_tag","embeddable":true,"href":"https:\/\/formacionejecutiva.com.ar\/empresas\/wp-json\/wp\/v2\/tags?post=2181"}],"curies":[{"name":"wp","href":"https:\/\/api.w.org\/{rel}","templated":true}]}}