{"id":2353,"date":"2022-08-16T17:33:02","date_gmt":"2022-08-16T17:33:02","guid":{"rendered":"https:\/\/formacionejecutiva.com.ar\/empresas\/?p=2353"},"modified":"2022-08-16T17:33:35","modified_gmt":"2022-08-16T17:33:35","slug":"nueva-comision-directiva-de-icf-coaching-en-argentina","status":"publish","type":"post","link":"https:\/\/formacionejecutiva.com.ar\/empresas\/noticias-y-novedades\/nueva-comision-directiva-de-icf-coaching-en-argentina\/","title":{"rendered":"<b>NUEVA COMISI\u00d3N DIRECTIVA DE ICF Coaching en Argentina<\/b>"},"content":{"rendered":"<p><span style=\"font-weight: 400;\">En un encuentro presencial y virtual y con la presencia de ex presidentes del cap\u00edtulo argentino, miembros actuales del board e invitados especiales\u00a0<\/span><b>Mirna Deborah Mari\u00f1o<\/b><span style=\"font-weight: 400;\">\u00a0asumi\u00f3 como presidente del cap\u00edtulo.<\/span><\/p>\n<p><span style=\"font-weight: 400;\">En una conversaci\u00f3n amena y distendida\u00a0<\/span><b>Jos\u00e9 Estrada<\/b><span style=\"font-weight: 400;\">, en nombre de la comisi\u00f3n saliente, agradeci\u00f3 el apoyo y acompa\u00f1amiento de los socios, de los cap\u00edtulos de Latam y del representante de ICF Global S\u00e1ul Infante durante los 2 a\u00f1os de gesti\u00f3n. Adem\u00e1s realiz\u00f3 un breve balance de las acciones desarrolladas en una gesti\u00f3n desafiante que fue atravesada por la pandemia, donde se lograron realizar innumerables actividades.<\/span><\/p>\n<p><span style=\"font-weight: 400;\">Estuvo presente Dami\u00e1n Goldvarg, quien fuera presidente de International Coach Federation en el per\u00edodo 2013-2014, siendo un colaborador constante de nuestro cap\u00edtulo. Adem\u00e1s nos acompa\u00f1\u00f3 Sa\u00fal Infante, Gerente de Desarrollo Latam, Divisi\u00f3n Coaches Profesionales.<\/span><\/p>\n<p><span style=\"font-weight: 400;\">Por su parte Mirna Deborah Mari\u00f1o, junto a nueva vicepresidente Patricia Guti\u00e9rrez agradecieron a los socios la confianza depositada en esta nueva Comisi\u00f3n Directiva, resaltando que ser\u00e1 prioridad de gesti\u00f3n revalorizar y hacer cada d\u00eda m\u00e1s visible al coaching \u00e9tico y profesional como una oferta de valor para la comunidad e instaron a los presentes a ser protagonistas como coaches profesionales y acompa\u00f1ar a personas y organizaciones en sus procesos de transformaci\u00f3n.<\/span><\/p>\n<p>&nbsp;<\/p>\n<p><img decoding=\"async\" class=\"alignnone size-medium wp-image-2344\" src=\"https:\/\/formacionejecutiva.com.ar\/empresas\/wp-content\/uploads\/2022\/07\/logo_ICF-2022-300x83.png\" alt=\"\" width=\"300\" height=\"83\" srcset=\"https:\/\/formacionejecutiva.com.ar\/empresas\/wp-content\/uploads\/2022\/07\/logo_ICF-2022-300x83.png 300w, https:\/\/formacionejecutiva.com.ar\/empresas\/wp-content\/uploads\/2022\/07\/logo_ICF-2022.png 428w\" sizes=\"(max-width: 300px) 100vw, 300px\" \/><img decoding=\"async\" class=\"alignnone size-full wp-image-1352\" src=\"https:\/\/formacionejecutiva.com.ar\/empresas\/wp-content\/uploads\/2018\/12\/cropped-logo-empresas.png\" alt=\"\" width=\"255\" height=\"85\" srcset=\"https:\/\/formacionejecutiva.com.ar\/empresas\/wp-content\/uploads\/2018\/12\/cropped-logo-empresas.png 255w, https:\/\/formacionejecutiva.com.ar\/empresas\/wp-content\/uploads\/2018\/12\/cropped-logo-empresas-149x50.png 149w\" sizes=\"(max-width: 255px) 100vw, 255px\" \/><\/p>\n","protected":false},"excerpt":{"rendered":"<p>En un encuentro presencial y virtual y con la presencia de ex presidentes del cap\u00edtulo argentino, miembros actuales del board e invitados especiales\u00a0Mirna Deborah Mari\u00f1o\u00a0asumi\u00f3 como presidente del cap\u00edtulo. En una conversaci\u00f3n amena y distendida\u00a0Jos\u00e9 Estrada, en nombre de la comisi\u00f3n saliente, agradeci\u00f3 el apoyo y acompa\u00f1amiento de los socios, de los cap\u00edtulos de Latam [&hellip;]<\/p>\n","protected":false},"author":3,"featured_media":2355,"comment_status":"open","ping_status":"open","sticky":false,"template":"","format":"standard","meta":{"site-sidebar-layout":"default","site-content-layout":"default","ast-site-content-layout":"","site-content-style":"default","site-sidebar-style":"default","ast-global-header-display":"","ast-banner-title-visibility":"","ast-main-header-display":"","ast-hfb-above-header-display":"","ast-hfb-below-header-display":"","ast-hfb-mobile-header-display":"","site-post-title":"","ast-breadcrumbs-content":"","ast-featured-img":"","footer-sml-layout":"","theme-transparent-header-meta":"default","adv-header-id-meta":"","stick-header-meta":"","header-above-stick-meta":"","header-main-stick-meta":"","header-below-stick-meta":"","astra-migrate-meta-layouts":"default","ast-page-background-enabled":"default","ast-page-background-meta":{"desktop":{"background-color":"","background-image":"","background-repeat":"repeat","background-position":"center center","background-size":"auto","background-attachment":"scroll","background-type":"","background-media":"","overlay-type":"","overlay-color":"","overlay-opacity":"","overlay-gradient":""},"tablet":{"background-color":"","background-image":"","background-repeat":"repeat","background-position":"center center","background-size":"auto","background-attachment":"scroll","background-type":"","background-media":"","overlay-type":"","overlay-color":"","overlay-opacity":"","overlay-gradient":""},"mobile":{"background-color":"","background-image":"","background-repeat":"repeat","background-position":"center center","background-size":"auto","background-attachment":"scroll","background-type":"","background-media":"","overlay-type":"","overlay-color":"","overlay-opacity":"","overlay-gradient":""}},"ast-content-background-meta":{"desktop":{"background-color":"var(--ast-global-color-5)","background-image":"","background-repeat":"repeat","background-position":"center center","background-size":"auto","background-attachment":"scroll","background-type":"","background-media":"","overlay-type":"","overlay-color":"","overlay-opacity":"","overlay-gradient":""},"tablet":{"background-color":"var(--ast-global-color-5)","background-image":"","background-repeat":"repeat","background-position":"center center","background-size":"auto","background-attachment":"scroll","background-type":"","background-media":"","overlay-type":"","overlay-color":"","overlay-opacity":"","overlay-gradient":""},"mobile":{"background-color":"var(--ast-global-color-5)","background-image":"","background-repeat":"repeat","background-position":"center center","background-size":"auto","background-attachment":"scroll","background-type":"","background-media":"","overlay-type":"","overlay-color":"","overlay-opacity":"","overlay-gradient":""}},"_joinchat":[],"footnotes":""},"categories":[5],"tags":[],"class_list":["post-2353","post","type-post","status-publish","format-standard","has-post-thumbnail","hentry","category-noticias-y-novedades"],"yoast_head":"<!-- This site is optimized with the Yoast SEO plugin v23.5 - https:\/\/yoast.com\/wordpress\/plugins\/seo\/ -->\n<title>NUEVA COMISI\u00d3N DIRECTIVA DE ICF Coaching en Argentina - Formaci\u00f3n Ejecutiva<\/title>\n<meta name=\"robots\" content=\"index, follow, max-snippet:-1, max-image-preview:large, max-video-preview:-1\" \/>\n<link rel=\"canonical\" href=\"https:\/\/formacionejecutiva.com.ar\/empresas\/noticias-y-novedades\/nueva-comision-directiva-de-icf-coaching-en-argentina\/\" \/>\n<meta property=\"og:locale\" content=\"es_ES\" \/>\n<meta property=\"og:type\" content=\"article\" \/>\n<meta property=\"og:title\" content=\"NUEVA COMISI\u00d3N DIRECTIVA DE ICF Coaching en Argentina - Formaci\u00f3n Ejecutiva\" \/>\n<meta property=\"og:description\" content=\"En un encuentro presencial y virtual y con la presencia de ex presidentes del cap\u00edtulo argentino, miembros actuales del board e invitados especiales\u00a0Mirna Deborah Mari\u00f1o\u00a0asumi\u00f3 como presidente del cap\u00edtulo. En una conversaci\u00f3n amena y distendida\u00a0Jos\u00e9 Estrada, en nombre de la comisi\u00f3n saliente, agradeci\u00f3 el apoyo y acompa\u00f1amiento de los socios, de los cap\u00edtulos de Latam [&hellip;]\" \/>\n<meta property=\"og:url\" content=\"https:\/\/formacionejecutiva.com.ar\/empresas\/noticias-y-novedades\/nueva-comision-directiva-de-icf-coaching-en-argentina\/\" \/>\n<meta property=\"og:site_name\" content=\"Formaci\u00f3n Ejecutiva\" \/>\n<meta property=\"article:published_time\" content=\"2022-08-16T17:33:02+00:00\" \/>\n<meta property=\"article:modified_time\" content=\"2022-08-16T17:33:35+00:00\" \/>\n<meta property=\"og:image\" content=\"https:\/\/formacionejecutiva.com.ar\/empresas\/wp-content\/uploads\/2022\/08\/image1.jpg\" \/>\n\t<meta property=\"og:image:width\" content=\"900\" \/>\n\t<meta property=\"og:image:height\" content=\"900\" \/>\n\t<meta property=\"og:image:type\" content=\"image\/jpeg\" \/>\n<meta name=\"author\" content=\"Daniel\" \/>\n<meta name=\"twitter:card\" content=\"summary_large_image\" \/>\n<meta name=\"twitter:label1\" content=\"Escrito por\" \/>\n\t<meta name=\"twitter:data1\" content=\"Daniel\" \/>\n\t<meta name=\"twitter:label2\" content=\"Tiempo de lectura\" \/>\n\t<meta name=\"twitter:data2\" content=\"2 minutos\" \/>\n<script type=\"application\/ld+json\" class=\"yoast-schema-graph\">{\"@context\":\"https:\/\/schema.org\",\"@graph\":[{\"@type\":\"Article\",\"@id\":\"https:\/\/formacionejecutiva.com.ar\/empresas\/noticias-y-novedades\/nueva-comision-directiva-de-icf-coaching-en-argentina\/#article\",\"isPartOf\":{\"@id\":\"https:\/\/formacionejecutiva.com.ar\/empresas\/noticias-y-novedades\/nueva-comision-directiva-de-icf-coaching-en-argentina\/\"},\"author\":{\"name\":\"Daniel\",\"@id\":\"https:\/\/formacionejecutiva.com.ar\/empresas\/#\/schema\/person\/222d86c959c3db84eda961c48a5f2cb9\"},\"headline\":\"NUEVA COMISI\u00d3N DIRECTIVA DE ICF Coaching en Argentina\",\"datePublished\":\"2022-08-16T17:33:02+00:00\",\"dateModified\":\"2022-08-16T17:33:35+00:00\",\"mainEntityOfPage\":{\"@id\":\"https:\/\/formacionejecutiva.com.ar\/empresas\/noticias-y-novedades\/nueva-comision-directiva-de-icf-coaching-en-argentina\/\"},\"wordCount\":238,\"commentCount\":0,\"publisher\":{\"@id\":\"https:\/\/formacionejecutiva.com.ar\/empresas\/#organization\"},\"image\":{\"@id\":\"https:\/\/formacionejecutiva.com.ar\/empresas\/noticias-y-novedades\/nueva-comision-directiva-de-icf-coaching-en-argentina\/#primaryimage\"},\"thumbnailUrl\":\"https:\/\/formacionejecutiva.com.ar\/empresas\/wp-content\/uploads\/2022\/08\/image1.jpg\",\"articleSection\":[\"Noticias y Novedades\"],\"inLanguage\":\"es\",\"potentialAction\":[{\"@type\":\"CommentAction\",\"name\":\"Comment\",\"target\":[\"https:\/\/formacionejecutiva.com.ar\/empresas\/noticias-y-novedades\/nueva-comision-directiva-de-icf-coaching-en-argentina\/#respond\"]}]},{\"@type\":\"WebPage\",\"@id\":\"https:\/\/formacionejecutiva.com.ar\/empresas\/noticias-y-novedades\/nueva-comision-directiva-de-icf-coaching-en-argentina\/\",\"url\":\"https:\/\/formacionejecutiva.com.ar\/empresas\/noticias-y-novedades\/nueva-comision-directiva-de-icf-coaching-en-argentina\/\",\"name\":\"NUEVA COMISI\u00d3N DIRECTIVA DE ICF Coaching en Argentina - Formaci\u00f3n Ejecutiva\",\"isPartOf\":{\"@id\":\"https:\/\/formacionejecutiva.com.ar\/empresas\/#website\"},\"primaryImageOfPage\":{\"@id\":\"https:\/\/formacionejecutiva.com.ar\/empresas\/noticias-y-novedades\/nueva-comision-directiva-de-icf-coaching-en-argentina\/#primaryimage\"},\"image\":{\"@id\":\"https:\/\/formacionejecutiva.com.ar\/empresas\/noticias-y-novedades\/nueva-comision-directiva-de-icf-coaching-en-argentina\/#primaryimage\"},\"thumbnailUrl\":\"https:\/\/formacionejecutiva.com.ar\/empresas\/wp-content\/uploads\/2022\/08\/image1.jpg\",\"datePublished\":\"2022-08-16T17:33:02+00:00\",\"dateModified\":\"2022-08-16T17:33:35+00:00\",\"breadcrumb\":{\"@id\":\"https:\/\/formacionejecutiva.com.ar\/empresas\/noticias-y-novedades\/nueva-comision-directiva-de-icf-coaching-en-argentina\/#breadcrumb\"},\"inLanguage\":\"es\",\"potentialAction\":[{\"@type\":\"ReadAction\",\"target\":[\"https:\/\/formacionejecutiva.com.ar\/empresas\/noticias-y-novedades\/nueva-comision-directiva-de-icf-coaching-en-argentina\/\"]}]},{\"@type\":\"ImageObject\",\"inLanguage\":\"es\",\"@id\":\"https:\/\/formacionejecutiva.com.ar\/empresas\/noticias-y-novedades\/nueva-comision-directiva-de-icf-coaching-en-argentina\/#primaryimage\",\"url\":\"https:\/\/formacionejecutiva.com.ar\/empresas\/wp-content\/uploads\/2022\/08\/image1.jpg\",\"contentUrl\":\"https:\/\/formacionejecutiva.com.ar\/empresas\/wp-content\/uploads\/2022\/08\/image1.jpg\",\"width\":900,\"height\":900},{\"@type\":\"BreadcrumbList\",\"@id\":\"https:\/\/formacionejecutiva.com.ar\/empresas\/noticias-y-novedades\/nueva-comision-directiva-de-icf-coaching-en-argentina\/#breadcrumb\",\"itemListElement\":[{\"@type\":\"ListItem\",\"position\":1,\"name\":\"Portada\",\"item\":\"https:\/\/formacionejecutiva.com.ar\/empresas\/\"},{\"@type\":\"ListItem\",\"position\":2,\"name\":\"NUEVA COMISI\u00d3N DIRECTIVA DE ICF Coaching en Argentina\"}]},{\"@type\":\"WebSite\",\"@id\":\"https:\/\/formacionejecutiva.com.ar\/empresas\/#website\",\"url\":\"https:\/\/formacionejecutiva.com.ar\/empresas\/\",\"name\":\"Formaci\u00f3n Ejecutiva\",\"description\":\"Educaci\u00f3n para profesionales\",\"publisher\":{\"@id\":\"https:\/\/formacionejecutiva.com.ar\/empresas\/#organization\"},\"potentialAction\":[{\"@type\":\"SearchAction\",\"target\":{\"@type\":\"EntryPoint\",\"urlTemplate\":\"https:\/\/formacionejecutiva.com.ar\/empresas\/?s={search_term_string}\"},\"query-input\":{\"@type\":\"PropertyValueSpecification\",\"valueRequired\":true,\"valueName\":\"search_term_string\"}}],\"inLanguage\":\"es\"},{\"@type\":\"Organization\",\"@id\":\"https:\/\/formacionejecutiva.com.ar\/empresas\/#organization\",\"name\":\"Formaci\u00f3n Ejecutiva\",\"url\":\"https:\/\/formacionejecutiva.com.ar\/empresas\/\",\"logo\":{\"@type\":\"ImageObject\",\"inLanguage\":\"es\",\"@id\":\"https:\/\/formacionejecutiva.com.ar\/empresas\/#\/schema\/logo\/image\/\",\"url\":\"https:\/\/formacionejecutiva.com.ar\/empresas\/wp-content\/uploads\/2018\/12\/cropped-logo-empresas.png\",\"contentUrl\":\"https:\/\/formacionejecutiva.com.ar\/empresas\/wp-content\/uploads\/2018\/12\/cropped-logo-empresas.png\",\"width\":255,\"height\":85,\"caption\":\"Formaci\u00f3n Ejecutiva\"},\"image\":{\"@id\":\"https:\/\/formacionejecutiva.com.ar\/empresas\/#\/schema\/logo\/image\/\"}},{\"@type\":\"Person\",\"@id\":\"https:\/\/formacionejecutiva.com.ar\/empresas\/#\/schema\/person\/222d86c959c3db84eda961c48a5f2cb9\",\"name\":\"Daniel\",\"image\":{\"@type\":\"ImageObject\",\"inLanguage\":\"es\",\"@id\":\"https:\/\/formacionejecutiva.com.ar\/empresas\/#\/schema\/person\/image\/\",\"url\":\"https:\/\/secure.gravatar.com\/avatar\/f59506f69051255e04c867db012d50fc?s=96&d=mm&r=g\",\"contentUrl\":\"https:\/\/secure.gravatar.com\/avatar\/f59506f69051255e04c867db012d50fc?s=96&d=mm&r=g\",\"caption\":\"Daniel\"},\"url\":\"https:\/\/formacionejecutiva.com.ar\/empresas\/author\/daniel\/\"}]}<\/script>\n<!-- \/ Yoast SEO plugin. -->","yoast_head_json":{"title":"NUEVA COMISI\u00d3N DIRECTIVA DE ICF Coaching en Argentina - Formaci\u00f3n Ejecutiva","robots":{"index":"index","follow":"follow","max-snippet":"max-snippet:-1","max-image-preview":"max-image-preview:large","max-video-preview":"max-video-preview:-1"},"canonical":"https:\/\/formacionejecutiva.com.ar\/empresas\/noticias-y-novedades\/nueva-comision-directiva-de-icf-coaching-en-argentina\/","og_locale":"es_ES","og_type":"article","og_title":"NUEVA COMISI\u00d3N DIRECTIVA DE ICF Coaching en Argentina - Formaci\u00f3n Ejecutiva","og_description":"En un encuentro presencial y virtual y con la presencia de ex presidentes del cap\u00edtulo argentino, miembros actuales del board e invitados especiales\u00a0Mirna Deborah Mari\u00f1o\u00a0asumi\u00f3 como presidente del cap\u00edtulo. En una conversaci\u00f3n amena y distendida\u00a0Jos\u00e9 Estrada, en nombre de la comisi\u00f3n saliente, agradeci\u00f3 el apoyo y acompa\u00f1amiento de los socios, de los cap\u00edtulos de Latam [&hellip;]","og_url":"https:\/\/formacionejecutiva.com.ar\/empresas\/noticias-y-novedades\/nueva-comision-directiva-de-icf-coaching-en-argentina\/","og_site_name":"Formaci\u00f3n Ejecutiva","article_published_time":"2022-08-16T17:33:02+00:00","article_modified_time":"2022-08-16T17:33:35+00:00","og_image":[{"width":900,"height":900,"url":"https:\/\/formacionejecutiva.com.ar\/empresas\/wp-content\/uploads\/2022\/08\/image1.jpg","type":"image\/jpeg"}],"author":"Daniel","twitter_card":"summary_large_image","twitter_misc":{"Escrito por":"Daniel","Tiempo de lectura":"2 minutos"},"schema":{"@context":"https:\/\/schema.org","@graph":[{"@type":"Article","@id":"https:\/\/formacionejecutiva.com.ar\/empresas\/noticias-y-novedades\/nueva-comision-directiva-de-icf-coaching-en-argentina\/#article","isPartOf":{"@id":"https:\/\/formacionejecutiva.com.ar\/empresas\/noticias-y-novedades\/nueva-comision-directiva-de-icf-coaching-en-argentina\/"},"author":{"name":"Daniel","@id":"https:\/\/formacionejecutiva.com.ar\/empresas\/#\/schema\/person\/222d86c959c3db84eda961c48a5f2cb9"},"headline":"NUEVA COMISI\u00d3N DIRECTIVA DE ICF Coaching en Argentina","datePublished":"2022-08-16T17:33:02+00:00","dateModified":"2022-08-16T17:33:35+00:00","mainEntityOfPage":{"@id":"https:\/\/formacionejecutiva.com.ar\/empresas\/noticias-y-novedades\/nueva-comision-directiva-de-icf-coaching-en-argentina\/"},"wordCount":238,"commentCount":0,"publisher":{"@id":"https:\/\/formacionejecutiva.com.ar\/empresas\/#organization"},"image":{"@id":"https:\/\/formacionejecutiva.com.ar\/empresas\/noticias-y-novedades\/nueva-comision-directiva-de-icf-coaching-en-argentina\/#primaryimage"},"thumbnailUrl":"https:\/\/formacionejecutiva.com.ar\/empresas\/wp-content\/uploads\/2022\/08\/image1.jpg","articleSection":["Noticias y Novedades"],"inLanguage":"es","potentialAction":[{"@type":"CommentAction","name":"Comment","target":["https:\/\/formacionejecutiva.com.ar\/empresas\/noticias-y-novedades\/nueva-comision-directiva-de-icf-coaching-en-argentina\/#respond"]}]},{"@type":"WebPage","@id":"https:\/\/formacionejecutiva.com.ar\/empresas\/noticias-y-novedades\/nueva-comision-directiva-de-icf-coaching-en-argentina\/","url":"https:\/\/formacionejecutiva.com.ar\/empresas\/noticias-y-novedades\/nueva-comision-directiva-de-icf-coaching-en-argentina\/","name":"NUEVA COMISI\u00d3N DIRECTIVA DE ICF Coaching en Argentina - Formaci\u00f3n Ejecutiva","isPartOf":{"@id":"https:\/\/formacionejecutiva.com.ar\/empresas\/#website"},"primaryImageOfPage":{"@id":"https:\/\/formacionejecutiva.com.ar\/empresas\/noticias-y-novedades\/nueva-comision-directiva-de-icf-coaching-en-argentina\/#primaryimage"},"image":{"@id":"https:\/\/formacionejecutiva.com.ar\/empresas\/noticias-y-novedades\/nueva-comision-directiva-de-icf-coaching-en-argentina\/#primaryimage"},"thumbnailUrl":"https:\/\/formacionejecutiva.com.ar\/empresas\/wp-content\/uploads\/2022\/08\/image1.jpg","datePublished":"2022-08-16T17:33:02+00:00","dateModified":"2022-08-16T17:33:35+00:00","breadcrumb":{"@id":"https:\/\/formacionejecutiva.com.ar\/empresas\/noticias-y-novedades\/nueva-comision-directiva-de-icf-coaching-en-argentina\/#breadcrumb"},"inLanguage":"es","potentialAction":[{"@type":"ReadAction","target":["https:\/\/formacionejecutiva.com.ar\/empresas\/noticias-y-novedades\/nueva-comision-directiva-de-icf-coaching-en-argentina\/"]}]},{"@type":"ImageObject","inLanguage":"es","@id":"https:\/\/formacionejecutiva.com.ar\/empresas\/noticias-y-novedades\/nueva-comision-directiva-de-icf-coaching-en-argentina\/#primaryimage","url":"https:\/\/formacionejecutiva.com.ar\/empresas\/wp-content\/uploads\/2022\/08\/image1.jpg","contentUrl":"https:\/\/formacionejecutiva.com.ar\/empresas\/wp-content\/uploads\/2022\/08\/image1.jpg","width":900,"height":900},{"@type":"BreadcrumbList","@id":"https:\/\/formacionejecutiva.com.ar\/empresas\/noticias-y-novedades\/nueva-comision-directiva-de-icf-coaching-en-argentina\/#breadcrumb","itemListElement":[{"@type":"ListItem","position":1,"name":"Portada","item":"https:\/\/formacionejecutiva.com.ar\/empresas\/"},{"@type":"ListItem","position":2,"name":"NUEVA COMISI\u00d3N DIRECTIVA DE ICF Coaching en Argentina"}]},{"@type":"WebSite","@id":"https:\/\/formacionejecutiva.com.ar\/empresas\/#website","url":"https:\/\/formacionejecutiva.com.ar\/empresas\/","name":"Formaci\u00f3n Ejecutiva","description":"Educaci\u00f3n para profesionales","publisher":{"@id":"https:\/\/formacionejecutiva.com.ar\/empresas\/#organization"},"potentialAction":[{"@type":"SearchAction","target":{"@type":"EntryPoint","urlTemplate":"https:\/\/formacionejecutiva.com.ar\/empresas\/?s={search_term_string}"},"query-input":{"@type":"PropertyValueSpecification","valueRequired":true,"valueName":"search_term_string"}}],"inLanguage":"es"},{"@type":"Organization","@id":"https:\/\/formacionejecutiva.com.ar\/empresas\/#organization","name":"Formaci\u00f3n Ejecutiva","url":"https:\/\/formacionejecutiva.com.ar\/empresas\/","logo":{"@type":"ImageObject","inLanguage":"es","@id":"https:\/\/formacionejecutiva.com.ar\/empresas\/#\/schema\/logo\/image\/","url":"https:\/\/formacionejecutiva.com.ar\/empresas\/wp-content\/uploads\/2018\/12\/cropped-logo-empresas.png","contentUrl":"https:\/\/formacionejecutiva.com.ar\/empresas\/wp-content\/uploads\/2018\/12\/cropped-logo-empresas.png","width":255,"height":85,"caption":"Formaci\u00f3n Ejecutiva"},"image":{"@id":"https:\/\/formacionejecutiva.com.ar\/empresas\/#\/schema\/logo\/image\/"}},{"@type":"Person","@id":"https:\/\/formacionejecutiva.com.ar\/empresas\/#\/schema\/person\/222d86c959c3db84eda961c48a5f2cb9","name":"Daniel","image":{"@type":"ImageObject","inLanguage":"es","@id":"https:\/\/formacionejecutiva.com.ar\/empresas\/#\/schema\/person\/image\/","url":"https:\/\/secure.gravatar.com\/avatar\/f59506f69051255e04c867db012d50fc?s=96&d=mm&r=g","contentUrl":"https:\/\/secure.gravatar.com\/avatar\/f59506f69051255e04c867db012d50fc?s=96&d=mm&r=g","caption":"Daniel"},"url":"https:\/\/formacionejecutiva.com.ar\/empresas\/author\/daniel\/"}]}},"_links":{"self":[{"href":"https:\/\/formacionejecutiva.com.ar\/empresas\/wp-json\/wp\/v2\/posts\/2353","targetHints":{"allow":["GET"]}}],"collection":[{"href":"https:\/\/formacionejecutiva.com.ar\/empresas\/wp-json\/wp\/v2\/posts"}],"about":[{"href":"https:\/\/formacionejecutiva.com.ar\/empresas\/wp-json\/wp\/v2\/types\/post"}],"author":[{"embeddable":true,"href":"https:\/\/formacionejecutiva.com.ar\/empresas\/wp-json\/wp\/v2\/users\/3"}],"replies":[{"embeddable":true,"href":"https:\/\/formacionejecutiva.com.ar\/empresas\/wp-json\/wp\/v2\/comments?post=2353"}],"version-history":[{"count":1,"href":"https:\/\/formacionejecutiva.com.ar\/empresas\/wp-json\/wp\/v2\/posts\/2353\/revisions"}],"predecessor-version":[{"id":2354,"href":"https:\/\/formacionejecutiva.com.ar\/empresas\/wp-json\/wp\/v2\/posts\/2353\/revisions\/2354"}],"wp:featuredmedia":[{"embeddable":true,"href":"https:\/\/formacionejecutiva.com.ar\/empresas\/wp-json\/wp\/v2\/media\/2355"}],"wp:attachment":[{"href":"https:\/\/formacionejecutiva.com.ar\/empresas\/wp-json\/wp\/v2\/media?parent=2353"}],"wp:term":[{"taxonomy":"category","embeddable":true,"href":"https:\/\/formacionejecutiva.com.ar\/empresas\/wp-json\/wp\/v2\/categories?post=2353"},{"taxonomy":"post_tag","embeddable":true,"href":"https:\/\/formacionejecutiva.com.ar\/empresas\/wp-json\/wp\/v2\/tags?post=2353"}],"curies":[{"name":"wp","href":"https:\/\/api.w.org\/{rel}","templated":true}]}}