{"id":2399,"date":"2023-01-10T17:09:09","date_gmt":"2023-01-10T17:09:09","guid":{"rendered":"https:\/\/formacionejecutiva.com.ar\/empresas\/?p=2399"},"modified":"2023-01-10T17:09:09","modified_gmt":"2023-01-10T17:09:09","slug":"capacitacion-institucional-a-equipo-de-profesionales-servicio-penitenciario-de-queretaro-mexico","status":"publish","type":"post","link":"https:\/\/formacionejecutiva.com.ar\/empresas\/uncategorized\/capacitacion-institucional-a-equipo-de-profesionales-servicio-penitenciario-de-queretaro-mexico\/","title":{"rendered":"<b>CAPACITACI\u00d3N INSTITUCIONAL A EQUIPO DE PROFESIONALES SERVICIO PENITENCIARIO DE QUER\u00c9TARO, M\u00c9XICO.<\/b>"},"content":{"rendered":"<p>Finales del A\u00f1o <strong><em>2022<\/em><\/strong> integrantes del equipo de profesionales del Seervicio Penitenciario de Quer\u00e9taro se han formado en Mediaci\u00f3n Penal y Justicia Restaurativa homologado por el Minsiteriod en Justicia y Derechos Humanos de la Naci\u00f3n para incorporar herramientas de profesionalizaci\u00f3n aplicables en su desempe\u00f1o profesional.<\/p>\n<p><strong>\u00a1Continuamos en formaci\u00f3n!<\/strong><\/p>\n","protected":false},"excerpt":{"rendered":"<p>Finales del A\u00f1o 2022 integrantes del equipo de profesionales del Seervicio Penitenciario de Quer\u00e9taro se han formado en Mediaci\u00f3n Penal y Justicia Restaurativa homologado por el Minsiteriod en Justicia y Derechos Humanos de la Naci\u00f3n para incorporar herramientas de profesionalizaci\u00f3n aplicables en su desempe\u00f1o profesional. \u00a1Continuamos en formaci\u00f3n!<\/p>\n","protected":false},"author":3,"featured_media":2401,"comment_status":"open","ping_status":"open","sticky":false,"template":"","format":"standard","meta":{"site-sidebar-layout":"default","site-content-layout":"default","ast-site-content-layout":"","site-content-style":"default","site-sidebar-style":"default","ast-global-header-display":"","ast-banner-title-visibility":"","ast-main-header-display":"","ast-hfb-above-header-display":"","ast-hfb-below-header-display":"","ast-hfb-mobile-header-display":"","site-post-title":"","ast-breadcrumbs-content":"","ast-featured-img":"","footer-sml-layout":"","theme-transparent-header-meta":"default","adv-header-id-meta":"","stick-header-meta":"","header-above-stick-meta":"","header-main-stick-meta":"","header-below-stick-meta":"","astra-migrate-meta-layouts":"default","ast-page-background-enabled":"default","ast-page-background-meta":{"desktop":{"background-color":"","background-image":"","background-repeat":"repeat","background-position":"center center","background-size":"auto","background-attachment":"scroll","background-type":"","background-media":"","overlay-type":"","overlay-color":"","overlay-opacity":"","overlay-gradient":""},"tablet":{"background-color":"","background-image":"","background-repeat":"repeat","background-position":"center center","background-size":"auto","background-attachment":"scroll","background-type":"","background-media":"","overlay-type":"","overlay-color":"","overlay-opacity":"","overlay-gradient":""},"mobile":{"background-color":"","background-image":"","background-repeat":"repeat","background-position":"center center","background-size":"auto","background-attachment":"scroll","background-type":"","background-media":"","overlay-type":"","overlay-color":"","overlay-opacity":"","overlay-gradient":""}},"ast-content-background-meta":{"desktop":{"background-color":"var(--ast-global-color-5)","background-image":"","background-repeat":"repeat","background-position":"center center","background-size":"auto","background-attachment":"scroll","background-type":"","background-media":"","overlay-type":"","overlay-color":"","overlay-opacity":"","overlay-gradient":""},"tablet":{"background-color":"var(--ast-global-color-5)","background-image":"","background-repeat":"repeat","background-position":"center center","background-size":"auto","background-attachment":"scroll","background-type":"","background-media":"","overlay-type":"","overlay-color":"","overlay-opacity":"","overlay-gradient":""},"mobile":{"background-color":"var(--ast-global-color-5)","background-image":"","background-repeat":"repeat","background-position":"center center","background-size":"auto","background-attachment":"scroll","background-type":"","background-media":"","overlay-type":"","overlay-color":"","overlay-opacity":"","overlay-gradient":""}},"_joinchat":[],"footnotes":""},"categories":[1],"tags":[],"class_list":["post-2399","post","type-post","status-publish","format-standard","has-post-thumbnail","hentry","category-uncategorized"],"yoast_head":"<!-- This site is optimized with the Yoast SEO plugin v23.5 - https:\/\/yoast.com\/wordpress\/plugins\/seo\/ -->\n<title>CAPACITACI\u00d3N INSTITUCIONAL A EQUIPO DE PROFESIONALES SERVICIO PENITENCIARIO DE QUER\u00c9TARO, M\u00c9XICO. - Formaci\u00f3n Ejecutiva<\/title>\n<meta name=\"robots\" content=\"index, follow, max-snippet:-1, max-image-preview:large, max-video-preview:-1\" \/>\n<link rel=\"canonical\" href=\"https:\/\/formacionejecutiva.com.ar\/empresas\/uncategorized\/capacitacion-institucional-a-equipo-de-profesionales-servicio-penitenciario-de-queretaro-mexico\/\" \/>\n<meta property=\"og:locale\" content=\"es_ES\" \/>\n<meta property=\"og:type\" content=\"article\" \/>\n<meta property=\"og:title\" content=\"CAPACITACI\u00d3N INSTITUCIONAL A EQUIPO DE PROFESIONALES SERVICIO PENITENCIARIO DE QUER\u00c9TARO, M\u00c9XICO. - Formaci\u00f3n Ejecutiva\" \/>\n<meta property=\"og:description\" content=\"Finales del A\u00f1o 2022 integrantes del equipo de profesionales del Seervicio Penitenciario de Quer\u00e9taro se han formado en Mediaci\u00f3n Penal y Justicia Restaurativa homologado por el Minsiteriod en Justicia y Derechos Humanos de la Naci\u00f3n para incorporar herramientas de profesionalizaci\u00f3n aplicables en su desempe\u00f1o profesional. \u00a1Continuamos en formaci\u00f3n!\" \/>\n<meta property=\"og:url\" content=\"https:\/\/formacionejecutiva.com.ar\/empresas\/uncategorized\/capacitacion-institucional-a-equipo-de-profesionales-servicio-penitenciario-de-queretaro-mexico\/\" \/>\n<meta property=\"og:site_name\" content=\"Formaci\u00f3n Ejecutiva\" \/>\n<meta property=\"article:published_time\" content=\"2023-01-10T17:09:09+00:00\" \/>\n<meta property=\"og:image\" content=\"https:\/\/formacionejecutiva.com.ar\/empresas\/wp-content\/uploads\/2023\/01\/2.png\" \/>\n\t<meta property=\"og:image:width\" content=\"550\" \/>\n\t<meta property=\"og:image:height\" content=\"338\" \/>\n\t<meta property=\"og:image:type\" content=\"image\/png\" \/>\n<meta name=\"author\" content=\"Daniel\" \/>\n<meta name=\"twitter:card\" content=\"summary_large_image\" \/>\n<meta name=\"twitter:label1\" content=\"Escrito por\" \/>\n\t<meta name=\"twitter:data1\" content=\"Daniel\" \/>\n\t<meta name=\"twitter:label2\" content=\"Tiempo de lectura\" \/>\n\t<meta name=\"twitter:data2\" content=\"1 minuto\" \/>\n<script type=\"application\/ld+json\" class=\"yoast-schema-graph\">{\"@context\":\"https:\/\/schema.org\",\"@graph\":[{\"@type\":\"Article\",\"@id\":\"https:\/\/formacionejecutiva.com.ar\/empresas\/uncategorized\/capacitacion-institucional-a-equipo-de-profesionales-servicio-penitenciario-de-queretaro-mexico\/#article\",\"isPartOf\":{\"@id\":\"https:\/\/formacionejecutiva.com.ar\/empresas\/uncategorized\/capacitacion-institucional-a-equipo-de-profesionales-servicio-penitenciario-de-queretaro-mexico\/\"},\"author\":{\"name\":\"Daniel\",\"@id\":\"https:\/\/formacionejecutiva.com.ar\/empresas\/#\/schema\/person\/222d86c959c3db84eda961c48a5f2cb9\"},\"headline\":\"CAPACITACI\u00d3N INSTITUCIONAL A EQUIPO DE PROFESIONALES SERVICIO PENITENCIARIO DE QUER\u00c9TARO, M\u00c9XICO.\",\"datePublished\":\"2023-01-10T17:09:09+00:00\",\"dateModified\":\"2023-01-10T17:09:09+00:00\",\"mainEntityOfPage\":{\"@id\":\"https:\/\/formacionejecutiva.com.ar\/empresas\/uncategorized\/capacitacion-institucional-a-equipo-de-profesionales-servicio-penitenciario-de-queretaro-mexico\/\"},\"wordCount\":68,\"commentCount\":0,\"publisher\":{\"@id\":\"https:\/\/formacionejecutiva.com.ar\/empresas\/#organization\"},\"image\":{\"@id\":\"https:\/\/formacionejecutiva.com.ar\/empresas\/uncategorized\/capacitacion-institucional-a-equipo-de-profesionales-servicio-penitenciario-de-queretaro-mexico\/#primaryimage\"},\"thumbnailUrl\":\"https:\/\/formacionejecutiva.com.ar\/empresas\/wp-content\/uploads\/2023\/01\/2.png\",\"articleSection\":[\"Uncategorized\"],\"inLanguage\":\"es\",\"potentialAction\":[{\"@type\":\"CommentAction\",\"name\":\"Comment\",\"target\":[\"https:\/\/formacionejecutiva.com.ar\/empresas\/uncategorized\/capacitacion-institucional-a-equipo-de-profesionales-servicio-penitenciario-de-queretaro-mexico\/#respond\"]}]},{\"@type\":\"WebPage\",\"@id\":\"https:\/\/formacionejecutiva.com.ar\/empresas\/uncategorized\/capacitacion-institucional-a-equipo-de-profesionales-servicio-penitenciario-de-queretaro-mexico\/\",\"url\":\"https:\/\/formacionejecutiva.com.ar\/empresas\/uncategorized\/capacitacion-institucional-a-equipo-de-profesionales-servicio-penitenciario-de-queretaro-mexico\/\",\"name\":\"CAPACITACI\u00d3N INSTITUCIONAL A EQUIPO DE PROFESIONALES SERVICIO PENITENCIARIO DE QUER\u00c9TARO, M\u00c9XICO. - Formaci\u00f3n Ejecutiva\",\"isPartOf\":{\"@id\":\"https:\/\/formacionejecutiva.com.ar\/empresas\/#website\"},\"primaryImageOfPage\":{\"@id\":\"https:\/\/formacionejecutiva.com.ar\/empresas\/uncategorized\/capacitacion-institucional-a-equipo-de-profesionales-servicio-penitenciario-de-queretaro-mexico\/#primaryimage\"},\"image\":{\"@id\":\"https:\/\/formacionejecutiva.com.ar\/empresas\/uncategorized\/capacitacion-institucional-a-equipo-de-profesionales-servicio-penitenciario-de-queretaro-mexico\/#primaryimage\"},\"thumbnailUrl\":\"https:\/\/formacionejecutiva.com.ar\/empresas\/wp-content\/uploads\/2023\/01\/2.png\",\"datePublished\":\"2023-01-10T17:09:09+00:00\",\"dateModified\":\"2023-01-10T17:09:09+00:00\",\"breadcrumb\":{\"@id\":\"https:\/\/formacionejecutiva.com.ar\/empresas\/uncategorized\/capacitacion-institucional-a-equipo-de-profesionales-servicio-penitenciario-de-queretaro-mexico\/#breadcrumb\"},\"inLanguage\":\"es\",\"potentialAction\":[{\"@type\":\"ReadAction\",\"target\":[\"https:\/\/formacionejecutiva.com.ar\/empresas\/uncategorized\/capacitacion-institucional-a-equipo-de-profesionales-servicio-penitenciario-de-queretaro-mexico\/\"]}]},{\"@type\":\"ImageObject\",\"inLanguage\":\"es\",\"@id\":\"https:\/\/formacionejecutiva.com.ar\/empresas\/uncategorized\/capacitacion-institucional-a-equipo-de-profesionales-servicio-penitenciario-de-queretaro-mexico\/#primaryimage\",\"url\":\"https:\/\/formacionejecutiva.com.ar\/empresas\/wp-content\/uploads\/2023\/01\/2.png\",\"contentUrl\":\"https:\/\/formacionejecutiva.com.ar\/empresas\/wp-content\/uploads\/2023\/01\/2.png\",\"width\":550,\"height\":338},{\"@type\":\"BreadcrumbList\",\"@id\":\"https:\/\/formacionejecutiva.com.ar\/empresas\/uncategorized\/capacitacion-institucional-a-equipo-de-profesionales-servicio-penitenciario-de-queretaro-mexico\/#breadcrumb\",\"itemListElement\":[{\"@type\":\"ListItem\",\"position\":1,\"name\":\"Portada\",\"item\":\"https:\/\/formacionejecutiva.com.ar\/empresas\/\"},{\"@type\":\"ListItem\",\"position\":2,\"name\":\"CAPACITACI\u00d3N INSTITUCIONAL A EQUIPO DE PROFESIONALES SERVICIO PENITENCIARIO DE QUER\u00c9TARO, M\u00c9XICO.\"}]},{\"@type\":\"WebSite\",\"@id\":\"https:\/\/formacionejecutiva.com.ar\/empresas\/#website\",\"url\":\"https:\/\/formacionejecutiva.com.ar\/empresas\/\",\"name\":\"Formaci\u00f3n Ejecutiva\",\"description\":\"Educaci\u00f3n para profesionales\",\"publisher\":{\"@id\":\"https:\/\/formacionejecutiva.com.ar\/empresas\/#organization\"},\"potentialAction\":[{\"@type\":\"SearchAction\",\"target\":{\"@type\":\"EntryPoint\",\"urlTemplate\":\"https:\/\/formacionejecutiva.com.ar\/empresas\/?s={search_term_string}\"},\"query-input\":{\"@type\":\"PropertyValueSpecification\",\"valueRequired\":true,\"valueName\":\"search_term_string\"}}],\"inLanguage\":\"es\"},{\"@type\":\"Organization\",\"@id\":\"https:\/\/formacionejecutiva.com.ar\/empresas\/#organization\",\"name\":\"Formaci\u00f3n Ejecutiva\",\"url\":\"https:\/\/formacionejecutiva.com.ar\/empresas\/\",\"logo\":{\"@type\":\"ImageObject\",\"inLanguage\":\"es\",\"@id\":\"https:\/\/formacionejecutiva.com.ar\/empresas\/#\/schema\/logo\/image\/\",\"url\":\"https:\/\/formacionejecutiva.com.ar\/empresas\/wp-content\/uploads\/2018\/12\/cropped-logo-empresas.png\",\"contentUrl\":\"https:\/\/formacionejecutiva.com.ar\/empresas\/wp-content\/uploads\/2018\/12\/cropped-logo-empresas.png\",\"width\":255,\"height\":85,\"caption\":\"Formaci\u00f3n Ejecutiva\"},\"image\":{\"@id\":\"https:\/\/formacionejecutiva.com.ar\/empresas\/#\/schema\/logo\/image\/\"}},{\"@type\":\"Person\",\"@id\":\"https:\/\/formacionejecutiva.com.ar\/empresas\/#\/schema\/person\/222d86c959c3db84eda961c48a5f2cb9\",\"name\":\"Daniel\",\"image\":{\"@type\":\"ImageObject\",\"inLanguage\":\"es\",\"@id\":\"https:\/\/formacionejecutiva.com.ar\/empresas\/#\/schema\/person\/image\/\",\"url\":\"https:\/\/secure.gravatar.com\/avatar\/f59506f69051255e04c867db012d50fc?s=96&d=mm&r=g\",\"contentUrl\":\"https:\/\/secure.gravatar.com\/avatar\/f59506f69051255e04c867db012d50fc?s=96&d=mm&r=g\",\"caption\":\"Daniel\"},\"url\":\"https:\/\/formacionejecutiva.com.ar\/empresas\/author\/daniel\/\"}]}<\/script>\n<!-- \/ Yoast SEO plugin. -->","yoast_head_json":{"title":"CAPACITACI\u00d3N INSTITUCIONAL A EQUIPO DE PROFESIONALES SERVICIO PENITENCIARIO DE QUER\u00c9TARO, M\u00c9XICO. - Formaci\u00f3n Ejecutiva","robots":{"index":"index","follow":"follow","max-snippet":"max-snippet:-1","max-image-preview":"max-image-preview:large","max-video-preview":"max-video-preview:-1"},"canonical":"https:\/\/formacionejecutiva.com.ar\/empresas\/uncategorized\/capacitacion-institucional-a-equipo-de-profesionales-servicio-penitenciario-de-queretaro-mexico\/","og_locale":"es_ES","og_type":"article","og_title":"CAPACITACI\u00d3N INSTITUCIONAL A EQUIPO DE PROFESIONALES SERVICIO PENITENCIARIO DE QUER\u00c9TARO, M\u00c9XICO. - Formaci\u00f3n Ejecutiva","og_description":"Finales del A\u00f1o 2022 integrantes del equipo de profesionales del Seervicio Penitenciario de Quer\u00e9taro se han formado en Mediaci\u00f3n Penal y Justicia Restaurativa homologado por el Minsiteriod en Justicia y Derechos Humanos de la Naci\u00f3n para incorporar herramientas de profesionalizaci\u00f3n aplicables en su desempe\u00f1o profesional. \u00a1Continuamos en formaci\u00f3n!","og_url":"https:\/\/formacionejecutiva.com.ar\/empresas\/uncategorized\/capacitacion-institucional-a-equipo-de-profesionales-servicio-penitenciario-de-queretaro-mexico\/","og_site_name":"Formaci\u00f3n Ejecutiva","article_published_time":"2023-01-10T17:09:09+00:00","og_image":[{"width":550,"height":338,"url":"https:\/\/formacionejecutiva.com.ar\/empresas\/wp-content\/uploads\/2023\/01\/2.png","type":"image\/png"}],"author":"Daniel","twitter_card":"summary_large_image","twitter_misc":{"Escrito por":"Daniel","Tiempo de lectura":"1 minuto"},"schema":{"@context":"https:\/\/schema.org","@graph":[{"@type":"Article","@id":"https:\/\/formacionejecutiva.com.ar\/empresas\/uncategorized\/capacitacion-institucional-a-equipo-de-profesionales-servicio-penitenciario-de-queretaro-mexico\/#article","isPartOf":{"@id":"https:\/\/formacionejecutiva.com.ar\/empresas\/uncategorized\/capacitacion-institucional-a-equipo-de-profesionales-servicio-penitenciario-de-queretaro-mexico\/"},"author":{"name":"Daniel","@id":"https:\/\/formacionejecutiva.com.ar\/empresas\/#\/schema\/person\/222d86c959c3db84eda961c48a5f2cb9"},"headline":"CAPACITACI\u00d3N INSTITUCIONAL A EQUIPO DE PROFESIONALES SERVICIO PENITENCIARIO DE QUER\u00c9TARO, M\u00c9XICO.","datePublished":"2023-01-10T17:09:09+00:00","dateModified":"2023-01-10T17:09:09+00:00","mainEntityOfPage":{"@id":"https:\/\/formacionejecutiva.com.ar\/empresas\/uncategorized\/capacitacion-institucional-a-equipo-de-profesionales-servicio-penitenciario-de-queretaro-mexico\/"},"wordCount":68,"commentCount":0,"publisher":{"@id":"https:\/\/formacionejecutiva.com.ar\/empresas\/#organization"},"image":{"@id":"https:\/\/formacionejecutiva.com.ar\/empresas\/uncategorized\/capacitacion-institucional-a-equipo-de-profesionales-servicio-penitenciario-de-queretaro-mexico\/#primaryimage"},"thumbnailUrl":"https:\/\/formacionejecutiva.com.ar\/empresas\/wp-content\/uploads\/2023\/01\/2.png","articleSection":["Uncategorized"],"inLanguage":"es","potentialAction":[{"@type":"CommentAction","name":"Comment","target":["https:\/\/formacionejecutiva.com.ar\/empresas\/uncategorized\/capacitacion-institucional-a-equipo-de-profesionales-servicio-penitenciario-de-queretaro-mexico\/#respond"]}]},{"@type":"WebPage","@id":"https:\/\/formacionejecutiva.com.ar\/empresas\/uncategorized\/capacitacion-institucional-a-equipo-de-profesionales-servicio-penitenciario-de-queretaro-mexico\/","url":"https:\/\/formacionejecutiva.com.ar\/empresas\/uncategorized\/capacitacion-institucional-a-equipo-de-profesionales-servicio-penitenciario-de-queretaro-mexico\/","name":"CAPACITACI\u00d3N INSTITUCIONAL A EQUIPO DE PROFESIONALES SERVICIO PENITENCIARIO DE QUER\u00c9TARO, M\u00c9XICO. - Formaci\u00f3n Ejecutiva","isPartOf":{"@id":"https:\/\/formacionejecutiva.com.ar\/empresas\/#website"},"primaryImageOfPage":{"@id":"https:\/\/formacionejecutiva.com.ar\/empresas\/uncategorized\/capacitacion-institucional-a-equipo-de-profesionales-servicio-penitenciario-de-queretaro-mexico\/#primaryimage"},"image":{"@id":"https:\/\/formacionejecutiva.com.ar\/empresas\/uncategorized\/capacitacion-institucional-a-equipo-de-profesionales-servicio-penitenciario-de-queretaro-mexico\/#primaryimage"},"thumbnailUrl":"https:\/\/formacionejecutiva.com.ar\/empresas\/wp-content\/uploads\/2023\/01\/2.png","datePublished":"2023-01-10T17:09:09+00:00","dateModified":"2023-01-10T17:09:09+00:00","breadcrumb":{"@id":"https:\/\/formacionejecutiva.com.ar\/empresas\/uncategorized\/capacitacion-institucional-a-equipo-de-profesionales-servicio-penitenciario-de-queretaro-mexico\/#breadcrumb"},"inLanguage":"es","potentialAction":[{"@type":"ReadAction","target":["https:\/\/formacionejecutiva.com.ar\/empresas\/uncategorized\/capacitacion-institucional-a-equipo-de-profesionales-servicio-penitenciario-de-queretaro-mexico\/"]}]},{"@type":"ImageObject","inLanguage":"es","@id":"https:\/\/formacionejecutiva.com.ar\/empresas\/uncategorized\/capacitacion-institucional-a-equipo-de-profesionales-servicio-penitenciario-de-queretaro-mexico\/#primaryimage","url":"https:\/\/formacionejecutiva.com.ar\/empresas\/wp-content\/uploads\/2023\/01\/2.png","contentUrl":"https:\/\/formacionejecutiva.com.ar\/empresas\/wp-content\/uploads\/2023\/01\/2.png","width":550,"height":338},{"@type":"BreadcrumbList","@id":"https:\/\/formacionejecutiva.com.ar\/empresas\/uncategorized\/capacitacion-institucional-a-equipo-de-profesionales-servicio-penitenciario-de-queretaro-mexico\/#breadcrumb","itemListElement":[{"@type":"ListItem","position":1,"name":"Portada","item":"https:\/\/formacionejecutiva.com.ar\/empresas\/"},{"@type":"ListItem","position":2,"name":"CAPACITACI\u00d3N INSTITUCIONAL A EQUIPO DE PROFESIONALES SERVICIO PENITENCIARIO DE QUER\u00c9TARO, M\u00c9XICO."}]},{"@type":"WebSite","@id":"https:\/\/formacionejecutiva.com.ar\/empresas\/#website","url":"https:\/\/formacionejecutiva.com.ar\/empresas\/","name":"Formaci\u00f3n Ejecutiva","description":"Educaci\u00f3n para profesionales","publisher":{"@id":"https:\/\/formacionejecutiva.com.ar\/empresas\/#organization"},"potentialAction":[{"@type":"SearchAction","target":{"@type":"EntryPoint","urlTemplate":"https:\/\/formacionejecutiva.com.ar\/empresas\/?s={search_term_string}"},"query-input":{"@type":"PropertyValueSpecification","valueRequired":true,"valueName":"search_term_string"}}],"inLanguage":"es"},{"@type":"Organization","@id":"https:\/\/formacionejecutiva.com.ar\/empresas\/#organization","name":"Formaci\u00f3n Ejecutiva","url":"https:\/\/formacionejecutiva.com.ar\/empresas\/","logo":{"@type":"ImageObject","inLanguage":"es","@id":"https:\/\/formacionejecutiva.com.ar\/empresas\/#\/schema\/logo\/image\/","url":"https:\/\/formacionejecutiva.com.ar\/empresas\/wp-content\/uploads\/2018\/12\/cropped-logo-empresas.png","contentUrl":"https:\/\/formacionejecutiva.com.ar\/empresas\/wp-content\/uploads\/2018\/12\/cropped-logo-empresas.png","width":255,"height":85,"caption":"Formaci\u00f3n Ejecutiva"},"image":{"@id":"https:\/\/formacionejecutiva.com.ar\/empresas\/#\/schema\/logo\/image\/"}},{"@type":"Person","@id":"https:\/\/formacionejecutiva.com.ar\/empresas\/#\/schema\/person\/222d86c959c3db84eda961c48a5f2cb9","name":"Daniel","image":{"@type":"ImageObject","inLanguage":"es","@id":"https:\/\/formacionejecutiva.com.ar\/empresas\/#\/schema\/person\/image\/","url":"https:\/\/secure.gravatar.com\/avatar\/f59506f69051255e04c867db012d50fc?s=96&d=mm&r=g","contentUrl":"https:\/\/secure.gravatar.com\/avatar\/f59506f69051255e04c867db012d50fc?s=96&d=mm&r=g","caption":"Daniel"},"url":"https:\/\/formacionejecutiva.com.ar\/empresas\/author\/daniel\/"}]}},"_links":{"self":[{"href":"https:\/\/formacionejecutiva.com.ar\/empresas\/wp-json\/wp\/v2\/posts\/2399","targetHints":{"allow":["GET"]}}],"collection":[{"href":"https:\/\/formacionejecutiva.com.ar\/empresas\/wp-json\/wp\/v2\/posts"}],"about":[{"href":"https:\/\/formacionejecutiva.com.ar\/empresas\/wp-json\/wp\/v2\/types\/post"}],"author":[{"embeddable":true,"href":"https:\/\/formacionejecutiva.com.ar\/empresas\/wp-json\/wp\/v2\/users\/3"}],"replies":[{"embeddable":true,"href":"https:\/\/formacionejecutiva.com.ar\/empresas\/wp-json\/wp\/v2\/comments?post=2399"}],"version-history":[{"count":1,"href":"https:\/\/formacionejecutiva.com.ar\/empresas\/wp-json\/wp\/v2\/posts\/2399\/revisions"}],"predecessor-version":[{"id":2402,"href":"https:\/\/formacionejecutiva.com.ar\/empresas\/wp-json\/wp\/v2\/posts\/2399\/revisions\/2402"}],"wp:featuredmedia":[{"embeddable":true,"href":"https:\/\/formacionejecutiva.com.ar\/empresas\/wp-json\/wp\/v2\/media\/2401"}],"wp:attachment":[{"href":"https:\/\/formacionejecutiva.com.ar\/empresas\/wp-json\/wp\/v2\/media?parent=2399"}],"wp:term":[{"taxonomy":"category","embeddable":true,"href":"https:\/\/formacionejecutiva.com.ar\/empresas\/wp-json\/wp\/v2\/categories?post=2399"},{"taxonomy":"post_tag","embeddable":true,"href":"https:\/\/formacionejecutiva.com.ar\/empresas\/wp-json\/wp\/v2\/tags?post=2399"}],"curies":[{"name":"wp","href":"https:\/\/api.w.org\/{rel}","templated":true}]}}