{"id":2442,"date":"2023-06-13T11:34:12","date_gmt":"2023-06-13T11:34:12","guid":{"rendered":"https:\/\/formacionejecutiva.com.ar\/empresas\/?p=2442"},"modified":"2023-06-13T11:34:12","modified_gmt":"2023-06-13T11:34:12","slug":"avanza-la-implementacion-del-nuevo-programa-de-formacion-basica-en-mediacion-prejudicial","status":"publish","type":"post","link":"https:\/\/formacionejecutiva.com.ar\/empresas\/uncategorized\/avanza-la-implementacion-del-nuevo-programa-de-formacion-basica-en-mediacion-prejudicial\/","title":{"rendered":"<b>Avanza la implementaci\u00f3n del nuevo Programa de Formaci\u00f3n B\u00e1sica en Mediaci\u00f3n Prejudicial.<\/b>"},"content":{"rendered":"<p>La Direcci\u00f3n Nacional de Mediaci\u00f3n del Ministerio de Justicia y Derechos Humanos comenz\u00f3 a implementar el nuevo programa de formaci\u00f3n b\u00e1sica en mediaci\u00f3n aprobado por el ministro Soria durante el segundo semestre de 2022. La modificaci\u00f3n y actualizaci\u00f3n del plan de estudios b\u00e1sico creado en 1998 moderniza los procesos de mediaci\u00f3n a trav\u00e9s de la incorporaci\u00f3n de nuevas tecnolog\u00edas y aggiornando los contenidos curriculares a las nuevas problem\u00e1ticas y conflictos presentes en nuestra sociedad.<\/p>\n<p>La Direcci\u00f3n Nacional de Mediaci\u00f3n y M\u00e9todos Participativos de Resoluci\u00f3n de Conflictos (DNMYMPRC), dependiente del Ministerio de Justicia y Derechos Humanos, trabaja en la implementaci\u00f3n plena del nuevo Programa de Formaci\u00f3n B\u00e1sica en Mediaci\u00f3n Prejudicial, que moderniza la formaci\u00f3n profesional de los futuros mediadores y habilita a 38 entidades formadoras a dictar los cursos de capacitaci\u00f3n necesarios para ejercer en mediaciones pre y extrajudiciales.<\/p>\n<p>La reuni\u00f3n cont\u00f3 con la participaci\u00f3n de m\u00e1s de 65 responsables institucionales y docentes de entidades inscriptas en el Registro de Entidades Formadoras (REGEF) del Registro Nacional de Mediaci\u00f3n para abordar las implicancias de la Resoluci\u00f3n N\u00b0 593\/23, firmada el mes pasado por el ministro Martin Soria, que establece de manera definitiva los requisitos y aspectos t\u00e9cnicos para la puesta en marcha del nuevo Programa de Formaci\u00f3n.<\/p>\n<p>El plan de estudios -que sustituye al que se encontraba vigente desde 1998- se adecua a las exigencias de las pol\u00edticas p\u00fablicas vigentes, a los avances en relaci\u00f3n con los conocimientos t\u00e9cnico-te\u00f3ricos y atiende a los requerimientos formulados por las personas que atravesaron procesos de mediaci\u00f3n prejudicial.<\/p>\n<p>\u201cHoy se est\u00e1 dando un paso muy importante en la reforma y actualizaci\u00f3n de del programa de formaci\u00f3n b\u00e1sica para los y las mediadores. Dentro de las 65 entidades formadoras que formaron parte la reuni\u00f3n se encuentran 38 entidades, la mayor\u00eda de las provincias, que a partir de este momento podr\u00e1n conseguir la habilitaci\u00f3n para formar mediadores en sus provincias y permitir\u00e1 aumentar la cantidad de profesionales que se ocuparan de resolver los conflictos que se dan en nuestra sociedad en instancias previas a la judicializaci\u00f3n. Adem\u00e1s, la actualizaci\u00f3n integral del permitir\u00e1 tener m\u00e1s y mejores profesionales, casi duplicar la carga horaria de la formaci\u00f3n profesional -pasando de 100 a 180 horas de estudio- e incorporar conocimiento actualizado\u201d, expres\u00f3 el ministro Martin Soria sobre el encuentro.<\/p>\n<p>Dentro de las novedades m\u00e1s significativas, el Programa incorpora tem\u00e1ticas sensibles como la perspectiva de g\u00e9nero, aumenta la carga horaria de la formaci\u00f3n -pasando de 100 a 180 horas- e incluye conocimientos espec\u00edficos vinculados a la mediaci\u00f3n a distancia, como la utilizaci\u00f3n de las Tecnolog\u00edas de la Informaci\u00f3n y el Conocimiento (TICs). De esta manera, los futuros mediadores y mediadoras tendr\u00e1n una formaci\u00f3n acorde a las actualizaciones que el sistema de mediaci\u00f3n prejudicial incorpor\u00f3 durante los \u00faltimos a\u00f1os para hacer frente a la imposibilidad de realizar mediaciones presenciales en tiempos de pandemia. Tambi\u00e9n prev\u00e9 diferentes modalidades de dictado seg\u00fan la instancia de formaci\u00f3n, recogiendo la experiencia del dictado de cursos a distancia.<\/p>\n<p>El director de la DNMYMPRC, Patricio Ferrazzano afirm\u00f3: \u201cel proyecto atraviesa varios puntos centrales de la formaci\u00f3n b\u00e1sica, innovando en la posibilidad del dictado mixto a trav\u00e9s de las nuevas tecnolog\u00edas, experiencia que ha quedado despu\u00e9s de la pandemia y ha devenido muy \u00fatil para las nuevas formaciones, as\u00ed como en la posibilidad de que cada alumno\/a curse los seminarios de manera independiente en las entidades formadoras que entienda ser\u00e1n mejor para dicha formaci\u00f3n\u201d.<\/p>\n<p>Actualmente, de 69 Entidades Formadoras habilitadas en el REGEF solo 31 estaban autorizadas al dictado de la formaci\u00f3n b\u00e1sica en mediaci\u00f3n. Con esta nueva incorporaci\u00f3n, las 69 Entidades Formadoras inscriptas de todo el pa\u00eds podr\u00e1n formar nuevos mediadores y mediadoras con una perspectiva federal y democr\u00e1tica gracias al dise\u00f1o de seis seminarios que podr\u00e1n cursarse en cualquiera de las entidades formadoras del pa\u00eds.<\/p>\n","protected":false},"excerpt":{"rendered":"<p>La Direcci\u00f3n Nacional de Mediaci\u00f3n del Ministerio de Justicia y Derechos Humanos comenz\u00f3 a implementar el nuevo programa de formaci\u00f3n b\u00e1sica en mediaci\u00f3n aprobado por el ministro Soria durante el segundo semestre de 2022. La modificaci\u00f3n y actualizaci\u00f3n del plan de estudios b\u00e1sico creado en 1998 moderniza los procesos de mediaci\u00f3n a trav\u00e9s de la [&hellip;]<\/p>\n","protected":false},"author":3,"featured_media":2440,"comment_status":"open","ping_status":"open","sticky":false,"template":"","format":"standard","meta":{"site-sidebar-layout":"default","site-content-layout":"default","ast-site-content-layout":"","site-content-style":"default","site-sidebar-style":"default","ast-global-header-display":"","ast-banner-title-visibility":"","ast-main-header-display":"","ast-hfb-above-header-display":"","ast-hfb-below-header-display":"","ast-hfb-mobile-header-display":"","site-post-title":"","ast-breadcrumbs-content":"","ast-featured-img":"","footer-sml-layout":"","theme-transparent-header-meta":"default","adv-header-id-meta":"","stick-header-meta":"","header-above-stick-meta":"","header-main-stick-meta":"","header-below-stick-meta":"","astra-migrate-meta-layouts":"default","ast-page-background-enabled":"default","ast-page-background-meta":{"desktop":{"background-color":"","background-image":"","background-repeat":"repeat","background-position":"center center","background-size":"auto","background-attachment":"scroll","background-type":"","background-media":"","overlay-type":"","overlay-color":"","overlay-opacity":"","overlay-gradient":""},"tablet":{"background-color":"","background-image":"","background-repeat":"repeat","background-position":"center center","background-size":"auto","background-attachment":"scroll","background-type":"","background-media":"","overlay-type":"","overlay-color":"","overlay-opacity":"","overlay-gradient":""},"mobile":{"background-color":"","background-image":"","background-repeat":"repeat","background-position":"center center","background-size":"auto","background-attachment":"scroll","background-type":"","background-media":"","overlay-type":"","overlay-color":"","overlay-opacity":"","overlay-gradient":""}},"ast-content-background-meta":{"desktop":{"background-color":"var(--ast-global-color-5)","background-image":"","background-repeat":"repeat","background-position":"center center","background-size":"auto","background-attachment":"scroll","background-type":"","background-media":"","overlay-type":"","overlay-color":"","overlay-opacity":"","overlay-gradient":""},"tablet":{"background-color":"var(--ast-global-color-5)","background-image":"","background-repeat":"repeat","background-position":"center center","background-size":"auto","background-attachment":"scroll","background-type":"","background-media":"","overlay-type":"","overlay-color":"","overlay-opacity":"","overlay-gradient":""},"mobile":{"background-color":"var(--ast-global-color-5)","background-image":"","background-repeat":"repeat","background-position":"center center","background-size":"auto","background-attachment":"scroll","background-type":"","background-media":"","overlay-type":"","overlay-color":"","overlay-opacity":"","overlay-gradient":""}},"_joinchat":[],"footnotes":""},"categories":[1],"tags":[],"class_list":["post-2442","post","type-post","status-publish","format-standard","has-post-thumbnail","hentry","category-uncategorized"],"yoast_head":"<!-- This site is optimized with the Yoast SEO plugin v23.5 - https:\/\/yoast.com\/wordpress\/plugins\/seo\/ -->\n<title>Avanza la implementaci\u00f3n del nuevo Programa de Formaci\u00f3n B\u00e1sica en Mediaci\u00f3n Prejudicial. - Formaci\u00f3n Ejecutiva<\/title>\n<meta name=\"robots\" content=\"index, follow, max-snippet:-1, max-image-preview:large, max-video-preview:-1\" \/>\n<link rel=\"canonical\" href=\"https:\/\/formacionejecutiva.com.ar\/empresas\/uncategorized\/avanza-la-implementacion-del-nuevo-programa-de-formacion-basica-en-mediacion-prejudicial\/\" \/>\n<meta property=\"og:locale\" content=\"es_ES\" \/>\n<meta property=\"og:type\" content=\"article\" \/>\n<meta property=\"og:title\" content=\"Avanza la implementaci\u00f3n del nuevo Programa de Formaci\u00f3n B\u00e1sica en Mediaci\u00f3n Prejudicial. - Formaci\u00f3n Ejecutiva\" \/>\n<meta property=\"og:description\" content=\"La Direcci\u00f3n Nacional de Mediaci\u00f3n del Ministerio de Justicia y Derechos Humanos comenz\u00f3 a implementar el nuevo programa de formaci\u00f3n b\u00e1sica en mediaci\u00f3n aprobado por el ministro Soria durante el segundo semestre de 2022. La modificaci\u00f3n y actualizaci\u00f3n del plan de estudios b\u00e1sico creado en 1998 moderniza los procesos de mediaci\u00f3n a trav\u00e9s de la [&hellip;]\" \/>\n<meta property=\"og:url\" content=\"https:\/\/formacionejecutiva.com.ar\/empresas\/uncategorized\/avanza-la-implementacion-del-nuevo-programa-de-formacion-basica-en-mediacion-prejudicial\/\" \/>\n<meta property=\"og:site_name\" content=\"Formaci\u00f3n Ejecutiva\" \/>\n<meta property=\"article:published_time\" content=\"2023-06-13T11:34:12+00:00\" \/>\n<meta property=\"og:image\" content=\"https:\/\/formacionejecutiva.com.ar\/empresas\/wp-content\/uploads\/2023\/01\/whatsapp_image_2023-06-08_at_11.06.15_b.jpeg\" \/>\n\t<meta property=\"og:image:width\" content=\"624\" \/>\n\t<meta property=\"og:image:height\" content=\"373\" \/>\n\t<meta property=\"og:image:type\" content=\"image\/jpeg\" \/>\n<meta name=\"author\" content=\"Daniel\" \/>\n<meta name=\"twitter:card\" content=\"summary_large_image\" \/>\n<meta name=\"twitter:label1\" content=\"Escrito por\" \/>\n\t<meta name=\"twitter:data1\" content=\"Daniel\" \/>\n\t<meta name=\"twitter:label2\" content=\"Tiempo de lectura\" \/>\n\t<meta name=\"twitter:data2\" content=\"3 minutos\" \/>\n<script type=\"application\/ld+json\" class=\"yoast-schema-graph\">{\"@context\":\"https:\/\/schema.org\",\"@graph\":[{\"@type\":\"Article\",\"@id\":\"https:\/\/formacionejecutiva.com.ar\/empresas\/uncategorized\/avanza-la-implementacion-del-nuevo-programa-de-formacion-basica-en-mediacion-prejudicial\/#article\",\"isPartOf\":{\"@id\":\"https:\/\/formacionejecutiva.com.ar\/empresas\/uncategorized\/avanza-la-implementacion-del-nuevo-programa-de-formacion-basica-en-mediacion-prejudicial\/\"},\"author\":{\"name\":\"Daniel\",\"@id\":\"https:\/\/formacionejecutiva.com.ar\/empresas\/#\/schema\/person\/222d86c959c3db84eda961c48a5f2cb9\"},\"headline\":\"Avanza la implementaci\u00f3n del nuevo Programa de Formaci\u00f3n B\u00e1sica en Mediaci\u00f3n Prejudicial.\",\"datePublished\":\"2023-06-13T11:34:12+00:00\",\"dateModified\":\"2023-06-13T11:34:12+00:00\",\"mainEntityOfPage\":{\"@id\":\"https:\/\/formacionejecutiva.com.ar\/empresas\/uncategorized\/avanza-la-implementacion-del-nuevo-programa-de-formacion-basica-en-mediacion-prejudicial\/\"},\"wordCount\":711,\"commentCount\":0,\"publisher\":{\"@id\":\"https:\/\/formacionejecutiva.com.ar\/empresas\/#organization\"},\"image\":{\"@id\":\"https:\/\/formacionejecutiva.com.ar\/empresas\/uncategorized\/avanza-la-implementacion-del-nuevo-programa-de-formacion-basica-en-mediacion-prejudicial\/#primaryimage\"},\"thumbnailUrl\":\"https:\/\/formacionejecutiva.com.ar\/empresas\/wp-content\/uploads\/2023\/01\/whatsapp_image_2023-06-08_at_11.06.15_b.jpeg\",\"articleSection\":[\"Uncategorized\"],\"inLanguage\":\"es\",\"potentialAction\":[{\"@type\":\"CommentAction\",\"name\":\"Comment\",\"target\":[\"https:\/\/formacionejecutiva.com.ar\/empresas\/uncategorized\/avanza-la-implementacion-del-nuevo-programa-de-formacion-basica-en-mediacion-prejudicial\/#respond\"]}]},{\"@type\":\"WebPage\",\"@id\":\"https:\/\/formacionejecutiva.com.ar\/empresas\/uncategorized\/avanza-la-implementacion-del-nuevo-programa-de-formacion-basica-en-mediacion-prejudicial\/\",\"url\":\"https:\/\/formacionejecutiva.com.ar\/empresas\/uncategorized\/avanza-la-implementacion-del-nuevo-programa-de-formacion-basica-en-mediacion-prejudicial\/\",\"name\":\"Avanza la implementaci\u00f3n del nuevo Programa de Formaci\u00f3n B\u00e1sica en Mediaci\u00f3n Prejudicial. - Formaci\u00f3n Ejecutiva\",\"isPartOf\":{\"@id\":\"https:\/\/formacionejecutiva.com.ar\/empresas\/#website\"},\"primaryImageOfPage\":{\"@id\":\"https:\/\/formacionejecutiva.com.ar\/empresas\/uncategorized\/avanza-la-implementacion-del-nuevo-programa-de-formacion-basica-en-mediacion-prejudicial\/#primaryimage\"},\"image\":{\"@id\":\"https:\/\/formacionejecutiva.com.ar\/empresas\/uncategorized\/avanza-la-implementacion-del-nuevo-programa-de-formacion-basica-en-mediacion-prejudicial\/#primaryimage\"},\"thumbnailUrl\":\"https:\/\/formacionejecutiva.com.ar\/empresas\/wp-content\/uploads\/2023\/01\/whatsapp_image_2023-06-08_at_11.06.15_b.jpeg\",\"datePublished\":\"2023-06-13T11:34:12+00:00\",\"dateModified\":\"2023-06-13T11:34:12+00:00\",\"breadcrumb\":{\"@id\":\"https:\/\/formacionejecutiva.com.ar\/empresas\/uncategorized\/avanza-la-implementacion-del-nuevo-programa-de-formacion-basica-en-mediacion-prejudicial\/#breadcrumb\"},\"inLanguage\":\"es\",\"potentialAction\":[{\"@type\":\"ReadAction\",\"target\":[\"https:\/\/formacionejecutiva.com.ar\/empresas\/uncategorized\/avanza-la-implementacion-del-nuevo-programa-de-formacion-basica-en-mediacion-prejudicial\/\"]}]},{\"@type\":\"ImageObject\",\"inLanguage\":\"es\",\"@id\":\"https:\/\/formacionejecutiva.com.ar\/empresas\/uncategorized\/avanza-la-implementacion-del-nuevo-programa-de-formacion-basica-en-mediacion-prejudicial\/#primaryimage\",\"url\":\"https:\/\/formacionejecutiva.com.ar\/empresas\/wp-content\/uploads\/2023\/01\/whatsapp_image_2023-06-08_at_11.06.15_b.jpeg\",\"contentUrl\":\"https:\/\/formacionejecutiva.com.ar\/empresas\/wp-content\/uploads\/2023\/01\/whatsapp_image_2023-06-08_at_11.06.15_b.jpeg\",\"width\":624,\"height\":373},{\"@type\":\"BreadcrumbList\",\"@id\":\"https:\/\/formacionejecutiva.com.ar\/empresas\/uncategorized\/avanza-la-implementacion-del-nuevo-programa-de-formacion-basica-en-mediacion-prejudicial\/#breadcrumb\",\"itemListElement\":[{\"@type\":\"ListItem\",\"position\":1,\"name\":\"Portada\",\"item\":\"https:\/\/formacionejecutiva.com.ar\/empresas\/\"},{\"@type\":\"ListItem\",\"position\":2,\"name\":\"Avanza la implementaci\u00f3n del nuevo Programa de Formaci\u00f3n B\u00e1sica en Mediaci\u00f3n Prejudicial.\"}]},{\"@type\":\"WebSite\",\"@id\":\"https:\/\/formacionejecutiva.com.ar\/empresas\/#website\",\"url\":\"https:\/\/formacionejecutiva.com.ar\/empresas\/\",\"name\":\"Formaci\u00f3n Ejecutiva\",\"description\":\"Educaci\u00f3n para profesionales\",\"publisher\":{\"@id\":\"https:\/\/formacionejecutiva.com.ar\/empresas\/#organization\"},\"potentialAction\":[{\"@type\":\"SearchAction\",\"target\":{\"@type\":\"EntryPoint\",\"urlTemplate\":\"https:\/\/formacionejecutiva.com.ar\/empresas\/?s={search_term_string}\"},\"query-input\":{\"@type\":\"PropertyValueSpecification\",\"valueRequired\":true,\"valueName\":\"search_term_string\"}}],\"inLanguage\":\"es\"},{\"@type\":\"Organization\",\"@id\":\"https:\/\/formacionejecutiva.com.ar\/empresas\/#organization\",\"name\":\"Formaci\u00f3n Ejecutiva\",\"url\":\"https:\/\/formacionejecutiva.com.ar\/empresas\/\",\"logo\":{\"@type\":\"ImageObject\",\"inLanguage\":\"es\",\"@id\":\"https:\/\/formacionejecutiva.com.ar\/empresas\/#\/schema\/logo\/image\/\",\"url\":\"https:\/\/formacionejecutiva.com.ar\/empresas\/wp-content\/uploads\/2018\/12\/cropped-logo-empresas.png\",\"contentUrl\":\"https:\/\/formacionejecutiva.com.ar\/empresas\/wp-content\/uploads\/2018\/12\/cropped-logo-empresas.png\",\"width\":255,\"height\":85,\"caption\":\"Formaci\u00f3n Ejecutiva\"},\"image\":{\"@id\":\"https:\/\/formacionejecutiva.com.ar\/empresas\/#\/schema\/logo\/image\/\"}},{\"@type\":\"Person\",\"@id\":\"https:\/\/formacionejecutiva.com.ar\/empresas\/#\/schema\/person\/222d86c959c3db84eda961c48a5f2cb9\",\"name\":\"Daniel\",\"image\":{\"@type\":\"ImageObject\",\"inLanguage\":\"es\",\"@id\":\"https:\/\/formacionejecutiva.com.ar\/empresas\/#\/schema\/person\/image\/\",\"url\":\"https:\/\/secure.gravatar.com\/avatar\/f59506f69051255e04c867db012d50fc?s=96&d=mm&r=g\",\"contentUrl\":\"https:\/\/secure.gravatar.com\/avatar\/f59506f69051255e04c867db012d50fc?s=96&d=mm&r=g\",\"caption\":\"Daniel\"},\"url\":\"https:\/\/formacionejecutiva.com.ar\/empresas\/author\/daniel\/\"}]}<\/script>\n<!-- \/ Yoast SEO plugin. -->","yoast_head_json":{"title":"Avanza la implementaci\u00f3n del nuevo Programa de Formaci\u00f3n B\u00e1sica en Mediaci\u00f3n Prejudicial. - Formaci\u00f3n Ejecutiva","robots":{"index":"index","follow":"follow","max-snippet":"max-snippet:-1","max-image-preview":"max-image-preview:large","max-video-preview":"max-video-preview:-1"},"canonical":"https:\/\/formacionejecutiva.com.ar\/empresas\/uncategorized\/avanza-la-implementacion-del-nuevo-programa-de-formacion-basica-en-mediacion-prejudicial\/","og_locale":"es_ES","og_type":"article","og_title":"Avanza la implementaci\u00f3n del nuevo Programa de Formaci\u00f3n B\u00e1sica en Mediaci\u00f3n Prejudicial. - Formaci\u00f3n Ejecutiva","og_description":"La Direcci\u00f3n Nacional de Mediaci\u00f3n del Ministerio de Justicia y Derechos Humanos comenz\u00f3 a implementar el nuevo programa de formaci\u00f3n b\u00e1sica en mediaci\u00f3n aprobado por el ministro Soria durante el segundo semestre de 2022. La modificaci\u00f3n y actualizaci\u00f3n del plan de estudios b\u00e1sico creado en 1998 moderniza los procesos de mediaci\u00f3n a trav\u00e9s de la [&hellip;]","og_url":"https:\/\/formacionejecutiva.com.ar\/empresas\/uncategorized\/avanza-la-implementacion-del-nuevo-programa-de-formacion-basica-en-mediacion-prejudicial\/","og_site_name":"Formaci\u00f3n Ejecutiva","article_published_time":"2023-06-13T11:34:12+00:00","og_image":[{"width":624,"height":373,"url":"https:\/\/formacionejecutiva.com.ar\/empresas\/wp-content\/uploads\/2023\/01\/whatsapp_image_2023-06-08_at_11.06.15_b.jpeg","type":"image\/jpeg"}],"author":"Daniel","twitter_card":"summary_large_image","twitter_misc":{"Escrito por":"Daniel","Tiempo de lectura":"3 minutos"},"schema":{"@context":"https:\/\/schema.org","@graph":[{"@type":"Article","@id":"https:\/\/formacionejecutiva.com.ar\/empresas\/uncategorized\/avanza-la-implementacion-del-nuevo-programa-de-formacion-basica-en-mediacion-prejudicial\/#article","isPartOf":{"@id":"https:\/\/formacionejecutiva.com.ar\/empresas\/uncategorized\/avanza-la-implementacion-del-nuevo-programa-de-formacion-basica-en-mediacion-prejudicial\/"},"author":{"name":"Daniel","@id":"https:\/\/formacionejecutiva.com.ar\/empresas\/#\/schema\/person\/222d86c959c3db84eda961c48a5f2cb9"},"headline":"Avanza la implementaci\u00f3n del nuevo Programa de Formaci\u00f3n B\u00e1sica en Mediaci\u00f3n Prejudicial.","datePublished":"2023-06-13T11:34:12+00:00","dateModified":"2023-06-13T11:34:12+00:00","mainEntityOfPage":{"@id":"https:\/\/formacionejecutiva.com.ar\/empresas\/uncategorized\/avanza-la-implementacion-del-nuevo-programa-de-formacion-basica-en-mediacion-prejudicial\/"},"wordCount":711,"commentCount":0,"publisher":{"@id":"https:\/\/formacionejecutiva.com.ar\/empresas\/#organization"},"image":{"@id":"https:\/\/formacionejecutiva.com.ar\/empresas\/uncategorized\/avanza-la-implementacion-del-nuevo-programa-de-formacion-basica-en-mediacion-prejudicial\/#primaryimage"},"thumbnailUrl":"https:\/\/formacionejecutiva.com.ar\/empresas\/wp-content\/uploads\/2023\/01\/whatsapp_image_2023-06-08_at_11.06.15_b.jpeg","articleSection":["Uncategorized"],"inLanguage":"es","potentialAction":[{"@type":"CommentAction","name":"Comment","target":["https:\/\/formacionejecutiva.com.ar\/empresas\/uncategorized\/avanza-la-implementacion-del-nuevo-programa-de-formacion-basica-en-mediacion-prejudicial\/#respond"]}]},{"@type":"WebPage","@id":"https:\/\/formacionejecutiva.com.ar\/empresas\/uncategorized\/avanza-la-implementacion-del-nuevo-programa-de-formacion-basica-en-mediacion-prejudicial\/","url":"https:\/\/formacionejecutiva.com.ar\/empresas\/uncategorized\/avanza-la-implementacion-del-nuevo-programa-de-formacion-basica-en-mediacion-prejudicial\/","name":"Avanza la implementaci\u00f3n del nuevo Programa de Formaci\u00f3n B\u00e1sica en Mediaci\u00f3n Prejudicial. - Formaci\u00f3n Ejecutiva","isPartOf":{"@id":"https:\/\/formacionejecutiva.com.ar\/empresas\/#website"},"primaryImageOfPage":{"@id":"https:\/\/formacionejecutiva.com.ar\/empresas\/uncategorized\/avanza-la-implementacion-del-nuevo-programa-de-formacion-basica-en-mediacion-prejudicial\/#primaryimage"},"image":{"@id":"https:\/\/formacionejecutiva.com.ar\/empresas\/uncategorized\/avanza-la-implementacion-del-nuevo-programa-de-formacion-basica-en-mediacion-prejudicial\/#primaryimage"},"thumbnailUrl":"https:\/\/formacionejecutiva.com.ar\/empresas\/wp-content\/uploads\/2023\/01\/whatsapp_image_2023-06-08_at_11.06.15_b.jpeg","datePublished":"2023-06-13T11:34:12+00:00","dateModified":"2023-06-13T11:34:12+00:00","breadcrumb":{"@id":"https:\/\/formacionejecutiva.com.ar\/empresas\/uncategorized\/avanza-la-implementacion-del-nuevo-programa-de-formacion-basica-en-mediacion-prejudicial\/#breadcrumb"},"inLanguage":"es","potentialAction":[{"@type":"ReadAction","target":["https:\/\/formacionejecutiva.com.ar\/empresas\/uncategorized\/avanza-la-implementacion-del-nuevo-programa-de-formacion-basica-en-mediacion-prejudicial\/"]}]},{"@type":"ImageObject","inLanguage":"es","@id":"https:\/\/formacionejecutiva.com.ar\/empresas\/uncategorized\/avanza-la-implementacion-del-nuevo-programa-de-formacion-basica-en-mediacion-prejudicial\/#primaryimage","url":"https:\/\/formacionejecutiva.com.ar\/empresas\/wp-content\/uploads\/2023\/01\/whatsapp_image_2023-06-08_at_11.06.15_b.jpeg","contentUrl":"https:\/\/formacionejecutiva.com.ar\/empresas\/wp-content\/uploads\/2023\/01\/whatsapp_image_2023-06-08_at_11.06.15_b.jpeg","width":624,"height":373},{"@type":"BreadcrumbList","@id":"https:\/\/formacionejecutiva.com.ar\/empresas\/uncategorized\/avanza-la-implementacion-del-nuevo-programa-de-formacion-basica-en-mediacion-prejudicial\/#breadcrumb","itemListElement":[{"@type":"ListItem","position":1,"name":"Portada","item":"https:\/\/formacionejecutiva.com.ar\/empresas\/"},{"@type":"ListItem","position":2,"name":"Avanza la implementaci\u00f3n del nuevo Programa de Formaci\u00f3n B\u00e1sica en Mediaci\u00f3n Prejudicial."}]},{"@type":"WebSite","@id":"https:\/\/formacionejecutiva.com.ar\/empresas\/#website","url":"https:\/\/formacionejecutiva.com.ar\/empresas\/","name":"Formaci\u00f3n Ejecutiva","description":"Educaci\u00f3n para profesionales","publisher":{"@id":"https:\/\/formacionejecutiva.com.ar\/empresas\/#organization"},"potentialAction":[{"@type":"SearchAction","target":{"@type":"EntryPoint","urlTemplate":"https:\/\/formacionejecutiva.com.ar\/empresas\/?s={search_term_string}"},"query-input":{"@type":"PropertyValueSpecification","valueRequired":true,"valueName":"search_term_string"}}],"inLanguage":"es"},{"@type":"Organization","@id":"https:\/\/formacionejecutiva.com.ar\/empresas\/#organization","name":"Formaci\u00f3n Ejecutiva","url":"https:\/\/formacionejecutiva.com.ar\/empresas\/","logo":{"@type":"ImageObject","inLanguage":"es","@id":"https:\/\/formacionejecutiva.com.ar\/empresas\/#\/schema\/logo\/image\/","url":"https:\/\/formacionejecutiva.com.ar\/empresas\/wp-content\/uploads\/2018\/12\/cropped-logo-empresas.png","contentUrl":"https:\/\/formacionejecutiva.com.ar\/empresas\/wp-content\/uploads\/2018\/12\/cropped-logo-empresas.png","width":255,"height":85,"caption":"Formaci\u00f3n Ejecutiva"},"image":{"@id":"https:\/\/formacionejecutiva.com.ar\/empresas\/#\/schema\/logo\/image\/"}},{"@type":"Person","@id":"https:\/\/formacionejecutiva.com.ar\/empresas\/#\/schema\/person\/222d86c959c3db84eda961c48a5f2cb9","name":"Daniel","image":{"@type":"ImageObject","inLanguage":"es","@id":"https:\/\/formacionejecutiva.com.ar\/empresas\/#\/schema\/person\/image\/","url":"https:\/\/secure.gravatar.com\/avatar\/f59506f69051255e04c867db012d50fc?s=96&d=mm&r=g","contentUrl":"https:\/\/secure.gravatar.com\/avatar\/f59506f69051255e04c867db012d50fc?s=96&d=mm&r=g","caption":"Daniel"},"url":"https:\/\/formacionejecutiva.com.ar\/empresas\/author\/daniel\/"}]}},"_links":{"self":[{"href":"https:\/\/formacionejecutiva.com.ar\/empresas\/wp-json\/wp\/v2\/posts\/2442","targetHints":{"allow":["GET"]}}],"collection":[{"href":"https:\/\/formacionejecutiva.com.ar\/empresas\/wp-json\/wp\/v2\/posts"}],"about":[{"href":"https:\/\/formacionejecutiva.com.ar\/empresas\/wp-json\/wp\/v2\/types\/post"}],"author":[{"embeddable":true,"href":"https:\/\/formacionejecutiva.com.ar\/empresas\/wp-json\/wp\/v2\/users\/3"}],"replies":[{"embeddable":true,"href":"https:\/\/formacionejecutiva.com.ar\/empresas\/wp-json\/wp\/v2\/comments?post=2442"}],"version-history":[{"count":1,"href":"https:\/\/formacionejecutiva.com.ar\/empresas\/wp-json\/wp\/v2\/posts\/2442\/revisions"}],"predecessor-version":[{"id":2443,"href":"https:\/\/formacionejecutiva.com.ar\/empresas\/wp-json\/wp\/v2\/posts\/2442\/revisions\/2443"}],"wp:featuredmedia":[{"embeddable":true,"href":"https:\/\/formacionejecutiva.com.ar\/empresas\/wp-json\/wp\/v2\/media\/2440"}],"wp:attachment":[{"href":"https:\/\/formacionejecutiva.com.ar\/empresas\/wp-json\/wp\/v2\/media?parent=2442"}],"wp:term":[{"taxonomy":"category","embeddable":true,"href":"https:\/\/formacionejecutiva.com.ar\/empresas\/wp-json\/wp\/v2\/categories?post=2442"},{"taxonomy":"post_tag","embeddable":true,"href":"https:\/\/formacionejecutiva.com.ar\/empresas\/wp-json\/wp\/v2\/tags?post=2442"}],"curies":[{"name":"wp","href":"https:\/\/api.w.org\/{rel}","templated":true}]}}