{"id":2444,"date":"2023-06-13T11:36:39","date_gmt":"2023-06-13T11:36:39","guid":{"rendered":"https:\/\/formacionejecutiva.com.ar\/empresas\/?p=2444"},"modified":"2023-06-13T11:36:39","modified_gmt":"2023-06-13T11:36:39","slug":"soria-inauguro-el-primer-congreso-argentino-de-justicia-y-practicas-restaurativas","status":"publish","type":"post","link":"https:\/\/formacionejecutiva.com.ar\/empresas\/uncategorized\/soria-inauguro-el-primer-congreso-argentino-de-justicia-y-practicas-restaurativas\/","title":{"rendered":"<b>Soria inaugur\u00f3 el Primer Congreso Argentino de Justicia y Pr\u00e1cticas Restaurativas.<\/b>"},"content":{"rendered":"<p>El Congreso es el resultado del trabajo colaborativo de organismos e instituciones con trayectoria en la resoluci\u00f3n pac\u00edfica de conflictos y el dise\u00f1o de propuestas de justicia y pr\u00e1cticas restaurativas. Junto al Ministro de Justicia y Derechos Humanos, participaron tambi\u00e9n el intendente de Avellaneda, Jorge Ferrarresi, y el secretario nacional de ni\u00f1ez, adolescencia y familia, Gabriel Lerner.<\/p>\n<p>El ministro de Justicia y Derechos Humanos de la Naci\u00f3n, Mart\u00edn Soria, particip\u00f3 de la apertura del Primer Congreso Argentino de Justicia y Pr\u00e1cticas Restaurativas \u201cUn paradigma de humanizaci\u00f3n de las relaciones sociales\u201d, que se lleva a cabo en el Centro Municipal Arte de Avellaneda y en el Centro Cultural \u201cAmigo N\u00e9stor Kirchner\u201d de Ezeiza, del 8 al 10 de junio.<\/p>\n<p>\u201cHablar de justicia restaurativa hace veinte, treinta a\u00f1os, era hablar de una utop\u00eda pr\u00e1cticamente. Eso, por suerte, cambi\u00f3. La justicia restaurativa te da una mirada mucho m\u00e1s humana, una resoluci\u00f3n mucho m\u00e1s eficaz, m\u00e1s cercana para el vecino, para el conciudadano de a pie, y tambi\u00e9n mucho m\u00e1s democr\u00e1tica. Algo tan necesario en estos tiempos, donde casi el ochenta y cinco por ciento de los ciudadanos de a pie desconf\u00eda del Poder judicial y las respuestas que puede llegar a dar\u201d, enfatiz\u00f3 Soria.<\/p>\n<p>El objetivo del Congreso es constituir un espacio de referencia para el an\u00e1lisis y la promoci\u00f3n de pol\u00edticas, saberes y metodolog\u00edas sobre la justicia y las pr\u00e1cticas restaurativas. A su vez, se propone impulsar el intercambio experiencias positivas propiciando el debate y la reflexi\u00f3n sobre el campo de la Justicia y las Pr\u00e1cticas Restaurativas, identificar y socializar buenas pr\u00e1cticas restaurativas en distintos \u00e1mbitos y contextos de aplicaci\u00f3n a nivel nacional, y promover la articulaci\u00f3n entre la academia, las pol\u00edticas p\u00fablicas y las organizaciones sociales para el dise\u00f1o y la puesta en marcha de acciones, proyectos, programas de justicia y pr\u00e1cticas restaurativas.<\/p>\n<p>Los ejes tem\u00e1ticos que se tratar\u00e1n a lo largo de los tres d\u00edas del Congreso son: Justicia Restaurativa, Derechos Humanos y Cultura de Paz; Justicia y Pr\u00e1cticas Restaurativas en adolescencias y Juventudes; Justicia ind\u00edgena o pluralismo jur\u00eddico; Contextos de encierro y Justicia Restaurativa; Pr\u00e1cticas Restaurativas Educativas y Formaci\u00f3n y desarrollo profesional en la materia, entre otros. Las tres jornadas ser\u00e1n transmitidas por streaming a trav\u00e9s del canal de Youtube del Ministerio de Justicia y Derechos Humanos.<\/p>\n<p>El intendente de Avellaneda, Jorge Ferraresi, manifest\u00f3 que \u201cen estos tiempos en que se debate tanto la presencia del Estado, quienes gobernamos tenemos que crear pol\u00edticas universales. Desde la soledad de un municipio es dif\u00edcil, por eso es necesario articular las pol\u00edticas p\u00fablicas con los tres niveles de gobierno: nacional, provincial y municipal\u201d.<\/p>\n<p>Por su parte, el secretario Nacional de Ni\u00f1ez, Adolescencia y Familia del Ministerio de Desarrollo Social, Gabriel Lerner, explic\u00f3 que \u201choy hay cientos y cientos de operadores del campo de la infancia capacitados en justicia restaurativa, hay proyectos de asistencia t\u00e9cnica, hay investigaciones de algunas experiencias concretas desarrolladas, hay una firme convicci\u00f3n que la justicia restaurativa puede ser un aporte a la cultura de la paz, y en el caso particular de los pibes y las pibas, puede ser un buen ant\u00eddoto contra el punitivismo\u201d. Y agreg\u00f3 \u201chay todo un movimiento dentro del campo de la infancia que entiende que el conflicto penal no debe resolverse con una perspectiva retribucionista, sino con una perspectiva socioeducativa, de cambio subjetivo, de integraci\u00f3n\u201d.<\/p>\n<p>La co-organizaci\u00f3n del Congreso estuvo a cargo de la Direcci\u00f3n Nacional de Mediaci\u00f3n y M\u00e9todos Participativos de Resoluci\u00f3n de Conflictos y la Direcci\u00f3n Nacional de Pol\u00edtica Criminal en materia de Justicia y Legislaci\u00f3n Penal del Ministerio de Justicia y Derechos Humanos, la Direcci\u00f3n Nacional para Adolescentes Infractores a la Ley Penal de la Secretar\u00eda Nacional de Ni\u00f1ez, Adolescencia y Familia del Ministerio de Desarrollo Social de la Naci\u00f3n, el Centro Internacional de Estudios sobre Democracia y Paz Social, la Universidad Cat\u00f3lica Argentina de Salta y la Universidad Nacional de Lan\u00fas, la Defensor\u00eda del Pueblo de la provincia de Santa Fe, la Defensor\u00eda Provincial de Ni\u00f1as, Ni\u00f1os y Adolescentes, la Defensor\u00eda General de Lomas de Zamora, la Defensor\u00eda del Pueblo de la provincia de Buenos Aires, la Defensor\u00eda General del Poder Judicial del Chaco y la Fundaci\u00f3n Latinoamericana Objetivo 16.<\/p>\n","protected":false},"excerpt":{"rendered":"<p>El Congreso es el resultado del trabajo colaborativo de organismos e instituciones con trayectoria en la resoluci\u00f3n pac\u00edfica de conflictos y el dise\u00f1o de propuestas de justicia y pr\u00e1cticas restaurativas. Junto al Ministro de Justicia y Derechos Humanos, participaron tambi\u00e9n el intendente de Avellaneda, Jorge Ferrarresi, y el secretario nacional de ni\u00f1ez, adolescencia y familia, [&hellip;]<\/p>\n","protected":false},"author":3,"featured_media":2445,"comment_status":"open","ping_status":"open","sticky":false,"template":"","format":"standard","meta":{"site-sidebar-layout":"default","site-content-layout":"default","ast-site-content-layout":"","site-content-style":"default","site-sidebar-style":"default","ast-global-header-display":"","ast-banner-title-visibility":"","ast-main-header-display":"","ast-hfb-above-header-display":"","ast-hfb-below-header-display":"","ast-hfb-mobile-header-display":"","site-post-title":"","ast-breadcrumbs-content":"","ast-featured-img":"","footer-sml-layout":"","theme-transparent-header-meta":"default","adv-header-id-meta":"","stick-header-meta":"","header-above-stick-meta":"","header-main-stick-meta":"","header-below-stick-meta":"","astra-migrate-meta-layouts":"default","ast-page-background-enabled":"default","ast-page-background-meta":{"desktop":{"background-color":"","background-image":"","background-repeat":"repeat","background-position":"center center","background-size":"auto","background-attachment":"scroll","background-type":"","background-media":"","overlay-type":"","overlay-color":"","overlay-opacity":"","overlay-gradient":""},"tablet":{"background-color":"","background-image":"","background-repeat":"repeat","background-position":"center center","background-size":"auto","background-attachment":"scroll","background-type":"","background-media":"","overlay-type":"","overlay-color":"","overlay-opacity":"","overlay-gradient":""},"mobile":{"background-color":"","background-image":"","background-repeat":"repeat","background-position":"center center","background-size":"auto","background-attachment":"scroll","background-type":"","background-media":"","overlay-type":"","overlay-color":"","overlay-opacity":"","overlay-gradient":""}},"ast-content-background-meta":{"desktop":{"background-color":"var(--ast-global-color-5)","background-image":"","background-repeat":"repeat","background-position":"center center","background-size":"auto","background-attachment":"scroll","background-type":"","background-media":"","overlay-type":"","overlay-color":"","overlay-opacity":"","overlay-gradient":""},"tablet":{"background-color":"var(--ast-global-color-5)","background-image":"","background-repeat":"repeat","background-position":"center center","background-size":"auto","background-attachment":"scroll","background-type":"","background-media":"","overlay-type":"","overlay-color":"","overlay-opacity":"","overlay-gradient":""},"mobile":{"background-color":"var(--ast-global-color-5)","background-image":"","background-repeat":"repeat","background-position":"center center","background-size":"auto","background-attachment":"scroll","background-type":"","background-media":"","overlay-type":"","overlay-color":"","overlay-opacity":"","overlay-gradient":""}},"_joinchat":[],"footnotes":""},"categories":[1],"tags":[],"class_list":["post-2444","post","type-post","status-publish","format-standard","has-post-thumbnail","hentry","category-uncategorized"],"yoast_head":"<!-- This site is optimized with the Yoast SEO plugin v23.5 - https:\/\/yoast.com\/wordpress\/plugins\/seo\/ -->\n<title>Soria inaugur\u00f3 el Primer Congreso Argentino de Justicia y Pr\u00e1cticas Restaurativas. - Formaci\u00f3n Ejecutiva<\/title>\n<meta name=\"robots\" content=\"index, follow, max-snippet:-1, max-image-preview:large, max-video-preview:-1\" \/>\n<link rel=\"canonical\" href=\"https:\/\/formacionejecutiva.com.ar\/empresas\/uncategorized\/soria-inauguro-el-primer-congreso-argentino-de-justicia-y-practicas-restaurativas\/\" \/>\n<meta property=\"og:locale\" content=\"es_ES\" \/>\n<meta property=\"og:type\" content=\"article\" \/>\n<meta property=\"og:title\" content=\"Soria inaugur\u00f3 el Primer Congreso Argentino de Justicia y Pr\u00e1cticas Restaurativas. - Formaci\u00f3n Ejecutiva\" \/>\n<meta property=\"og:description\" content=\"El Congreso es el resultado del trabajo colaborativo de organismos e instituciones con trayectoria en la resoluci\u00f3n pac\u00edfica de conflictos y el dise\u00f1o de propuestas de justicia y pr\u00e1cticas restaurativas. Junto al Ministro de Justicia y Derechos Humanos, participaron tambi\u00e9n el intendente de Avellaneda, Jorge Ferrarresi, y el secretario nacional de ni\u00f1ez, adolescencia y familia, [&hellip;]\" \/>\n<meta property=\"og:url\" content=\"https:\/\/formacionejecutiva.com.ar\/empresas\/uncategorized\/soria-inauguro-el-primer-congreso-argentino-de-justicia-y-practicas-restaurativas\/\" \/>\n<meta property=\"og:site_name\" content=\"Formaci\u00f3n Ejecutiva\" \/>\n<meta property=\"article:published_time\" content=\"2023-06-13T11:36:39+00:00\" \/>\n<meta property=\"og:image\" content=\"https:\/\/formacionejecutiva.com.ar\/empresas\/wp-content\/uploads\/2023\/06\/whatsapp_image_2023-06-09_at_10.33.50_a.jpeg\" \/>\n\t<meta property=\"og:image:width\" content=\"1600\" \/>\n\t<meta property=\"og:image:height\" content=\"1068\" \/>\n\t<meta property=\"og:image:type\" content=\"image\/jpeg\" \/>\n<meta name=\"author\" content=\"Daniel\" \/>\n<meta name=\"twitter:card\" content=\"summary_large_image\" \/>\n<meta name=\"twitter:label1\" content=\"Escrito por\" \/>\n\t<meta name=\"twitter:data1\" content=\"Daniel\" \/>\n\t<meta name=\"twitter:label2\" content=\"Tiempo de lectura\" \/>\n\t<meta name=\"twitter:data2\" content=\"4 minutos\" \/>\n<script type=\"application\/ld+json\" class=\"yoast-schema-graph\">{\"@context\":\"https:\/\/schema.org\",\"@graph\":[{\"@type\":\"Article\",\"@id\":\"https:\/\/formacionejecutiva.com.ar\/empresas\/uncategorized\/soria-inauguro-el-primer-congreso-argentino-de-justicia-y-practicas-restaurativas\/#article\",\"isPartOf\":{\"@id\":\"https:\/\/formacionejecutiva.com.ar\/empresas\/uncategorized\/soria-inauguro-el-primer-congreso-argentino-de-justicia-y-practicas-restaurativas\/\"},\"author\":{\"name\":\"Daniel\",\"@id\":\"https:\/\/formacionejecutiva.com.ar\/empresas\/#\/schema\/person\/222d86c959c3db84eda961c48a5f2cb9\"},\"headline\":\"Soria inaugur\u00f3 el Primer Congreso Argentino de Justicia y Pr\u00e1cticas Restaurativas.\",\"datePublished\":\"2023-06-13T11:36:39+00:00\",\"dateModified\":\"2023-06-13T11:36:39+00:00\",\"mainEntityOfPage\":{\"@id\":\"https:\/\/formacionejecutiva.com.ar\/empresas\/uncategorized\/soria-inauguro-el-primer-congreso-argentino-de-justicia-y-practicas-restaurativas\/\"},\"wordCount\":776,\"commentCount\":0,\"publisher\":{\"@id\":\"https:\/\/formacionejecutiva.com.ar\/empresas\/#organization\"},\"image\":{\"@id\":\"https:\/\/formacionejecutiva.com.ar\/empresas\/uncategorized\/soria-inauguro-el-primer-congreso-argentino-de-justicia-y-practicas-restaurativas\/#primaryimage\"},\"thumbnailUrl\":\"https:\/\/formacionejecutiva.com.ar\/empresas\/wp-content\/uploads\/2023\/06\/whatsapp_image_2023-06-09_at_10.33.50_a.jpeg\",\"articleSection\":[\"Uncategorized\"],\"inLanguage\":\"es\",\"potentialAction\":[{\"@type\":\"CommentAction\",\"name\":\"Comment\",\"target\":[\"https:\/\/formacionejecutiva.com.ar\/empresas\/uncategorized\/soria-inauguro-el-primer-congreso-argentino-de-justicia-y-practicas-restaurativas\/#respond\"]}]},{\"@type\":\"WebPage\",\"@id\":\"https:\/\/formacionejecutiva.com.ar\/empresas\/uncategorized\/soria-inauguro-el-primer-congreso-argentino-de-justicia-y-practicas-restaurativas\/\",\"url\":\"https:\/\/formacionejecutiva.com.ar\/empresas\/uncategorized\/soria-inauguro-el-primer-congreso-argentino-de-justicia-y-practicas-restaurativas\/\",\"name\":\"Soria inaugur\u00f3 el Primer Congreso Argentino de Justicia y Pr\u00e1cticas Restaurativas. - Formaci\u00f3n Ejecutiva\",\"isPartOf\":{\"@id\":\"https:\/\/formacionejecutiva.com.ar\/empresas\/#website\"},\"primaryImageOfPage\":{\"@id\":\"https:\/\/formacionejecutiva.com.ar\/empresas\/uncategorized\/soria-inauguro-el-primer-congreso-argentino-de-justicia-y-practicas-restaurativas\/#primaryimage\"},\"image\":{\"@id\":\"https:\/\/formacionejecutiva.com.ar\/empresas\/uncategorized\/soria-inauguro-el-primer-congreso-argentino-de-justicia-y-practicas-restaurativas\/#primaryimage\"},\"thumbnailUrl\":\"https:\/\/formacionejecutiva.com.ar\/empresas\/wp-content\/uploads\/2023\/06\/whatsapp_image_2023-06-09_at_10.33.50_a.jpeg\",\"datePublished\":\"2023-06-13T11:36:39+00:00\",\"dateModified\":\"2023-06-13T11:36:39+00:00\",\"breadcrumb\":{\"@id\":\"https:\/\/formacionejecutiva.com.ar\/empresas\/uncategorized\/soria-inauguro-el-primer-congreso-argentino-de-justicia-y-practicas-restaurativas\/#breadcrumb\"},\"inLanguage\":\"es\",\"potentialAction\":[{\"@type\":\"ReadAction\",\"target\":[\"https:\/\/formacionejecutiva.com.ar\/empresas\/uncategorized\/soria-inauguro-el-primer-congreso-argentino-de-justicia-y-practicas-restaurativas\/\"]}]},{\"@type\":\"ImageObject\",\"inLanguage\":\"es\",\"@id\":\"https:\/\/formacionejecutiva.com.ar\/empresas\/uncategorized\/soria-inauguro-el-primer-congreso-argentino-de-justicia-y-practicas-restaurativas\/#primaryimage\",\"url\":\"https:\/\/formacionejecutiva.com.ar\/empresas\/wp-content\/uploads\/2023\/06\/whatsapp_image_2023-06-09_at_10.33.50_a.jpeg\",\"contentUrl\":\"https:\/\/formacionejecutiva.com.ar\/empresas\/wp-content\/uploads\/2023\/06\/whatsapp_image_2023-06-09_at_10.33.50_a.jpeg\",\"width\":1600,\"height\":1068},{\"@type\":\"BreadcrumbList\",\"@id\":\"https:\/\/formacionejecutiva.com.ar\/empresas\/uncategorized\/soria-inauguro-el-primer-congreso-argentino-de-justicia-y-practicas-restaurativas\/#breadcrumb\",\"itemListElement\":[{\"@type\":\"ListItem\",\"position\":1,\"name\":\"Portada\",\"item\":\"https:\/\/formacionejecutiva.com.ar\/empresas\/\"},{\"@type\":\"ListItem\",\"position\":2,\"name\":\"Soria inaugur\u00f3 el Primer Congreso Argentino de Justicia y Pr\u00e1cticas Restaurativas.\"}]},{\"@type\":\"WebSite\",\"@id\":\"https:\/\/formacionejecutiva.com.ar\/empresas\/#website\",\"url\":\"https:\/\/formacionejecutiva.com.ar\/empresas\/\",\"name\":\"Formaci\u00f3n Ejecutiva\",\"description\":\"Educaci\u00f3n para profesionales\",\"publisher\":{\"@id\":\"https:\/\/formacionejecutiva.com.ar\/empresas\/#organization\"},\"potentialAction\":[{\"@type\":\"SearchAction\",\"target\":{\"@type\":\"EntryPoint\",\"urlTemplate\":\"https:\/\/formacionejecutiva.com.ar\/empresas\/?s={search_term_string}\"},\"query-input\":{\"@type\":\"PropertyValueSpecification\",\"valueRequired\":true,\"valueName\":\"search_term_string\"}}],\"inLanguage\":\"es\"},{\"@type\":\"Organization\",\"@id\":\"https:\/\/formacionejecutiva.com.ar\/empresas\/#organization\",\"name\":\"Formaci\u00f3n Ejecutiva\",\"url\":\"https:\/\/formacionejecutiva.com.ar\/empresas\/\",\"logo\":{\"@type\":\"ImageObject\",\"inLanguage\":\"es\",\"@id\":\"https:\/\/formacionejecutiva.com.ar\/empresas\/#\/schema\/logo\/image\/\",\"url\":\"https:\/\/formacionejecutiva.com.ar\/empresas\/wp-content\/uploads\/2018\/12\/cropped-logo-empresas.png\",\"contentUrl\":\"https:\/\/formacionejecutiva.com.ar\/empresas\/wp-content\/uploads\/2018\/12\/cropped-logo-empresas.png\",\"width\":255,\"height\":85,\"caption\":\"Formaci\u00f3n Ejecutiva\"},\"image\":{\"@id\":\"https:\/\/formacionejecutiva.com.ar\/empresas\/#\/schema\/logo\/image\/\"}},{\"@type\":\"Person\",\"@id\":\"https:\/\/formacionejecutiva.com.ar\/empresas\/#\/schema\/person\/222d86c959c3db84eda961c48a5f2cb9\",\"name\":\"Daniel\",\"image\":{\"@type\":\"ImageObject\",\"inLanguage\":\"es\",\"@id\":\"https:\/\/formacionejecutiva.com.ar\/empresas\/#\/schema\/person\/image\/\",\"url\":\"https:\/\/secure.gravatar.com\/avatar\/f59506f69051255e04c867db012d50fc?s=96&d=mm&r=g\",\"contentUrl\":\"https:\/\/secure.gravatar.com\/avatar\/f59506f69051255e04c867db012d50fc?s=96&d=mm&r=g\",\"caption\":\"Daniel\"},\"url\":\"https:\/\/formacionejecutiva.com.ar\/empresas\/author\/daniel\/\"}]}<\/script>\n<!-- \/ Yoast SEO plugin. -->","yoast_head_json":{"title":"Soria inaugur\u00f3 el Primer Congreso Argentino de Justicia y Pr\u00e1cticas Restaurativas. - Formaci\u00f3n Ejecutiva","robots":{"index":"index","follow":"follow","max-snippet":"max-snippet:-1","max-image-preview":"max-image-preview:large","max-video-preview":"max-video-preview:-1"},"canonical":"https:\/\/formacionejecutiva.com.ar\/empresas\/uncategorized\/soria-inauguro-el-primer-congreso-argentino-de-justicia-y-practicas-restaurativas\/","og_locale":"es_ES","og_type":"article","og_title":"Soria inaugur\u00f3 el Primer Congreso Argentino de Justicia y Pr\u00e1cticas Restaurativas. - Formaci\u00f3n Ejecutiva","og_description":"El Congreso es el resultado del trabajo colaborativo de organismos e instituciones con trayectoria en la resoluci\u00f3n pac\u00edfica de conflictos y el dise\u00f1o de propuestas de justicia y pr\u00e1cticas restaurativas. Junto al Ministro de Justicia y Derechos Humanos, participaron tambi\u00e9n el intendente de Avellaneda, Jorge Ferrarresi, y el secretario nacional de ni\u00f1ez, adolescencia y familia, [&hellip;]","og_url":"https:\/\/formacionejecutiva.com.ar\/empresas\/uncategorized\/soria-inauguro-el-primer-congreso-argentino-de-justicia-y-practicas-restaurativas\/","og_site_name":"Formaci\u00f3n Ejecutiva","article_published_time":"2023-06-13T11:36:39+00:00","og_image":[{"width":1600,"height":1068,"url":"https:\/\/formacionejecutiva.com.ar\/empresas\/wp-content\/uploads\/2023\/06\/whatsapp_image_2023-06-09_at_10.33.50_a.jpeg","type":"image\/jpeg"}],"author":"Daniel","twitter_card":"summary_large_image","twitter_misc":{"Escrito por":"Daniel","Tiempo de lectura":"4 minutos"},"schema":{"@context":"https:\/\/schema.org","@graph":[{"@type":"Article","@id":"https:\/\/formacionejecutiva.com.ar\/empresas\/uncategorized\/soria-inauguro-el-primer-congreso-argentino-de-justicia-y-practicas-restaurativas\/#article","isPartOf":{"@id":"https:\/\/formacionejecutiva.com.ar\/empresas\/uncategorized\/soria-inauguro-el-primer-congreso-argentino-de-justicia-y-practicas-restaurativas\/"},"author":{"name":"Daniel","@id":"https:\/\/formacionejecutiva.com.ar\/empresas\/#\/schema\/person\/222d86c959c3db84eda961c48a5f2cb9"},"headline":"Soria inaugur\u00f3 el Primer Congreso Argentino de Justicia y Pr\u00e1cticas Restaurativas.","datePublished":"2023-06-13T11:36:39+00:00","dateModified":"2023-06-13T11:36:39+00:00","mainEntityOfPage":{"@id":"https:\/\/formacionejecutiva.com.ar\/empresas\/uncategorized\/soria-inauguro-el-primer-congreso-argentino-de-justicia-y-practicas-restaurativas\/"},"wordCount":776,"commentCount":0,"publisher":{"@id":"https:\/\/formacionejecutiva.com.ar\/empresas\/#organization"},"image":{"@id":"https:\/\/formacionejecutiva.com.ar\/empresas\/uncategorized\/soria-inauguro-el-primer-congreso-argentino-de-justicia-y-practicas-restaurativas\/#primaryimage"},"thumbnailUrl":"https:\/\/formacionejecutiva.com.ar\/empresas\/wp-content\/uploads\/2023\/06\/whatsapp_image_2023-06-09_at_10.33.50_a.jpeg","articleSection":["Uncategorized"],"inLanguage":"es","potentialAction":[{"@type":"CommentAction","name":"Comment","target":["https:\/\/formacionejecutiva.com.ar\/empresas\/uncategorized\/soria-inauguro-el-primer-congreso-argentino-de-justicia-y-practicas-restaurativas\/#respond"]}]},{"@type":"WebPage","@id":"https:\/\/formacionejecutiva.com.ar\/empresas\/uncategorized\/soria-inauguro-el-primer-congreso-argentino-de-justicia-y-practicas-restaurativas\/","url":"https:\/\/formacionejecutiva.com.ar\/empresas\/uncategorized\/soria-inauguro-el-primer-congreso-argentino-de-justicia-y-practicas-restaurativas\/","name":"Soria inaugur\u00f3 el Primer Congreso Argentino de Justicia y Pr\u00e1cticas Restaurativas. - Formaci\u00f3n Ejecutiva","isPartOf":{"@id":"https:\/\/formacionejecutiva.com.ar\/empresas\/#website"},"primaryImageOfPage":{"@id":"https:\/\/formacionejecutiva.com.ar\/empresas\/uncategorized\/soria-inauguro-el-primer-congreso-argentino-de-justicia-y-practicas-restaurativas\/#primaryimage"},"image":{"@id":"https:\/\/formacionejecutiva.com.ar\/empresas\/uncategorized\/soria-inauguro-el-primer-congreso-argentino-de-justicia-y-practicas-restaurativas\/#primaryimage"},"thumbnailUrl":"https:\/\/formacionejecutiva.com.ar\/empresas\/wp-content\/uploads\/2023\/06\/whatsapp_image_2023-06-09_at_10.33.50_a.jpeg","datePublished":"2023-06-13T11:36:39+00:00","dateModified":"2023-06-13T11:36:39+00:00","breadcrumb":{"@id":"https:\/\/formacionejecutiva.com.ar\/empresas\/uncategorized\/soria-inauguro-el-primer-congreso-argentino-de-justicia-y-practicas-restaurativas\/#breadcrumb"},"inLanguage":"es","potentialAction":[{"@type":"ReadAction","target":["https:\/\/formacionejecutiva.com.ar\/empresas\/uncategorized\/soria-inauguro-el-primer-congreso-argentino-de-justicia-y-practicas-restaurativas\/"]}]},{"@type":"ImageObject","inLanguage":"es","@id":"https:\/\/formacionejecutiva.com.ar\/empresas\/uncategorized\/soria-inauguro-el-primer-congreso-argentino-de-justicia-y-practicas-restaurativas\/#primaryimage","url":"https:\/\/formacionejecutiva.com.ar\/empresas\/wp-content\/uploads\/2023\/06\/whatsapp_image_2023-06-09_at_10.33.50_a.jpeg","contentUrl":"https:\/\/formacionejecutiva.com.ar\/empresas\/wp-content\/uploads\/2023\/06\/whatsapp_image_2023-06-09_at_10.33.50_a.jpeg","width":1600,"height":1068},{"@type":"BreadcrumbList","@id":"https:\/\/formacionejecutiva.com.ar\/empresas\/uncategorized\/soria-inauguro-el-primer-congreso-argentino-de-justicia-y-practicas-restaurativas\/#breadcrumb","itemListElement":[{"@type":"ListItem","position":1,"name":"Portada","item":"https:\/\/formacionejecutiva.com.ar\/empresas\/"},{"@type":"ListItem","position":2,"name":"Soria inaugur\u00f3 el Primer Congreso Argentino de Justicia y Pr\u00e1cticas Restaurativas."}]},{"@type":"WebSite","@id":"https:\/\/formacionejecutiva.com.ar\/empresas\/#website","url":"https:\/\/formacionejecutiva.com.ar\/empresas\/","name":"Formaci\u00f3n Ejecutiva","description":"Educaci\u00f3n para profesionales","publisher":{"@id":"https:\/\/formacionejecutiva.com.ar\/empresas\/#organization"},"potentialAction":[{"@type":"SearchAction","target":{"@type":"EntryPoint","urlTemplate":"https:\/\/formacionejecutiva.com.ar\/empresas\/?s={search_term_string}"},"query-input":{"@type":"PropertyValueSpecification","valueRequired":true,"valueName":"search_term_string"}}],"inLanguage":"es"},{"@type":"Organization","@id":"https:\/\/formacionejecutiva.com.ar\/empresas\/#organization","name":"Formaci\u00f3n Ejecutiva","url":"https:\/\/formacionejecutiva.com.ar\/empresas\/","logo":{"@type":"ImageObject","inLanguage":"es","@id":"https:\/\/formacionejecutiva.com.ar\/empresas\/#\/schema\/logo\/image\/","url":"https:\/\/formacionejecutiva.com.ar\/empresas\/wp-content\/uploads\/2018\/12\/cropped-logo-empresas.png","contentUrl":"https:\/\/formacionejecutiva.com.ar\/empresas\/wp-content\/uploads\/2018\/12\/cropped-logo-empresas.png","width":255,"height":85,"caption":"Formaci\u00f3n Ejecutiva"},"image":{"@id":"https:\/\/formacionejecutiva.com.ar\/empresas\/#\/schema\/logo\/image\/"}},{"@type":"Person","@id":"https:\/\/formacionejecutiva.com.ar\/empresas\/#\/schema\/person\/222d86c959c3db84eda961c48a5f2cb9","name":"Daniel","image":{"@type":"ImageObject","inLanguage":"es","@id":"https:\/\/formacionejecutiva.com.ar\/empresas\/#\/schema\/person\/image\/","url":"https:\/\/secure.gravatar.com\/avatar\/f59506f69051255e04c867db012d50fc?s=96&d=mm&r=g","contentUrl":"https:\/\/secure.gravatar.com\/avatar\/f59506f69051255e04c867db012d50fc?s=96&d=mm&r=g","caption":"Daniel"},"url":"https:\/\/formacionejecutiva.com.ar\/empresas\/author\/daniel\/"}]}},"_links":{"self":[{"href":"https:\/\/formacionejecutiva.com.ar\/empresas\/wp-json\/wp\/v2\/posts\/2444","targetHints":{"allow":["GET"]}}],"collection":[{"href":"https:\/\/formacionejecutiva.com.ar\/empresas\/wp-json\/wp\/v2\/posts"}],"about":[{"href":"https:\/\/formacionejecutiva.com.ar\/empresas\/wp-json\/wp\/v2\/types\/post"}],"author":[{"embeddable":true,"href":"https:\/\/formacionejecutiva.com.ar\/empresas\/wp-json\/wp\/v2\/users\/3"}],"replies":[{"embeddable":true,"href":"https:\/\/formacionejecutiva.com.ar\/empresas\/wp-json\/wp\/v2\/comments?post=2444"}],"version-history":[{"count":1,"href":"https:\/\/formacionejecutiva.com.ar\/empresas\/wp-json\/wp\/v2\/posts\/2444\/revisions"}],"predecessor-version":[{"id":2446,"href":"https:\/\/formacionejecutiva.com.ar\/empresas\/wp-json\/wp\/v2\/posts\/2444\/revisions\/2446"}],"wp:featuredmedia":[{"embeddable":true,"href":"https:\/\/formacionejecutiva.com.ar\/empresas\/wp-json\/wp\/v2\/media\/2445"}],"wp:attachment":[{"href":"https:\/\/formacionejecutiva.com.ar\/empresas\/wp-json\/wp\/v2\/media?parent=2444"}],"wp:term":[{"taxonomy":"category","embeddable":true,"href":"https:\/\/formacionejecutiva.com.ar\/empresas\/wp-json\/wp\/v2\/categories?post=2444"},{"taxonomy":"post_tag","embeddable":true,"href":"https:\/\/formacionejecutiva.com.ar\/empresas\/wp-json\/wp\/v2\/tags?post=2444"}],"curies":[{"name":"wp","href":"https:\/\/api.w.org\/{rel}","templated":true}]}}